{"id":424009,"date":"2012-11-07T00:04:18","date_gmt":"2012-11-07T05:04:18","guid":{"rendered":"http:\/\/diarioelpopular.com\/?p=424009"},"modified":"2012-11-07T00:04:18","modified_gmt":"2012-11-07T05:04:18","slug":"canada-finiquito-acuerdo-nuclear-de-uranio-con-india","status":"publish","type":"post","link":"https:\/\/diarioelpopular.com\/index.php\/2012\/11\/07\/canada-finiquito-acuerdo-nuclear-de-uranio-con-india\/","title":{"rendered":"Canad\u00e1 finiquit\u00f3 acuerdo nuclear de uranio con India"},"content":{"rendered":"<div id=\"attachment_424011\" style=\"width: 710px\" class=\"wp-caption aligncenter\"><a href=\"https:\/\/diarioelpopular.com\/wp-content\/uploads\/2012\/11\/web.1.12.jpg\"><img loading=\"lazy\" decoding=\"async\" aria-describedby=\"caption-attachment-424011\" class=\"size-full wp-image-424011\" title=\"web.1.1\" src=\"https:\/\/diarioelpopular.com\/wp-content\/uploads\/2012\/11\/web.1.12.jpg\" alt=\"\" width=\"700\" height=\"420\" \/><\/a><p id=\"caption-attachment-424011\" class=\"wp-caption-text\">El Presidente de India, Pranad Mukherjee, recibi\u00f3 al Primer Ministro de Canad\u00e1, Stephen Harper, en su visita oficial de 6 d\u00edas.<\/p><\/div>\n<p><strong><em>NEW DELHI (India).-<\/em><\/strong> El Primer Ministro Canadiense, Stephen Harper, y su hom\u00f3logo de la India, Manmohan Singh, anunciaron que finalmente alcanzaron un acuerdo nuclear que permitir\u00e1 a las compa\u00f1\u00edas canadienses enviar uranio a esta naci\u00f3n del sur de Asia requerida de energ\u00eda.<\/p>\n<p>El acuerdo de cooperaci\u00f3n nuclear fue firmado hace dos a\u00f1os entre las dos naciones, pero su aplicaci\u00f3n efectiva se hab\u00eda estancado en detalles. Canad\u00e1 hab\u00eda solicitado una mayor supervisi\u00f3n del proceso, algo que India hab\u00eda resistido.<\/p>\n<p>Ahora, una comisi\u00f3n mixta velar\u00e1 para que Canad\u00e1 tenga el seguimiento requerido.<\/p>\n<p>Los gobernantes de ambos pa\u00edses ten\u00edan previsto anunciar la finalizaci\u00f3n del acuerdo administrativo en un acto en Hyderabad House, un antiguo edificio real ahora sede del gobierno indio. Tambi\u00e9n firmaron un convenio de seguridad social que protege a las empresas de los dos pa\u00edses del doble pago de pensiones y prestaciones.<\/p>\n<p>Harper expres\u00f3 que Canad\u00e1 estaba satisfecho con los pesos y contrapesos que se pone en el trato. El Primer Ministro se refiri\u00f3 a otros temas del comercio, incluidos algunos que directamente relacionados con la comunidad indo-canadiense.<\/p>\n<p>El gobierno de la India, una vez m\u00e1s presion\u00f3 a Canad\u00e1 para estar en guardia ante el extremismo Sikh, un aviso que llega en momentos cuando indo-canadienses piden justicia por la masacre 1984.<\/p>\n<p>El Ministro Indio de Estado para Asuntos Exteriores, Preneet Kaur, plante\u00f3 la cuesti\u00f3n del extremismo, durante una reuni\u00f3n con el Primer Ministro Stephen Harper y funcionarios de los dos pa\u00edses.<\/p>\n<p>Harper se encuentra en una visita de seis d\u00edas a la India, principalmente centrado en el comercio y la inversi\u00f3n.<\/p>\n<p>&#8220;El Primer Ministro, plante\u00f3 otro tema de gran preocupaci\u00f3n, que fue el renacimiento de la ret\u00f3rica anti-India en Canad\u00e1 y estamos en el estado de Punjab, que estamos muy contentos de que va a visitar&#8230;&#8221; dijo Kaur refiri\u00e9ndose a su pr\u00f3xima parada en Chandigarh.<br \/>\n\u201cNo era la primera vez que India ha planteado esta situaci\u00f3n con Canad\u00e1\u201d, dijo el Ministro de Asuntos Exteriores, John Baird, quien tambi\u00e9n escuch\u00f3 las preocupaciones del gobierno indio durante una visita a principios de este a\u00f1o, y el Congreso Indio de Ultramar ha ido tan lejos como para acusar a los pol\u00edticos canadienses de origen indio de ignorar el tema.<\/p>\n<p>Kaur fue probablemente refiri\u00e9ndose a banderas y sellos en British Columbia, que llevan la bandera Khalistan en los desfiles y en los templos. Khalistan es el nombre del proyecto de estado sij independiente, y los bolsillos de la comunidad indo-canadiense apoyan la idea.<\/p>\n<p>En el bombardeo de 1985 de un avi\u00f3n de Air India que mat\u00f3 a 331 personas, la polic\u00eda determin\u00f3 que hab\u00eda sido orquestada por extremistas sijs en Canad\u00e1.<\/p>\n<p>Cientos de Sikhs protestaron en Parliament Hill en marzo contra la sentencia de pena de muerte de un reconocido terrorista sij Rajoana, Balwant Singh.<\/p>\n<p>Harper respondi\u00f3 a Kaur diciendo que Canad\u00e1 es partidario de una India unida, calificando el movimiento pro-Khalistan como marginal. &#8220;Esta es una opini\u00f3n que es compartida no s\u00f3lo ampliamente en Canad\u00e1, pero muy corriente entre nuestra comunidad India-Canadiense&#8221;, dijo Harper.<\/p>\n<p>&#8220;Tenemos m\u00e1s de un mill\u00f3n de personas que remontan sus or\u00edgenes hasta el subcontinente indio y en medio de mi delegaci\u00f3n en este viaje son un n\u00famero considerable de prominente indo-canadienses, y sin duda el apoyo a los grandes avances que India ha hecho durante la \u00faltima generaci\u00f3n es pr\u00e1cticamente universal&#8221;.<\/p>\n<p>Pero la presi\u00f3n del gobierno indio sobre el tema ha sido mal recibida en Canad\u00e1 por algunos miembros de la comunidad indo-canadiense e incluso la oposici\u00f3n federal, sobre todo cuando se toma en el contexto de la masacre de noviembre 1984 a m\u00e1s de 3.000 sijs.<\/p>\n<p>Harper tambi\u00e9n se reuni\u00f3 con el Primer Ministro Indio, Manmohan Singh, durante una ceremonia oficial en Rashtrapati Bhavan, antigua sede del virrey brit\u00e1nico de la India.<\/p>\n<p>El enorme edificio, rodeado de fuentes, acres de jardines cuidados, monumentos y escaleras de piedras, es en actualidad la residencia del Presidente Indio, Pranab Mukherjee. Se espera que Harper y Singh firmen una serie de acuerdos bilaterales.<\/p>\n","protected":false},"excerpt":{"rendered":"<p>El gobierno de la India nuevamente presion\u00f3 a Canad\u00e1 para estar alerta ante el extremismo Sikh, un aviso que llega en momentos cuando indo-canadienses piden justicia por la masacre de 1984.<\/p>\n","protected":false},"author":1,"featured_media":424011,"comment_status":"open","ping_status":"open","sticky":false,"template":"","format":"standard","meta":{"footnotes":""},"categories":[21,24],"tags":[4844,4690,1178,180,5631],"class_list":["post-424009","post","type-post","status-publish","format-standard","has-post-thumbnail","hentry","category-canada","category-mundo","tag-acuerdos","tag-comerciales","tag-harper","tag-india","tag-visit"],"_links":{"self":[{"href":"https:\/\/diarioelpopular.com\/index.php\/wp-json\/wp\/v2\/posts\/424009","targetHints":{"allow":["GET"]}}],"collection":[{"href":"https:\/\/diarioelpopular.com\/index.php\/wp-json\/wp\/v2\/posts"}],"about":[{"href":"https:\/\/diarioelpopular.com\/index.php\/wp-json\/wp\/v2\/types\/post"}],"author":[{"embeddable":true,"href":"https:\/\/diarioelpopular.com\/index.php\/wp-json\/wp\/v2\/users\/1"}],"replies":[{"embeddable":true,"href":"https:\/\/diarioelpopular.com\/index.php\/wp-json\/wp\/v2\/comments?post=424009"}],"version-history":[{"count":0,"href":"https:\/\/diarioelpopular.com\/index.php\/wp-json\/wp\/v2\/posts\/424009\/revisions"}],"wp:featuredmedia":[{"embeddable":true,"href":"https:\/\/diarioelpopular.com\/index.php\/wp-json\/"}],"wp:attachment":[{"href":"https:\/\/diarioelpopular.com\/index.php\/wp-json\/wp\/v2\/media?parent=424009"}],"wp:term":[{"taxonomy":"category","embeddable":true,"href":"https:\/\/diarioelpopular.com\/index.php\/wp-json\/wp\/v2\/categories?post=424009"},{"taxonomy":"post_tag","embeddable":true,"href":"https:\/\/diarioelpopular.com\/index.php\/wp-json\/wp\/v2\/tags?post=424009"}],"curies":[{"name":"wp","href":"https:\/\/api.w.org\/{rel}","templated":true}]}}