{"id":424209,"date":"2012-11-07T18:47:54","date_gmt":"2012-11-07T23:47:54","guid":{"rendered":"http:\/\/diarioelpopular.com\/?p=424209"},"modified":"2012-11-07T18:47:54","modified_gmt":"2012-11-07T23:47:54","slug":"obama-el-resultado-menos-malo-para-cuba","status":"publish","type":"post","link":"https:\/\/diarioelpopular.com\/index.php\/2012\/11\/07\/obama-el-resultado-menos-malo-para-cuba\/","title":{"rendered":"Obama, el resultado &#8220;menos malo&#8221; para Cuba"},"content":{"rendered":"<div id=\"attachment_424210\" style=\"width: 810px\" class=\"wp-caption aligncenter\"><a href=\"https:\/\/diarioelpopular.com\/wp-content\/uploads\/2012\/11\/20121107_634879146430852626w.jpg\"><img loading=\"lazy\" decoding=\"async\" aria-describedby=\"caption-attachment-424210\" class=\"size-full wp-image-424210\" title=\"20121107_634879146430852626w\" src=\"https:\/\/diarioelpopular.com\/wp-content\/uploads\/2012\/11\/20121107_634879146430852626w.jpg\" alt=\"\" width=\"800\" height=\"509\" \/><\/a><p id=\"caption-attachment-424210\" class=\"wp-caption-text\">NUEVA YORK (ESTADOS UNIDOS).- Corredores de bolsa participan en la Bolsa de Nueva York, EE.UU. este mi\u00e9rcoles 7 de noviembre de 2012. El Dow Jones ha perdido cerca de 300 puntos, seg\u00fan los expertos, debido a la crisi de la Eurozona y a la reelecci\u00f3n de Obama como presidente.<\/p><\/div>\n<p>Soledad \u00c1lvarez<\/p>\n<div id=\"texto\">\n<div>\n<p><strong><em>La Habana.-<\/em><\/strong> La reelecci\u00f3n de Barack Obama en EE.UU. supone el resultado &#8220;menos malo&#8221; para Cuba y tranquiliza a los que tem\u00edan una victoria republicana, pero las opiniones se dividen sobre las expectativas de que su segundo mandato traiga soluciones al largo contencioso que enfrenta a ambos pa\u00edses.<\/p>\n<p>&#8220;Vamos a seguir igual. La pol\u00edtica de Obama no cambiar\u00e1 en nada, aunque es preferible un dem\u00f3crata que un republicano&#8221;, coment\u00f3 este mi\u00e9rcoles Dolia Lirio, una habanera de 83 a\u00f1os esc\u00e9ptica ante la reelecci\u00f3n del presidente estadounidense.<\/p>\n<p>&#8220;Si en el primer mandato no hizo nada dudo que lo haga en el segundo. Pero como dice el dicho, es mejor lo malo conocido que lo bueno por conocer&#8221;, opin\u00f3 Richard, un joven estudiante de medicina de 20 a\u00f1os.<\/p>\n<p>Pero no faltan los cubanos de a pie optimistas que conf\u00edan en que Obama mejore la relaci\u00f3n entre Estados Unidos con Cuba: &#8220;Es un buen presidente, no como Bush (George W.). Yo lo hubiera elegido (&#8230;) Ahora con las nuevas leyes que est\u00e1n saliendo en Cuba quiz\u00e1s haya un cambio de su parte&#8221;, dice Lissy, una empleada de 26 a\u00f1os.<\/p>\n<p>En 2008 Cuba acogi\u00f3 con esperanza la primera victoria de Obama -el und\u00e9cimo presidente de EE.UU. que ha visto pasar la revoluci\u00f3n castrista desde su triunfo en 1959- pero cuatro a\u00f1os despu\u00e9s el Gobierno de la isla lo acusa de haber recrudecido el bloqueo econ\u00f3mico que su hist\u00f3rico enemigo mantiene desde hace m\u00e1s de 50 a\u00f1os.<\/p>\n<p>Y ello a pesar de que el actual inquilino de la Casa Blanca suaviz\u00f3 en su primer mandato las restricciones sobre las remesas y viajes a la isla, unas medidas que Cuba valora como positivas, pero insuficientes.<\/p>\n<p>Sin que el Gobierno de Ra\u00fal Castro se haya pronunciado todav\u00eda sobre la reelecci\u00f3n de Obama, el oficialismo considera que Estados Unidos, independientemente de quien sea su presidente, lo que quiere es destruir la revoluci\u00f3n cubana, aunque las estrategias de dem\u00f3cratas y republicanos sean diferentes para lograrlo.<\/p>\n<p>Al margen de la ret\u00f3rica oficial, analistas como el acad\u00e9mico cubanoestadounidense Arturo L\u00f3pez-Levy, creen que la reelecci\u00f3n del presidente dem\u00f3crata puede favorecer una distensi\u00f3n en las relaciones con Cuba.<\/p>\n<p>&#8220;La victoria de Obama con la modesta ampliaci\u00f3n del voto cubano-americano dem\u00f3crata y el triunfo de Joe Garc\u00eda en las elecciones al Congreso ratifican que hay una base pol\u00edtica creciente a favor de mayor dialogo e intercambio con Cuba&#8221;, dijo hoy a Efe L\u00f3pez-Levy, profesor en la Universidad de Denver.<\/p>\n<p>Ve incluso posibilidades &#8220;realistas&#8221; de discutir tres asuntos de &#8220;alto simbolismo&#8221;: la salida de Cuba de la lista de pa\u00edses terroristas que elabora EE.UU., un posible &#8220;gesto de clemencia&#8221; de La Habana con el contratista Alan Gross y una &#8220;atenci\u00f3n racional&#8221; de Washington a las denuncias de la isla sobre la ausencia de juicio justo a sus cinco agentes condenados en el pa\u00eds norteamericano.<\/p>\n<p>Y entre la disidencia interna, la victoria de Obama se ha recibido con moderado optimismo, como el caso del opositor Manuel Cuesta Mor\u00faa, del grupo Arco Progresista, quien espera &#8220;buenas y bastantes cosas&#8221; en este segundo mandato.<\/p>\n<p>Cuesta Mor\u00faa cree que esta reelecci\u00f3n permitir\u00e1 &#8220;profundizar las l\u00edneas maestras de un cambio de pol\u00edtica&#8221; hacia la isla, que en su opini\u00f3n apunta a los cubanos como responsables de determinar su futuro y crea condiciones para debilitar los &#8220;argumentos tipo guerra fr\u00eda&#8221; que han impedido una relaci\u00f3n bilateral &#8220;sana&#8221;.<\/p>\n<p>No obstante, el opositor no conf\u00eda en que se produzca el &#8220;di\u00e1logo&#8221; entre Cuba y Estados Unidos propuesto en varias ocasiones por el presidente cubano, Ra\u00fal Castro, porque el Gobierno de la isla no ha creado &#8220;condiciones&#8221; y mantiene su &#8220;ret\u00f3rica belicosa&#8221;.<\/p>\n<p>Por su parte, el economista independiente \u00d3scar Espinosa Chepe, expreso del &#8220;Grupo de los 75&#8221;, cree que hay una &#8220;satisfacci\u00f3n generalizada&#8221; en Cuba por el resultado electoral en Estados Unidos ya que &#8220;asegura&#8221; la permanencia de las medidas que flexibilizaron el env\u00edo de remesas, los viajes y el intercambio cultural.<\/p>\n<p>&#8220;Somos optimistas de que Obama va a seguir con esa v\u00eda de tratar de fortalecer contactos pueblo a pueblo&#8221;, opin\u00f3 Espinosa, para quien pudieran haber incluso &#8220;algunas medidas de apertura econ\u00f3mica&#8221; que conlleven a una &#8220;atm\u00f3sfera&#8221; para &#8220;avanzar en otros objetivos en el campo pol\u00edtico&#8221; de los cubanos.<\/p>\n<\/div>\n<\/div>\n","protected":false},"excerpt":{"rendered":"<p>La reelecci\u00f3n de Barack Obama en EE.UU. supone el resultado &#8220;menos malo&#8221; para Cuba y tranquiliza a los que tem\u00edan una victoria republicana.<\/p>\n","protected":false},"author":1,"featured_media":424210,"comment_status":"open","ping_status":"open","sticky":false,"template":"","format":"standard","meta":{"footnotes":""},"categories":[24],"tags":[60,119,123],"class_list":["post-424209","post","type-post","status-publish","format-standard","has-post-thumbnail","hentry","category-mundo","tag-cuba","tag-elecciones","tag-obama"],"_links":{"self":[{"href":"https:\/\/diarioelpopular.com\/index.php\/wp-json\/wp\/v2\/posts\/424209","targetHints":{"allow":["GET"]}}],"collection":[{"href":"https:\/\/diarioelpopular.com\/index.php\/wp-json\/wp\/v2\/posts"}],"about":[{"href":"https:\/\/diarioelpopular.com\/index.php\/wp-json\/wp\/v2\/types\/post"}],"author":[{"embeddable":true,"href":"https:\/\/diarioelpopular.com\/index.php\/wp-json\/wp\/v2\/users\/1"}],"replies":[{"embeddable":true,"href":"https:\/\/diarioelpopular.com\/index.php\/wp-json\/wp\/v2\/comments?post=424209"}],"version-history":[{"count":0,"href":"https:\/\/diarioelpopular.com\/index.php\/wp-json\/wp\/v2\/posts\/424209\/revisions"}],"wp:featuredmedia":[{"embeddable":true,"href":"https:\/\/diarioelpopular.com\/index.php\/wp-json\/"}],"wp:attachment":[{"href":"https:\/\/diarioelpopular.com\/index.php\/wp-json\/wp\/v2\/media?parent=424209"}],"wp:term":[{"taxonomy":"category","embeddable":true,"href":"https:\/\/diarioelpopular.com\/index.php\/wp-json\/wp\/v2\/categories?post=424209"},{"taxonomy":"post_tag","embeddable":true,"href":"https:\/\/diarioelpopular.com\/index.php\/wp-json\/wp\/v2\/tags?post=424209"}],"curies":[{"name":"wp","href":"https:\/\/api.w.org\/{rel}","templated":true}]}}