{"id":424894,"date":"2012-11-08T23:32:45","date_gmt":"2012-11-09T04:32:45","guid":{"rendered":"http:\/\/diarioelpopular.com\/?p=424894"},"modified":"2012-11-08T23:32:45","modified_gmt":"2012-11-09T04:32:45","slug":"rudy-perez","status":"publish","type":"post","link":"https:\/\/diarioelpopular.com\/index.php\/2012\/11\/08\/rudy-perez\/","title":{"rendered":"Rudy P\u00e9rez"},"content":{"rendered":"<p align=\"center\"><a href=\"https:\/\/diarioelpopular.com\/wp-content\/uploads\/2012\/11\/WEB.EN-ESTUDIO.jpg\"><img loading=\"lazy\" decoding=\"async\" class=\"aligncenter size-full wp-image-424895\" title=\"WEB.EN-ESTUDIO\" src=\"https:\/\/diarioelpopular.com\/wp-content\/uploads\/2012\/11\/WEB.EN-ESTUDIO.jpg\" alt=\"\" width=\"700\" height=\"420\" \/><\/a>La m\u00fasica ha sido siempre una de las mas sublimes expresiones del amor y a la hora de saber de buenas historias es preciso hablar de un gran compositor, \u201cEl hombre con el toque de oro\u201d como es llamado Rudy P\u00e9rez, un artista dedicado, profesional y con mucha visi\u00f3n e inteligencia para la industria.<\/p>\n<p>Lo suyo era ser Ingeniero de sonido y el colombiano Carlos Granado le dio la primera oportunidad, b\u00e1sicamente hacia de todo, desde limpiar el estudio hasta ir a buscarle la comida a la gente que trabajaba ah\u00ed.<\/p>\n<p>\u201cPero el destino me pone en el camino a Pablo Cano y desde ah\u00ed hasta hoy nunca he dejado de componer. Trabaj\u00e9 sin recibir un peso, como interno, y en las noches cuando estaba cerrado el estudio llamaba a sus hijos y ellos ven\u00edan y se pon\u00edan a tocar, yo les grababa para practicar. Un d\u00eda entra Pablo al estudio, escucha una canci\u00f3n que yo hab\u00eda hecho y me dice: \u00bfquien grabo esto? Fui yo, le respond\u00ed, desde ese momento me contrat\u00f3 fijo pag\u00e1ndome un buen salario\u201d.<\/p>\n<p>Este artesano de las melod\u00edas mas sublimes es al que hoy los \u00eddolos mas importantes de la m\u00fasica latina le han grabado, Julio iglesias, Cristian, Luis Miguel, Roberto Carlos, Michael Bolton, Jos\u00e9 Feliciano, Mar\u00eda Martha Serra Lima, Jos\u00e9 Luis Rodr\u00edguez \u2018El Puma\u2019, Cristina Aguilera, Jon Secada, Marco Antonio Sol\u00eds, Cristian Castro, Los Temerarios, Beyonc\u00e9 o Roberto Carlos entre muchos otros m\u00e1s.<\/p>\n<p>Rudy en exclusiva nos coment\u00f3 de la producci\u00f3n que por primera ves en espa\u00f1ol grabar\u00e1 Natalie Cole, despu\u00e9s de muchos a\u00f1os de pedirle que aceptara esta propuesta.<\/p>\n<p>\u201cNat King Cole fue un artista que nos conquist\u00f3 en los a\u00f1os 50s con aquellos discos en espa\u00f1ol maravillosos que hizo, y nadie de la familia Cole ha vuelto a hacerlo. Yo se lo dije a Natalie que esa era su misi\u00f3n, hacer un \u00e1lbum aunque fuera en homenaje a su padre y de lo que \u00e9l hizo en su momento, aunque estaba adelantado para su tiempo. S\u00e9 que va a quedar muy bonito y la gente lo va a disfrutar y atesorar, pero eso si, vienen algunas sorpresas\u201d.<\/p>\n<p>Con una exitosa carrera de 30 a\u00f1os, este gran maestro se ha dar\u00e1 su gusto musical con un disco titulado \u201cLo mejor de m\u00ed\u201d, una edici\u00f3n limitada para coleccionistas y no es para menos ya que ser\u00e1n sus grandes canciones.<\/p>\n<div id=\"attachment_424896\" style=\"width: 710px\" class=\"wp-caption aligncenter\"><a href=\"https:\/\/diarioelpopular.com\/wp-content\/uploads\/2012\/11\/WEB.CON-SECADA.jpg\"><img loading=\"lazy\" decoding=\"async\" aria-describedby=\"caption-attachment-424896\" class=\"size-full wp-image-424896\" title=\"WEB.CON-SECADA\" src=\"https:\/\/diarioelpopular.com\/wp-content\/uploads\/2012\/11\/WEB.CON-SECADA.jpg\" alt=\"\" width=\"700\" height=\"420\" \/><\/a><p id=\"caption-attachment-424896\" class=\"wp-caption-text\">Rudy P\u00e9rez \u2013 Jon Secada<\/p><\/div>\n<p>Por eso es bueno recordar lo que la inolvidable Olga Guillot expres\u00f3: \u201cRudy es un maravilloso compositor y tiene una garganta de oro\u201d. Por su parte \u00a0Mar\u00eda Martha Serra Lima dijo: \u201cCon lo que a Rudy le sobra de voz otros dan un concierto\u201d, su gran amigo Julio Iglesias, \u201cEs muy dif\u00edcil mejorar una voz gu\u00eda de Rudy P\u00e9rez, porque \u00e9l canta mejor que todos nosotros\u201d o Jon Secada, \u201cArtista, productor, creador\u2026tremendo talento\u201d. Nada m\u00e1s cierto.<\/p>\n<p>\u201cDespu\u00e9s de tantos a\u00f1os muchos artistas siempre me lo hab\u00edan dicho, porque no haces un \u00e1lbum Rudy, y siempre les respond\u00eda: prefiero estar detr\u00e1s de todos ustedes. Hasta que al fin me convencieron, es incre\u00edble pues llevo haci\u00e9ndolo desde el a\u00f1o 2001 y apenas ahora lo tengo casi terminado, para present\u00e1rselo al p\u00fablico, pues mi mayor deseo y recompensa es que ellos lo disfruten\u201d, expresa con orgullo P\u00e9rez, aunque admite que le ha costado elegir las canciones ya que todas ellas son como sus hijos, dif\u00edciles de preferir uno mas que al otro.<\/p>\n<p>El tema \u201cDespu\u00e9s De Ti\u2026 \u00bfQu\u00e9? tiene mucho significado para este gran compositor ya que fue dedicado a su mam\u00e1 y asi \u00e9l lo recuerda.<\/p>\n<p>\u201cYo estuve trabajando durante tres d\u00edas seguidos y llegu\u00e9 a casa a descansar, eso fue para un d\u00eda de las madres, pero como a las 11 de la noche me llama mi hermana para decirme que no hab\u00eda llamado a mami para felicitarla. Recuerdo que sal\u00ed pero casi todo estaba cerrado y lo que encontr\u00e9 fue una farmacia, le compr\u00e9 una tarjeta y pens\u00e9: que se le puede decir a una madre que no se le haya dicho. Ah\u00ed dije, despu\u00e9s de la noche sale el sol, despu\u00e9s de esto pasa eso, \u00bfy que pasa despu\u00e9s de ti, mam\u00e1? \u00a0Me pareci\u00f3 una linda forma de decirle lo especial que era ella y se lo escrib\u00ed como una poes\u00eda peque\u00f1a, esa fue la canci\u00f3n que siempre nos un\u00eda y hasta ahora lo hace ya que de pronto estoy en un ascensor o en el carro y suena, para mi es como un mensaje que ella me env\u00eda dici\u00e9ndome, aqu\u00ed estoy contigo hijo\u201d.<\/p>\n<p>Con la genialidad que le acompa\u00f1a siempre, Rudy \u00a0junto a su gran amigo y socio, David Frangioni, han creado un programa educativo muy interesante, <strong>IDA<\/strong> para los nuevos valores de la m\u00fasica.<a href=\"https:\/\/diarioelpopular.com\/wp-content\/uploads\/2012\/11\/WEB.EN-ESTUDIO1.jpg\"><img loading=\"lazy\" decoding=\"async\" class=\"aligncenter size-full wp-image-424897\" title=\"WEB.EN-ESTUDIO\" src=\"https:\/\/diarioelpopular.com\/wp-content\/uploads\/2012\/11\/WEB.EN-ESTUDIO1.jpg\" alt=\"\" width=\"700\" height=\"420\" \/><\/a><\/p>\n<p>Para finalizar \u00e9l nos comenta acerca de esto: \u201cVamos a guiar y a desarrollar artistas j\u00f3venes que van a ser los grandes \u00eddolos del ma\u00f1ana, si asi se puede decir. Aparte me he unido con Jon Secada y Mark Hudson, un gran productor y compositor de artistas como U2, los Rolling Stones o Paul McCartney, para que en este programa, que dura una semana, un participante sea elegido por nuestro equipo, eso si, tiene que tener un talento muy especial y a trav\u00e9s de nuestro pagina y esas personas que son nuestros filtros se decide quien estar\u00e1 con nosotros, los cuatro mentores principales. Dentro de nuestro equipo tenemos un grupo completo de grandes compositores, ingenieros, maestros de canto, de escenograf\u00eda y m\u00fasicos, todos son estrellas, gente muy grande, y ese chico que entra por la puerta de <strong>IDA <\/strong>despu\u00e9s de seis d\u00edas sale una \u2018s\u00faper estrella\u2019 y sabe todo lo que le va a pasar antes de llegar a esos grandes Realitys como el American Idol ya que tendr\u00e1 una preparaci\u00f3n muy profesional\u201d.<\/p>\n<p>Ya hicieron el primero en ingl\u00e9s y en Enero del a\u00f1o 2013 sale en espa\u00f1ol. Quienes quieran conocer m\u00e1s a cerca de <strong>IDA<\/strong> pueden visitar\u00a0 <a href=\"http:\/\/www.idaprogram.com\">www.idaprogram.com<\/a><\/p>\n","protected":false},"excerpt":{"rendered":"<p>La m\u00fasica ha sido siempre una de las mas sublimes expresiones del amor y a la hora de saber de buenas historias es preciso hablar de un gran compositor, \u201cEl hombre con el toque de oro\u201d como es llamado Rudy P\u00e9rez.<\/p>\n","protected":false},"author":1,"featured_media":424895,"comment_status":"open","ping_status":"open","sticky":false,"template":"","format":"standard","meta":{"footnotes":""},"categories":[80,81],"tags":[5653,83,5654],"class_list":["post-424894","post","type-post","status-publish","format-standard","has-post-thumbnail","hentry","category-cine-2","category-columnistas","tag-perez","tag-rossana","tag-rudy"],"_links":{"self":[{"href":"https:\/\/diarioelpopular.com\/index.php\/wp-json\/wp\/v2\/posts\/424894","targetHints":{"allow":["GET"]}}],"collection":[{"href":"https:\/\/diarioelpopular.com\/index.php\/wp-json\/wp\/v2\/posts"}],"about":[{"href":"https:\/\/diarioelpopular.com\/index.php\/wp-json\/wp\/v2\/types\/post"}],"author":[{"embeddable":true,"href":"https:\/\/diarioelpopular.com\/index.php\/wp-json\/wp\/v2\/users\/1"}],"replies":[{"embeddable":true,"href":"https:\/\/diarioelpopular.com\/index.php\/wp-json\/wp\/v2\/comments?post=424894"}],"version-history":[{"count":0,"href":"https:\/\/diarioelpopular.com\/index.php\/wp-json\/wp\/v2\/posts\/424894\/revisions"}],"wp:featuredmedia":[{"embeddable":true,"href":"https:\/\/diarioelpopular.com\/index.php\/wp-json\/"}],"wp:attachment":[{"href":"https:\/\/diarioelpopular.com\/index.php\/wp-json\/wp\/v2\/media?parent=424894"}],"wp:term":[{"taxonomy":"category","embeddable":true,"href":"https:\/\/diarioelpopular.com\/index.php\/wp-json\/wp\/v2\/categories?post=424894"},{"taxonomy":"post_tag","embeddable":true,"href":"https:\/\/diarioelpopular.com\/index.php\/wp-json\/wp\/v2\/tags?post=424894"}],"curies":[{"name":"wp","href":"https:\/\/api.w.org\/{rel}","templated":true}]}}