{"id":425123,"date":"2012-11-09T20:35:28","date_gmt":"2012-11-10T01:35:28","guid":{"rendered":"http:\/\/diarioelpopular.com\/?p=425123"},"modified":"2012-11-09T20:35:28","modified_gmt":"2012-11-10T01:35:28","slug":"legalizacion-de-marihuana-pone-en-jaque-la-lucha-antidrogas","status":"publish","type":"post","link":"https:\/\/diarioelpopular.com\/index.php\/2012\/11\/09\/legalizacion-de-marihuana-pone-en-jaque-la-lucha-antidrogas\/","title":{"rendered":"Legalizaci\u00f3n de marihuana pone en jaque la lucha antidrogas"},"content":{"rendered":"<div id=\"attachment_425124\" style=\"width: 710px\" class=\"wp-caption aligncenter\"><a href=\"https:\/\/diarioelpopular.com\/wp-content\/uploads\/2012\/11\/20121107_634879138859022629w.jpg\"><img loading=\"lazy\" decoding=\"async\" aria-describedby=\"caption-attachment-425124\" class=\"size-full wp-image-425124\" title=\"20121107_634879138859022629w\" src=\"https:\/\/diarioelpopular.com\/wp-content\/uploads\/2012\/11\/20121107_634879138859022629w.jpg\" alt=\"\" width=\"700\" height=\"1049\" \/><\/a><p id=\"caption-attachment-425124\" class=\"wp-caption-text\">OAKLAND (ESTADOS UNIDOS).- Imagen de archivo de una planta medicinal de marihuana, cultivada en la Universidad de Oaksterdam, California, EE.UU. Los estados de Colorado y Washington se han convertido en los primeros en legalizar el canabis para uso recreativo.<\/p><\/div>\n<p><strong><em>M\u00e9xico.-<\/em><\/strong> La legalizaci\u00f3n de la marihuana en dos estados de EE.UU. pone en jaque la lucha contra las drogas en M\u00e9xico, obliga a una revisi\u00f3n de la estrategia punitiva y da mayor visibilidad al debate sobre el consumo, seg\u00fan analistas.<\/p>\n<div id=\"texto\">\n<div>\n<p>La aprobaci\u00f3n en Colorado y Washington de la despenalizaci\u00f3n de la producci\u00f3n, la venta y el consumo de la marihuana es un &#8220;paso m\u00e1s hacia el fin de la guerra&#8221; lanzada por el presidente mexicano, Felipe Calder\u00f3n, en opini\u00f3n del excanciller Jorge Casta\u00f1eda.<\/p>\n<p>&#8220;Es una verdadera aberraci\u00f3n que M\u00e9xico est\u00e9 poniendo muertos (60.000 en el mandato de Calder\u00f3n), dinero y un costo de imagen internacional muy importante (&#8230;) para, en parte, impedir el paso a EE.UU. de una sustancia que ya algunos americanos, no menores, han declarado que quieren que sea legal&#8221;, dijo.<\/p>\n<p>Ahora, apunt\u00f3, M\u00e9xico debe plantear a Estados Unidos que &#8220;es absurdo seguir con esta guerra, con esta estrategia fracasada desde hace 40 a\u00f1os, sobre todo a la luz de lo que ya algunos electores han manifestado&#8221; .<\/p>\n<p>Casta\u00f1eda advirti\u00f3 sobre el riesgo de que algunos sectores mexicanos est\u00e9n a favor de &#8220;presionar&#8221; al presidente de EE.UU., Barack Obama, &#8220;para que imponga las leyes federales -que consideran la marihuana una droga ilegal- a Colorado y Washington&#8221; y asegur\u00f3 que eso hay que combatirlo.<\/p>\n<p>No obstante, dijo estar seguro de que Enrique Pe\u00f1a Nieto, quien asumir\u00e1 la Presidencia mexicana el 1 de diciembre, &#8220;no caer\u00e1 en eso&#8221;, tras calificar de &#8220;muy acertadas&#8221; las declaraciones recientes del coordinador del equipo de transici\u00f3n, Luis Videgaray, sobre el tema.<\/p>\n<p>&#8220;Estamos atentos a estas modificaciones importantes, que cambian las reglas del juego con EE.UU. y que nos deben llevar a revisar las pol\u00edticas conjuntas contra el tr\u00e1fico de drogas&#8221;, se\u00f1al\u00f3 Videgaray, quien no obstante aclar\u00f3 que Pe\u00f1a Nieto rechaza la legalizaci\u00f3n.<\/p>\n<p>&#8220;Eso es exactamente lo que debe proceder&#8221;, asegur\u00f3 Casta\u00f1eda, quien se\u00f1al\u00f3 que la posici\u00f3n de algunos mandatarios latinoamericanos a favor de la regulaci\u00f3n de las drogas o la b\u00fasqueda de alternativas a la actual estrategia &#8220;muestra claramente una tendencia&#8221; en la regi\u00f3n.<\/p>\n<p>Lament\u00f3 que M\u00e9xico, &#8220;el pa\u00eds m\u00e1s afectado por la estrategia punitiva&#8221;, en lugar de estar a la cabeza, est\u00e9 &#8220;en la retaguardia de esta tendencia, incluso resisti\u00e9ndose a ella&#8221;.<\/p>\n<p>En declaraciones a Efe, el periodista Marco Lara destac\u00f3 que la decisi\u00f3n de Washington y Colorado denota la &#8220;certeza&#8221; del fracaso de la criminalizaci\u00f3n del consumo de las drogas, evidente por lo menos desde hace una d\u00e9cada.<\/p>\n<p>&#8220;Es una buena noticia porque mantiene arriba el debate sobre la debacle y los costos humanitarios de la pol\u00edtica antidrogas impuesta por la Casa Blanca&#8221;, si bien reconoci\u00f3 que hay &#8220;otros componentes m\u00e1s relevantes que la despenalizaci\u00f3n del consumo&#8221;.<\/p>\n<p>Aunque admiti\u00f3 que se trata de &#8220;un precedente importante&#8221;, el experto en narcotr\u00e1fico manifest\u00f3 &#8220;serias dudas&#8221; sobre un cambio en la actual estrategia mexicana durante la Administraci\u00f3n de Pe\u00f1a Nieto, del Partido Revolucionario Institucional (PRI).<\/p>\n<p>&#8220;Dudo que tengan la sensibilidad, la autonom\u00eda y la visi\u00f3n de Estado como para desmarcarse&#8221;, de lo contrario &#8220;no tendr\u00edamos a (\u00d3scar) Naranjo como asesor en el tema de pol\u00edtica antidrogas&#8221;, apunt\u00f3.<\/p>\n<p>&#8220;Naranjo es la personificaci\u00f3n del Plan Colombia, que es la institucionalizaci\u00f3n a gran escala de la criminalizaci\u00f3n del consumo&#8221;, se\u00f1al\u00f3 Lara y a\u00f1adi\u00f3: &#8220;m\u00e1s all\u00e1 de la ret\u00f3rica, hay una serie de hechos que demuestran que habr\u00e1 continuidad&#8221;.<\/p>\n<p>El propio Calder\u00f3n, que recientemente llam\u00f3 a la ONU a encabezar un debate sin prejuicios sobre el combate al narcotr\u00e1fico para hallar nuevos enfoques, &#8220;ha pretendido una independencia de criterio&#8221;, pero en la aplicaci\u00f3n de la pol\u00edtica antidrogas ha sido &#8220;sumiso, servil y acr\u00edtico&#8221;, indic\u00f3.<\/p>\n<p>Su fuerza pol\u00edtica, el Partido Acci\u00f3n Nacional (PAN), dijo que la legalizaci\u00f3n de la marihuana supone un riesgo para M\u00e9xico, dado que los grupos criminales buscar\u00e1n obtener recursos a trav\u00e9s de otros delitos, como el secuestro y la extorsi\u00f3n, lo que redundar\u00eda en un aumento de la violencia.<\/p>\n<p>Al interior del PRI las opiniones son divididas; hay quienes rechazan el debate de la legalizaci\u00f3n y piden al Gobierno de EE.UU. una definici\u00f3n sobre el tema, mientras otras voces admiten la necesidad de abrir una discusi\u00f3n seria y sin restricciones sobre el tema.<\/p>\n<p>El izquierdista Partido de la Revoluci\u00f3n Democr\u00e1tica (PRD) dio la bienvenida a un debate sin tab\u00faes y temores sobre la despenalizaci\u00f3n de las drogas, que puede contribuir a disminuir la violencia en el pa\u00eds.<\/p>\n<p>En el debate tambi\u00e9n irrumpi\u00f3 el actor mexicano Gael Garc\u00eda, quien consider\u00f3 &#8220;absolutamente necesaria&#8221; la despenalizaci\u00f3n de la marihuana, aunque no de otras drogas, y destac\u00f3 que ello &#8220;puede generar un cambio en la narrativa de la guerra contra las drogas que impuso (Richard) Nixon&#8221;.<\/p>\n<\/div>\n<\/div>\n","protected":false},"excerpt":{"rendered":"<p>La legalizaci\u00f3n de la marihuana en dos estados de EE.UU. pone en jaque la lucha contra las drogas en M\u00e9xico, obliga a una revisi\u00f3n de la estrategia punitiva<\/p>\n","protected":false},"author":1,"featured_media":425124,"comment_status":"open","ping_status":"open","sticky":false,"template":"","format":"standard","meta":{"footnotes":""},"categories":[23,24],"tags":[1606,50,5667,167,5668],"class_list":["post-425123","post","type-post","status-publish","format-standard","has-post-thumbnail","hentry","category-latinoamerica","category-mundo","tag-consumo","tag-ee-uu","tag-marihuana-legalizacion","tag-mexico","tag-recreativo"],"_links":{"self":[{"href":"https:\/\/diarioelpopular.com\/index.php\/wp-json\/wp\/v2\/posts\/425123","targetHints":{"allow":["GET"]}}],"collection":[{"href":"https:\/\/diarioelpopular.com\/index.php\/wp-json\/wp\/v2\/posts"}],"about":[{"href":"https:\/\/diarioelpopular.com\/index.php\/wp-json\/wp\/v2\/types\/post"}],"author":[{"embeddable":true,"href":"https:\/\/diarioelpopular.com\/index.php\/wp-json\/wp\/v2\/users\/1"}],"replies":[{"embeddable":true,"href":"https:\/\/diarioelpopular.com\/index.php\/wp-json\/wp\/v2\/comments?post=425123"}],"version-history":[{"count":0,"href":"https:\/\/diarioelpopular.com\/index.php\/wp-json\/wp\/v2\/posts\/425123\/revisions"}],"wp:featuredmedia":[{"embeddable":true,"href":"https:\/\/diarioelpopular.com\/index.php\/wp-json\/"}],"wp:attachment":[{"href":"https:\/\/diarioelpopular.com\/index.php\/wp-json\/wp\/v2\/media?parent=425123"}],"wp:term":[{"taxonomy":"category","embeddable":true,"href":"https:\/\/diarioelpopular.com\/index.php\/wp-json\/wp\/v2\/categories?post=425123"},{"taxonomy":"post_tag","embeddable":true,"href":"https:\/\/diarioelpopular.com\/index.php\/wp-json\/wp\/v2\/tags?post=425123"}],"curies":[{"name":"wp","href":"https:\/\/api.w.org\/{rel}","templated":true}]}}