{"id":425501,"date":"2012-11-12T23:17:30","date_gmt":"2012-11-13T04:17:30","guid":{"rendered":"http:\/\/diarioelpopular.com\/?p=425501"},"modified":"2012-11-12T23:17:30","modified_gmt":"2012-11-13T04:17:30","slug":"perales-le-dedica-su-ultimo-disco-a-la-soledad-su-eterna-companera","status":"publish","type":"post","link":"https:\/\/diarioelpopular.com\/index.php\/2012\/11\/12\/perales-le-dedica-su-ultimo-disco-a-la-soledad-su-eterna-companera\/","title":{"rendered":"Perales le dedica su \u00faltimo disco a la soledad, su eterna compa\u00f1era"},"content":{"rendered":"<div id=\"attachment_425502\" style=\"width: 810px\" class=\"wp-caption aligncenter\"><a href=\"https:\/\/diarioelpopular.com\/wp-content\/uploads\/2012\/11\/20121113_634883785398743796w.jpg\"><img loading=\"lazy\" decoding=\"async\" aria-describedby=\"caption-attachment-425502\" class=\"size-full wp-image-425502\" title=\"20121113_634883785398743796w\" src=\"https:\/\/diarioelpopular.com\/wp-content\/uploads\/2012\/11\/20121113_634883785398743796w.jpg\" alt=\"\" width=\"800\" height=\"533\" \/><\/a><p id=\"caption-attachment-425502\" class=\"wp-caption-text\">QUITO (ECUADOR).- El cantante espa\u00f1ol Jos\u00e9 Luis Perales ofreci\u00f3 una rueda de prensa este lunes 12 de noviembre, en Quito. Perales lleg\u00f3 con su nuevo disco bajo el brazo, &quot;Calle Soledad&quot;, un trabajo que es melanc\u00f3lico &quot;por culpa del invierno y el oto\u00f1o&quot;, seg\u00fan confes\u00f3 en una rueda de prensa .<\/p><\/div>\n<p><strong><em>Quito.-<\/em><\/strong> El cantante espa\u00f1ol Jos\u00e9 Luis Perales lleg\u00f3 este lunes a Ecuador con su nuevo disco bajo el brazo, &#8220;Calle Soledad&#8221;, un trabajo que es melanc\u00f3lico &#8220;por culpa del invierno y el oto\u00f1o&#8221;, seg\u00fan confes\u00f3 en una rueda de prensa.<\/p>\n<div id=\"texto\">\n<div>\n<p>&#8220;Realmente hay m\u00e1s canciones melanc\u00f3licas que en otros, es algo casual, no es nada intencional, pero cuando uno se hace mayor, quiz\u00e1 se hace m\u00e1s nost\u00e1lgico, recuerda amores pasados&#8221;, dijo Perales, que est\u00e1 inmerso en una gira por Am\u00e9rica para promocionar el \u00e1lbum.<\/p>\n<p>&#8220;Yo creo que la culpa la tienen el invierno y el oto\u00f1o, que es donde siempre me refugio para escribir&#8221;, dijo Perales y record\u00f3 que uno de los doce cortes que contiene el disco se titula precisamente &#8220;El invierno&#8221;.<\/p>\n<p>&#8220;Calle Soledad&#8221; llega seis a\u00f1os despu\u00e9s de su anterior trabajo, &#8220;Navegando por ti&#8221;.<\/p>\n<p>&#8220;Es muy concienzudo, lo he hecho con mucha calma y sin concesiones a la comercialidad ni a nada, simplemente hemos hecho lo que quer\u00edamos hacer&#8221;, explic\u00f3 Perales, que actuar\u00e1 el mi\u00e9rcoles en el teatro de la Casa de la Cultura de Quito.<\/p>\n<p>Perales, autor de cl\u00e1sicos como &#8220;Y c\u00f3mo es \u00e9l&#8221; y &#8220;Un velero llamado libertad&#8221;, reconoci\u00f3 a la soledad como su &#8220;eterna compa\u00f1era&#8221;.<\/p>\n<p>Tal vez estuvo predestinado al nacer en la Calle Soledad en Castej\u00f3n, en la provincia espa\u00f1ola de Cuenca, por donde iba a la escuela, un pueblo que es el lugar a donde aun se retira para componer.<\/p>\n<p>Sugiri\u00f3 el nombre del disco su hijo Pablo Perales, quien es su productor, explic\u00f3 el cantautor.<\/p>\n<p>Adem\u00e1s de la soledad, su otra compa\u00f1era de hace casi cuarenta a\u00f1os es su mujer, y a pesar de que en sus m\u00e1s de 400 composiciones abundan las despedidas y las separaciones, afirm\u00f3 que su matrimonio &#8220;ha ido siempre muy bien&#8221;.<\/p>\n<p>&#8220;Cuando escribo canciones de amor se las escribo a mi mujer porque estoy enamorado de ella y cuando escribo del desamor me fijo en los vecinos, que se llevan siempre fatal&#8221;, dijo.<\/p>\n<p>&#8220;Calle Soledad&#8221; incorpora acompa\u00f1amientos de la Orquesta Sinf\u00f3nica de Bratislava, dirigida por el vallisoletano David Hernando Rico, grabados en directo en el estudio en Espa\u00f1a desde esa ciudad eslovaca a trav\u00e9s de internet.<\/p>\n<p>&#8220;Hay orquestas maravillosas que suenan igual que la orquesta sinf\u00f3nica de Londres&#8221;, dijo Perales.<\/p>\n<p>El \u00e1lbum contiene once canciones, como &#8220;Breve como la luz&#8221;, &#8220;A\u00fan te quiero&#8221; y &#8220;Una canci\u00f3n llamada soledad&#8221;, aunque de todas el cantante resalt\u00f3 como &#8220;especial&#8221; la que le dedica a su nieta, &#8220;Canci\u00f3n para Manuela&#8221;, cuyos derechos de autor ha cedido a Aldeas Infantiles S.O.S.<\/p>\n<p>Tras 27 discos y 50 millones de copias vendidas, Perales confes\u00f3 que sigue interesado en los mismos temas, que a su juicio no solo atraen a personas de su generaci\u00f3n, sino tambi\u00e9n a j\u00f3venes que escucharon al crecer las canciones que les gustan a sus padres.<\/p>\n<p>&#8220;Quiero ser baladista hasta que me muera&#8221;, afirm\u00f3.<\/p>\n<\/div>\n<\/div>\n","protected":false},"excerpt":{"rendered":"<p>El cantante espa\u00f1ol Jos\u00e9 Luis Perales lleg\u00f3 este lunes a Ecuador con su nuevo disco bajo el brazo, &#8220;Calle Soledad&#8221;.<\/p>\n","protected":false},"author":1,"featured_media":425502,"comment_status":"open","ping_status":"open","sticky":false,"template":"","format":"standard","meta":{"footnotes":""},"categories":[80,23],"tags":[5696,5599,308,3270,3611,195,4974,5697],"class_list":["post-425501","post","type-post","status-publish","format-standard","has-post-thumbnail","hentry","category-cine-2","category-latinoamerica","tag-calle","tag-cantante","tag-ecuador","tag-jose","tag-luis","tag-musica","tag-perales","tag-soledad"],"_links":{"self":[{"href":"https:\/\/diarioelpopular.com\/index.php\/wp-json\/wp\/v2\/posts\/425501","targetHints":{"allow":["GET"]}}],"collection":[{"href":"https:\/\/diarioelpopular.com\/index.php\/wp-json\/wp\/v2\/posts"}],"about":[{"href":"https:\/\/diarioelpopular.com\/index.php\/wp-json\/wp\/v2\/types\/post"}],"author":[{"embeddable":true,"href":"https:\/\/diarioelpopular.com\/index.php\/wp-json\/wp\/v2\/users\/1"}],"replies":[{"embeddable":true,"href":"https:\/\/diarioelpopular.com\/index.php\/wp-json\/wp\/v2\/comments?post=425501"}],"version-history":[{"count":0,"href":"https:\/\/diarioelpopular.com\/index.php\/wp-json\/wp\/v2\/posts\/425501\/revisions"}],"wp:featuredmedia":[{"embeddable":true,"href":"https:\/\/diarioelpopular.com\/index.php\/wp-json\/"}],"wp:attachment":[{"href":"https:\/\/diarioelpopular.com\/index.php\/wp-json\/wp\/v2\/media?parent=425501"}],"wp:term":[{"taxonomy":"category","embeddable":true,"href":"https:\/\/diarioelpopular.com\/index.php\/wp-json\/wp\/v2\/categories?post=425501"},{"taxonomy":"post_tag","embeddable":true,"href":"https:\/\/diarioelpopular.com\/index.php\/wp-json\/wp\/v2\/tags?post=425501"}],"curies":[{"name":"wp","href":"https:\/\/api.w.org\/{rel}","templated":true}]}}