{"id":426285,"date":"2012-11-16T22:15:25","date_gmt":"2012-11-17T03:15:25","guid":{"rendered":"http:\/\/diarioelpopular.com\/?p=426285"},"modified":"2012-11-16T22:15:25","modified_gmt":"2012-11-17T03:15:25","slug":"hablemos-de-cine-29","status":"publish","type":"post","link":"https:\/\/diarioelpopular.com\/index.php\/2012\/11\/16\/hablemos-de-cine-29\/","title":{"rendered":"HABLEMOS DE CINE"},"content":{"rendered":"<div id=\"attachment_426286\" style=\"width: 710px\" class=\"wp-caption aligncenter\"><a href=\"https:\/\/diarioelpopular.com\/wp-content\/uploads\/2012\/11\/web.lincoln.jpg\"><img loading=\"lazy\" decoding=\"async\" aria-describedby=\"caption-attachment-426286\" class=\"size-full wp-image-426286\" title=\"web.lincoln\" src=\"https:\/\/diarioelpopular.com\/wp-content\/uploads\/2012\/11\/web.lincoln.jpg\" alt=\"\" width=\"700\" height=\"420\" \/><\/a><p id=\"caption-attachment-426286\" class=\"wp-caption-text\">Daniel Day-Lewis en LINCOLN<\/p><\/div>\n<h3 align=\"center\">Por Jorge Gutman<\/h3>\n<h3>Con toda seguridad ser\u00e1 uno de los filmes m\u00e1s comentados de esta temporada invernal y\u00a0 posiblemente lograr\u00e1 varias nominaciones para el Oscar. Aunque sin ser el film m\u00e1s destacado de Steven Spielberg, Lincoln constituye un inteligente retrato de la personalidad del d\u00e9cimo sexto presidente de Estados Unidos a la vez que una buena ilustraci\u00f3n del funcionamiento democr\u00e1tico de ese pa\u00eds.<\/h3>\n<h3>La intenci\u00f3n del realizador no ha sido narrar una biograf\u00eda de Abraham Lincoln sino m\u00e1s bien concentrar la atenci\u00f3n en un momento decisivo de su vida,\u00a0 justo en los inicios de su segundo mandato en enero de 1865 y \u00a0tres meses antes de su tr\u00e1gico asesinato. Con la valiosa colaboraci\u00f3n del conocido dramaturgo Tony Kushner quien prepar\u00f3 el gui\u00f3n basado en el \u00a0libro \u00a0<em>Team of Rivals: The Political Genius of Abraham Lincoln, <\/em>elogiada biograf\u00eda de la historiadora Doris Kearns Goodwin, Spielberg enfoca \u00a0los esfuerzos del presidente en lograr la aprobaci\u00f3n parlamentaria de la d\u00e9cimo tercera enmienda a la constituci\u00f3n de los Estados Unidos, consistente en la abolici\u00f3n de la\u00a0 esclavitud. A pesar de que la Guerra de Secesi\u00f3n a\u00fan no hab\u00eda concluido, el relaato considera ese dram\u00e1tico hecho en forma secundaria \u2013una breve escena al comienzo del film-\u00a0 para consagrarse fundamentalmente a la noble causa emprendida por el presidente. De todos modos, Lincoln no ignoraba el riesgo asumido con su propuesta\u00a0\u00a0 porque la aprobaci\u00f3n de la mencionada enmienda podr\u00eda incentivar la prolongaci\u00f3n del conflicto b\u00e9lico por parte de los sure\u00f1os partidarios del mantenimiento de \u00a0la esclavitud.<\/h3>\n<h3>En la antol\u00f3gica interpretaci\u00f3n de Daniel Day-Lewis animando a Lincoln, se lo ve al presidente ayudado por su eficiente y leal secretario de estado William Seward (David Strathairn) y del ardiente congresal abolicionista republicano Thaddeus Stevens (Tommy Lee Jones) para\u00a0 procurar que la enmienda propuesta por la presidencia\u00a0\u00a0\u00a0 fuera sancionada por la c\u00e1mara de representantes.<\/h3>\n<h3>La tarea no era sencilla porque para lograr el prop\u00f3sito deseado hab\u00eda que lidiar con\u00a0 un congreso de la naci\u00f3n\u00a0 altamente dividido, que requer\u00eda vencer la resistencia de los miembros\u00a0 del partido dem\u00f3crata opositor as\u00ed como tambi\u00e9n de algunos congresales republicanos.<\/h3>\n<h3>Dicho lo que antecede, el \u00a0film se convierte en un largo y\u00a0 conversado relato donde la acci\u00f3n gira en torno de los argumentos a favor o en contra de los diferentes parlamentarios defendiendo o negando los derechos que asisten a los esclavos como personas libres. Las personalidades hist\u00f3ricas de la \u00e9poca que tuvieron a cargo esos largos debates si bien pueden ser \u00a0conocidas por los historiadores en la materia y\/o\u00a0 por\u00a0 el p\u00fablico americano, lo m\u00e1s probable es que no lo sean para el resto del mundo. Asistir al debate intelectual de los parlamentarios puede resultar de inter\u00e9s en un comienzo, \u00a0pero el mismo va disminuyendo en la medida que\u00a0 domina gran parte del relato; de alguna manera, ese factor contribuye a que el film\u00a0 carezca de verdadera acci\u00f3n al no proveer emoci\u00f3n o tensi\u00f3n en t\u00e9rminos de entretenimiento.<\/h3>\n<h3>Los detalles apuntados est\u00e1n en gran parte compensados por Day-Lewis quien constituye el centro de gravitaci\u00f3n del film. Aunque el p\u00fablico no haya conocido a Lincoln, la composici\u00f3n lograda por el actor permite al espectador identificarse con la leyenda y el aura que rodea la figura del m\u00edtico personaje. Sumergi\u00e9ndose en la piel del presidente,\u00a0 el gran m\u00e9rito del int\u00e9rprete es haber sabido reproducir la simpleza, calma y serenidad de su persona, sus movimientos y miradas,\u00a0 su tono suave de\u00a0 voz, el sentido del\u00a0 humor aplicado a la pol\u00edtica, as\u00ed como otros detalles que van reflejando las motivaciones, psicolog\u00eda\u00a0 y el considerable humanismo que lo caracteriz\u00f3.\u00a0 El resto del elenco es de primer nivel, incluyendo una apasionada y justa composici\u00f3n de Sally Field como la esposa del presidente que tuvo una enorme influencia en \u00e9l y la eficiente interpretaci\u00f3n de Joseph Gordon-Levitt como el hijo mayor del matrimonio que mantiene una relaci\u00f3n conflictiva con su padre.<\/h3>\n<h3><em>Conclusi\u00f3n: Un film que despierta inter\u00e9s y ser\u00e1 recordado por la estupenda actuaci\u00f3n de Daniel Day-Lewis<\/em><\/h3>\n<div id=\"attachment_426287\" style=\"width: 710px\" class=\"wp-caption aligncenter\"><a href=\"https:\/\/diarioelpopular.com\/wp-content\/uploads\/2012\/11\/web.holy_.jpg\"><img loading=\"lazy\" decoding=\"async\" aria-describedby=\"caption-attachment-426287\" class=\"size-full wp-image-426287\" title=\"web.holy\" src=\"https:\/\/diarioelpopular.com\/wp-content\/uploads\/2012\/11\/web.holy_.jpg\" alt=\"\" width=\"700\" height=\"420\" \/><\/a><p id=\"caption-attachment-426287\" class=\"wp-caption-text\">Denis Lavant en HOLY MOTORS<\/p><\/div>\n<h3><strong>HOLY MOTORS<\/strong>. Francia, 2012. Un film escrito y dirigido por Leos Carax<\/h3>\n<h3>Despu\u00e9s de 13 a\u00f1os de ausencia en que realiz\u00f3 <em>Pola X<\/em>, el provocativo director Leos Carax retorna al cine con <strong>Holy Motors<\/strong>, un film que presentado en primicia mundial en el \u00faltimo festival de Cannes despert\u00f3 diferentes reacciones entre la cr\u00edtica especializada. Ya exhibido en Quebec, ahora con su estreno en Toronto es el turno del p\u00fablico angl\u00f3fono\u00a0 para juzgar este discutido film.<\/h3>\n<h3>Lo que propone Carax es provocar al espectador con una historia que en algunas circunstancias alcanza niveles delirantes pero que no llega a satisfacer plenamente. Si bien la premisa inicial podr\u00eda calificarse de original en el sentido de enfocar los diversos roles que muchas veces el ser humano tiene que asumir en la relaci\u00f3n cotidiana establecida con el pr\u00f3jimo, en este caso\u00a0 Carax no se propone efectuar una indagaci\u00f3n\u00a0 psicol\u00f3gica o social de lo que acontece con su personaje central.<\/h3>\n<h3>El protagonista de la historia es un tal Monsieur Oscar (Denis Lavanat) quien al comienzo del film aborda una\u00a0 limusina blanca conducida por Celine (Edith Scob), su\u00a0 colaboradora y persona de absoluta confianza. Durante el transcurso de un d\u00eda, atravesando los distintos barrios de Par\u00eds debe cumplir con una serie de encargos por los que deber\u00e1 encontrar a diferentes \u201cclientes\u201d;\u00a0 para cada uno de los mismos debe adoptar una\u00a0 personalidad distinta que lo obliga a transformar su indumentaria as\u00ed como sus rasgos f\u00edsicos. Entre algunos de los roles que encarna figura la de un rico banquero, una mujer pordiosera, un padre preocupado por su hija, un monstruo sat\u00edrico y el l\u00edder de una banda de acordeonistas de m\u00fasica rock.<\/h3>\n<h3>En esencia, toda la alucinatoria narraci\u00f3n est\u00e1 basada en una sucesi\u00f3n de vi\u00f1etas donde no hay vinculaci\u00f3n entre las mismas. Aunque es innegable que el film cuenta con algunos momentos de apreciables hallazgos visuales \u2013amparados en buena medida por la bella fotograf\u00eda de Caroline Champetier e Yves Cape- hay situaciones l\u00edmites que solo podr\u00e1n contentar a los fieles de Carax y\/o a quienes consdieren\u00a0 divertido o ingenioso salir al encuentro de \u00a0los personajes caracterizados por Oscar.<\/h3>\n<h3>Lavanat, uno de los actores preferidos del director, ofrece una excelente interpretaci\u00f3n en las diferentes personalidades que le toca representar,\u00a0 en especial como Monsieur Merde y la relaci\u00f3n que mantiene con una sensual modelo animada por Eva Mendes. El resto del elenco se desempe\u00f1a correctamente, incluyendo la breve participaci\u00f3n del veterano Michel Piccoli como el jefe de Oscar.<\/h3>\n<h3><strong><em>Conclusi\u00f3n: Trat\u00e1ndose de una fantas\u00eda surrealista decididamente controvertida, los m\u00e9ritos del trabajo de Carax depender\u00e1n del juicio de cada espectador para aprobarlo como un realizador ambicioso y visionario o,\u00a0 por el contrario, como un director indulgente y pretencioso que vuelca sus esfuerzos en un \u00a0film completamente banal. <\/em><\/strong><\/h3>\n<h3><strong><em>\u00a0<\/em><\/strong><strong>RETROSPECTIVA DE \u00a0LOS FILMES DE NICOL\u00c1S PEREDA<\/strong><\/h3>\n<h3>A partir de la pr\u00f3xima semana y por cuatro d\u00edas consecutivos, el TIFF Bell Lightbox ofrecer\u00e1 una retrospectiva de los filmes del joven realizador y guionista mexicano Nicol\u00e1s Pereda.<\/h3>\n<h3>Gracias a una beca obtenida, Pereda tuvo la oportunidad de estudiar cine en la Universidad de York de Toronto adem\u00e1s de haber entrado en contacto con su compatriota Alejandro Coronado quien lleg\u00f3 a ser el director de fotograf\u00eda de sus pel\u00edculas. A su regreso a M\u00e9xico en 2007 comenz\u00f3 a filmar su primer trabajo <strong>\u00bfD\u00f3nde<\/strong> <strong>est\u00e1n sus historias?<\/strong> con Teresa S\u00e1nchez y Gabino Rodr\u00edguez quienes llegar\u00edan a ser sus actores fetiches en subsecuentes proyectos.<\/h3>\n<h3>Dentro de un cine innovador que se caracteriza por una narraci\u00f3n no lineal en donde los silencios llegan en ciertas ocasiones a ser m\u00e1s elocuentes que las palabras, Pereda ha logrado realizar seis filmes a lo largo de 5 a\u00f1os, cimentando una madurez inusual a la vez que es merecedor de gran\u00a0 respeto y prestigio dentro del contexto de los festivales internacionales.<\/h3>\n<h3>El ciclo \u00a0comprende su completa filmograf\u00eda \u00a0comenzando el 22 de noviembre a las \u00a06:30 pm con la exhibici\u00f3n de <strong>\u00bfD\u00f3nde est\u00e1n sus historias?<\/strong> \u00a0En este film minimalista, el relato describe a un joven campesino que viaja a la ciudad de M\u00e9xico para salvar la granja de su abuela enferma y reencontrar a su madre de quien estaba alejado y que \u00a0trabaja como empleada dom\u00e9stica para un matrimonio de buena posici\u00f3n econ\u00f3mica. Aparte de la dif\u00edcil conexi\u00f3n entre madre e hijo, el realizador expone el contraste entre el ambiente rural y la sociedad urbana de su pa\u00eds\u00a0 as\u00ed como los latentes conflictos de clase social.\u00a0 El segundo film es <strong>Juntos <\/strong>(2009<strong>) <\/strong>que tambi\u00e9n se exhibir\u00e1 el jueves 22 a las 8:45 pm; \u00a0su tema est\u00e1 \u00a0centrado en la gradual desintegraci\u00f3n de una pareja que est\u00e1 confinada a vivir en un apretujado departamento de M\u00e9xico.\u00a0 En su tercer film <strong>Perpetuum Mobile <\/strong>(2010) Pereda aborda a dos muchachos que llevando una vida sin grandes preocupaciones se dedican a efectuar mudanzas para un sector de la alta clase media; asimismo,\u00a0 el director vuelve a plantear los conflictos existentes entre uno de los j\u00f3venes con su distante madre; el film se proyectar\u00e1 el\u00a0 viernes 23 de noviembre a las 6:30 pm.<\/h3>\n<h3>El\u00a0 s\u00e1bado 24 de noviembre a las 3:15pm se ver\u00e1 <strong>Todo en fin, el silencio lo ocupaba <\/strong>(2010); se trata de un documental donde Jesusa Rodr\u00edguez \u2013actriz,\u00a0 directora y activista pol\u00edtica mexicana- ofrece un recital del poema <em>Primer Sue\u00f1o<\/em> de Sor Juana In\u00e9s de la Cruz.<\/h3>\n<h3><strong>Verano de Goliath<\/strong> (2010), quinta pel\u00edcula del realizador, \u00a0obtuvo el premio Orizzonti en el festival de Venecia y a los pocos d\u00edas de ese evento fue \u00a0exhibido en el \u00a0TIFF. A trav\u00e9s de una narraci\u00f3n donde sutilmente entremezcla ficci\u00f3n y realidad, Pereda analiza variados t\u00f3picos vinculados con los misterios de la vida, la familia, el abandono, la infidelidad, el desempleo y la falta de recursos, tomando como referencia a un grupo de personas que forman parte de un entorno rural de M\u00e9xico. Algunos de estos temas ya hab\u00edan sido considerados por el realizador en su\u00a0 cortometraje\u00a0 <strong>Entrevista con la tierra<\/strong>(2008), que tambi\u00e9n se ver\u00e1 precediendo la exhibici\u00f3n del film principal. La exhibici\u00f3n tiene lugar el s\u00e1bado 24 de noviembre a las 7:00 pm.<\/h3>\n<div id=\"attachment_426288\" style=\"width: 710px\" class=\"wp-caption aligncenter\"><a href=\"https:\/\/diarioelpopular.com\/wp-content\/uploads\/2012\/11\/web.los-mejores.jpg\"><img loading=\"lazy\" decoding=\"async\" aria-describedby=\"caption-attachment-426288\" class=\"size-full wp-image-426288\" title=\"web.los-mejores\" src=\"https:\/\/diarioelpopular.com\/wp-content\/uploads\/2012\/11\/web.los-mejores.jpg\" alt=\"\" width=\"700\" height=\"420\" \/><\/a><p id=\"caption-attachment-426288\" class=\"wp-caption-text\">Jos\u00e9 Rodr\u00edguez y Gabino Rodr\u00edguez en LOS MEJORES TEMAS<\/p><\/div>\n<h3>El ciclo concluye el domingo 25 de noviembre a las 4:00 pm con la presentaci\u00f3n de su \u00faltimo film\u00a0 <strong>Los mejores temas <\/strong>(2012), en car\u00e1cter de primicia para Toronto. Seg\u00fan se anticipa, la trama gira en torno de un individuo de 50 a\u00f1os que habiendo abandonado su hogar, reaparece ante su familia despu\u00e9s de 15 a\u00f1os de ausencia. Lo que sigue es el esfuerzo que realiza este hombre para \u00a0recomponer la relaci\u00f3n con su hijo.<\/h3>\n<h3>En todas las exhibiciones estar\u00e1 presente Nicol\u00e1s Pereda.<\/h3>\n","protected":false},"excerpt":{"rendered":"<p>Con toda seguridad ser\u00e1 uno de los filmes m\u00e1s comentados de esta temporada invernal y  posiblemente lograr\u00e1 varias nominaciones para el Oscar.<\/p>\n","protected":false},"author":1,"featured_media":426286,"comment_status":"open","ping_status":"open","sticky":false,"template":"","format":"standard","meta":{"footnotes":""},"categories":[21,81,434],"tags":[2202,2442,2499],"class_list":["post-426285","post","type-post","status-publish","format-standard","has-post-thumbnail","hentry","category-canada","category-columnistas","category-hablemos-de-cine","tag-cine-3","tag-de","tag-hablemos"],"_links":{"self":[{"href":"https:\/\/diarioelpopular.com\/index.php\/wp-json\/wp\/v2\/posts\/426285","targetHints":{"allow":["GET"]}}],"collection":[{"href":"https:\/\/diarioelpopular.com\/index.php\/wp-json\/wp\/v2\/posts"}],"about":[{"href":"https:\/\/diarioelpopular.com\/index.php\/wp-json\/wp\/v2\/types\/post"}],"author":[{"embeddable":true,"href":"https:\/\/diarioelpopular.com\/index.php\/wp-json\/wp\/v2\/users\/1"}],"replies":[{"embeddable":true,"href":"https:\/\/diarioelpopular.com\/index.php\/wp-json\/wp\/v2\/comments?post=426285"}],"version-history":[{"count":0,"href":"https:\/\/diarioelpopular.com\/index.php\/wp-json\/wp\/v2\/posts\/426285\/revisions"}],"wp:featuredmedia":[{"embeddable":true,"href":"https:\/\/diarioelpopular.com\/index.php\/wp-json\/"}],"wp:attachment":[{"href":"https:\/\/diarioelpopular.com\/index.php\/wp-json\/wp\/v2\/media?parent=426285"}],"wp:term":[{"taxonomy":"category","embeddable":true,"href":"https:\/\/diarioelpopular.com\/index.php\/wp-json\/wp\/v2\/categories?post=426285"},{"taxonomy":"post_tag","embeddable":true,"href":"https:\/\/diarioelpopular.com\/index.php\/wp-json\/wp\/v2\/tags?post=426285"}],"curies":[{"name":"wp","href":"https:\/\/api.w.org\/{rel}","templated":true}]}}