{"id":427534,"date":"2012-11-21T12:57:13","date_gmt":"2012-11-21T17:57:13","guid":{"rendered":"http:\/\/diarioelpopular.com\/?p=427534"},"modified":"2013-06-17T18:30:45","modified_gmt":"2013-06-17T22:30:45","slug":"macho-camacho-sometido-a-pruebas-para-determinar-si-tiene-muerte-cerebral","status":"publish","type":"post","link":"https:\/\/diarioelpopular.com\/index.php\/2012\/11\/21\/macho-camacho-sometido-a-pruebas-para-determinar-si-tiene-muerte-cerebral\/","title":{"rendered":"Fallece el exboxeador puertorrique\u00f1o H\u00e9ctor &#8220;Macho&#8221; Camacho"},"content":{"rendered":"<div id=\"attachment_427535\" style=\"width: 710px\" class=\"wp-caption aligncenter\"><a href=\"https:\/\/diarioelpopular.com\/wp-content\/uploads\/2012\/11\/20121121_634891065165779850w.jpg\"><img loading=\"lazy\" decoding=\"async\" aria-describedby=\"caption-attachment-427535\" class=\"size-full wp-image-427535\" title=\"20121121_634891065165779850w\" src=\"https:\/\/diarioelpopular.com\/wp-content\/uploads\/2012\/11\/20121121_634891065165779850w.jpg\" alt=\"\" width=\"700\" height=\"758\" \/><\/a><p id=\"caption-attachment-427535\" class=\"wp-caption-text\">BOGOT\u00c1 (COLOMBIA).- Fotograf\u00eda de archivo del exboxeador puertorrique\u00f1o H\u00e9ctor &quot;Macho&quot; Camacho durante un combate en Tucson, Arizona (EEUU). Camacho falleci\u00f3 a los 50 a\u00f1os de edad a causa del disparo recibido el pasado martes en la isla caribe\u00f1a, confirm\u00f3 hoy, jueves 22 de noviembre de 2012, el director del Centro M\u00e9dico de San Juan (Puerto Rico), Ernesto Torres.<\/p><\/div>\n<p>San Juan.- El exboxeador puertorrique\u00f1o H\u00e9ctor &#8220;Macho&#8221;\u00a0Camacho\u00a0ha fallecido a los 50 a\u00f1os de edad a causa del disparo recibido el pasado martes en la isla caribe\u00f1a, confirm\u00f3 este jueves el director del Centro M\u00e9dico de San Juan, Ernesto Torres.<\/p>\n<div id=\"texto\">\n<div>\n<p>El m\u00e9dico explic\u00f3 en declaraciones a los medios que las \u00faltimas pruebas realizadas al extriple campe\u00f3n de boxeo certificaron su muerte cerebral.<\/p>\n<p>El exdeportista fue herido de bala la noche del pasado martes en un incidente en el que el hombre que le acompa\u00f1aba muri\u00f3 al ser tiroteado por uno desconocidos frente a un establecimiento de Bayam\u00f3n, distrito del \u00e1rea metropolitana de San Juan.<\/p>\n<p>Ernesto Torres dijo que &#8220;Macho&#8221;\u00a0Camacho\u00a0perdi\u00f3 la \u00faltima pelea de su vida, despu\u00e9s de casi dos d\u00edas en los que los m\u00e9dicos esperaron hasta las \u00faltimas pruebas para dar por muerto a uno de los grandes boxeadores que ha dado el pugilismo en la isla caribe\u00f1a.<\/p>\n<p>El m\u00e9dico subray\u00f3 que el diagn\u00f3stico final es el de fallecimiento por muerte cerebral y que la familia del exboxeador decidir\u00e1 ma\u00f1ana, viernes, si lo desconecta del ventilador artificial que lo mantiene vivo de forma mec\u00e1nica.<\/p>\n<p>Indic\u00f3 que el padre de &#8220;Macho&#8221;\u00a0Camacho\u00a0ha expresado el deseo de que se donen sus \u00f3rganos, adem\u00e1s de solicitar al hospital que todav\u00eda no sea desconectado de la m\u00e1quina que lo mantiene con vida artificialmente.<\/p>\n<p>La decisi\u00f3n de cu\u00e1ndo desconectarlo, aclar\u00f3, se tomar\u00e1 despu\u00e9s de la llegada a la isla del hijo del exp\u00fagil, tambi\u00e9n llamado H\u00e9ctor\u00a0Camacho, al que se espera en las pr\u00f3ximas horas procedente de Nueva York.<\/p>\n<p>El exboxeador fue disparado la noche del pasado martes en las cercan\u00edas de un establecimiento de Bayam\u00f3n, localidad del \u00e1rea metropolitana de San Juan, en un incidente en el que muri\u00f3 Alberto Yamil Mojica Moreno, amigo del exp\u00fagil y fichado por la Polic\u00eda por tr\u00e1fico de drogas.<\/p>\n<p>&#8220;Macho&#8221;\u00a0Camacho\u00a0recibi\u00f3 un impacto de bala en la mand\u00edbula izquierda que le fractur\u00f3 las cervicales n\u00famero 5 y 6, y provoc\u00f3 una lesi\u00f3n en la arteria car\u00f3tida que interrumpi\u00f3 el flujo de sangre hacia el cerebro.<\/p>\n<p>La Polic\u00eda de Puerto Rico investiga los hechos aunque no han trascendido todav\u00eda datos sobre el motivo del incidente.<\/p>\n<p>La muerte de &#8220;Macho&#8221;\u00a0Camacho\u00a0pone fin a la intensa vida de un boxeador que lo fue todo sobre el cuadril\u00e1tero pero que al igual que muchos otros p\u00fagiles deriv\u00f3 hacia problemas en los que estuvieron presentes las drogas, el alcohol y acusaciones de violencia dom\u00e9stica.<\/p>\n<p>El exp\u00fagil inici\u00f3 sus problemas con la justicia en 2005, cuando fue acusado de posesi\u00f3n de drogas, en concreto \u00e9xtasis, problemas que se sucedieron dos a\u00f1os m\u00e1s tarde, cuando se declar\u00f3 culpable de estar bajo los efectos del alcohol en un incidente en el estado de Misisipi ocurrido en un establecimiento del que pretend\u00eda llevarse sin pagar una computadora.<\/p>\n<p>En septiembre de 2011, el veh\u00edculo de Macho &#8220;Camacho&#8221; fue tiroteada en San Juan en un suceso poco claro en el que el boxeador dijo haber sido v\u00edctima de un intento de agresi\u00f3n.<\/p>\n<p>Los \u00faltimos a\u00f1os de &#8220;Macho&#8221;\u00a0Camacho\u00a0no pueden empa\u00f1ar la espectacular carrera sobre los cuadril\u00e1teros del boxeador, nacido en Bayam\u00f3n, localidad cercana a San Juan, pero criado en Nueva York, donde hizo su debut a nivel profesional en 1980.<\/p>\n<p>Empez\u00f3 as\u00ed una carrera mete\u00f3rica para el exc\u00e9ntrico boxeador que despu\u00e9s de 21 victorias seguidas tuvo la primera oportunidad de luchar por un t\u00edtulo mundial el 7 de agosto de 1983, que aprovech\u00f3 al imponerse en cinco asaltos al mexicano Rafael &#8216;Bazooka&#8217; Lim\u00f3n.<\/p>\n<p>Camacho\u00a0continu\u00f3 defendiendo con \u00e9xito su corona de las 130 libras (59 kilos) hasta que decidi\u00f3 subir un escalaf\u00f3n en el peso ligero del CMB, al derrotar por decisi\u00f3n un\u00e1nime al tambi\u00e9n mexicano Jos\u00e9 Luis Ram\u00edrez el 10 de agosto de 1985 en Las Vegas.<\/p>\n<p>En junio de 1986 se enfrent\u00f3 al tambi\u00e9n puertorrique\u00f1o Edwin &#8216;Chapo&#8217; Rosario, al que derrot\u00f3 por decisi\u00f3n dividida en pelea celebrada en el Madison Square Garden de Nueva York.<\/p>\n<p>Tres a\u00f1os despu\u00e9s, el 6 de marzo de 1989,\u00a0Camacho\u00a0conquist\u00f3 su tercer t\u00edtulo, esta vez, el j\u00fanior welter de la Organizaci\u00f3n Mundial de Boxeo (OMB) por la misma v\u00eda sobre Ray &#8216;Boom Boom&#8217; Mancini.<\/p>\n<p>Camacho\u00a0sufri\u00f3 en 1991 su primera derrota ante Greg Haugen por decisi\u00f3n dividida cuando defend\u00eda su cetro j\u00fanior welter de la OMB, aunque en revancha, el boricua se lo arrebat\u00f3 al vencerlo con el mismo resultado.<\/p>\n<p>Camacho\u00a0subi\u00f3 por vez \u00faltima a un cuadril\u00e1tero el 14 de mayo de 2010, cuando perdi\u00f3 por decisi\u00f3n un\u00e1nime frente al mexicano Sa\u00fal Dur\u00e1n, antes de retirarse con una marca de 79 victorias, seis derrotas y tres empates.<\/p>\n<\/div>\n<\/div>\n","protected":false},"excerpt":{"rendered":"<p>El exboxeador puertorrique\u00f1o H\u00e9ctor &#8220;Macho&#8221; Camacho ha fallecido a los 50 a\u00f1os de edad a causa del disparo recibido el pasado martes en la isla caribe\u00f1a, confirm\u00f3 este jueves el director del Centro M\u00e9dico de San Juan, Ernesto Torres.<\/p>\n","protected":false},"author":1,"featured_media":427535,"comment_status":"open","ping_status":"open","sticky":false,"template":"","format":"standard","meta":{"footnotes":""},"categories":[28,23,24],"tags":[5769,5807,5808,4324,5482,5809],"class_list":["post-427534","post","type-post","status-publish","format-standard","has-post-thumbnail","hentry","category-deportes","category-latinoamerica","category-mundo","tag-camacho","tag-hector","tag-macho","tag-puerto","tag-rico","tag-tirotado"],"_links":{"self":[{"href":"https:\/\/diarioelpopular.com\/index.php\/wp-json\/wp\/v2\/posts\/427534","targetHints":{"allow":["GET"]}}],"collection":[{"href":"https:\/\/diarioelpopular.com\/index.php\/wp-json\/wp\/v2\/posts"}],"about":[{"href":"https:\/\/diarioelpopular.com\/index.php\/wp-json\/wp\/v2\/types\/post"}],"author":[{"embeddable":true,"href":"https:\/\/diarioelpopular.com\/index.php\/wp-json\/wp\/v2\/users\/1"}],"replies":[{"embeddable":true,"href":"https:\/\/diarioelpopular.com\/index.php\/wp-json\/wp\/v2\/comments?post=427534"}],"version-history":[{"count":1,"href":"https:\/\/diarioelpopular.com\/index.php\/wp-json\/wp\/v2\/posts\/427534\/revisions"}],"predecessor-version":[{"id":451463,"href":"https:\/\/diarioelpopular.com\/index.php\/wp-json\/wp\/v2\/posts\/427534\/revisions\/451463"}],"wp:featuredmedia":[{"embeddable":true,"href":"https:\/\/diarioelpopular.com\/index.php\/wp-json\/"}],"wp:attachment":[{"href":"https:\/\/diarioelpopular.com\/index.php\/wp-json\/wp\/v2\/media?parent=427534"}],"wp:term":[{"taxonomy":"category","embeddable":true,"href":"https:\/\/diarioelpopular.com\/index.php\/wp-json\/wp\/v2\/categories?post=427534"},{"taxonomy":"post_tag","embeddable":true,"href":"https:\/\/diarioelpopular.com\/index.php\/wp-json\/wp\/v2\/tags?post=427534"}],"curies":[{"name":"wp","href":"https:\/\/api.w.org\/{rel}","templated":true}]}}