{"id":427543,"date":"2012-11-21T18:26:38","date_gmt":"2012-11-21T23:26:38","guid":{"rendered":"http:\/\/diarioelpopular.com\/?p=427543"},"modified":"2012-11-21T18:26:38","modified_gmt":"2012-11-21T23:26:38","slug":"canada-celebra-el-alto-el-fuego-y-confia-en-que-los-palestinos-lo-respeten","status":"publish","type":"post","link":"https:\/\/diarioelpopular.com\/index.php\/2012\/11\/21\/canada-celebra-el-alto-el-fuego-y-confia-en-que-los-palestinos-lo-respeten\/","title":{"rendered":"Canad\u00e1 celebra el alto el fuego y conf\u00eda en que los palestinos lo respeten"},"content":{"rendered":"<div id=\"attachment_427544\" style=\"width: 710px\" class=\"wp-caption aligncenter\"><a href=\"https:\/\/diarioelpopular.com\/wp-content\/uploads\/2012\/11\/web.1baird.jpg\"><img loading=\"lazy\" decoding=\"async\" aria-describedby=\"caption-attachment-427544\" class=\"size-full wp-image-427544\" title=\"web.1baird\" src=\"https:\/\/diarioelpopular.com\/wp-content\/uploads\/2012\/11\/web.1baird.jpg\" alt=\"\" width=\"700\" height=\"420\" \/><\/a><p id=\"caption-attachment-427544\" class=\"wp-caption-text\">Baird tambi\u00e9n se\u00f1al\u00f3 que Canad\u00e1 apoya &quot;el derecho de Israel a defenderse contra el terrorismo&quot;.<\/p><\/div>\n<p><strong><em>Toronto<\/em><\/strong>, 21 nov.- Canad\u00e1 celebr\u00f3 este mi\u00e9rcoles el alto el fuego acordado entre Israel y Hamas a la vez que expres\u00f3 su esperanza de que &#8220;las c\u00e9lulas terroristas de Gaza&#8221; respeten los t\u00e9rminos del acuerdo alcanzado tras una semana de combates.<\/p>\n<div id=\"texto\">\n<div>\n<p>El ministros de Asuntos Exteriores de Canad\u00e1, John Baird, dijo a trav\u00e9s de un comunicado: &#8220;estamos profundamente preocupados por la p\u00e9rdida de vidas inocentes en ambos lados y esperamos que este acuerdo termine con el miedo, la violencia y la muerte de los \u00faltimos d\u00edas&#8221;.<\/p>\n<p>Baird tambi\u00e9n se\u00f1al\u00f3 que Canad\u00e1 apoya &#8220;el derecho de Israel a defenderse contra el terrorismo&#8221;.<\/p>\n<p>Poco antes de emitir el comunicado, Baird conden\u00f3 a trav\u00e9s de Twitter el ataque contra un autob\u00fas en Tel Aviv en el que varias personas resultaron heridas y a\u00f1adi\u00f3 que &#8220;estos actos diab\u00f3licos no logran nada excepto angustia y la continuaci\u00f3n de la violencia&#8221;.<\/p>\n<p>Baird volvi\u00f3 a repetir que &#8220;Canad\u00e1 continuar\u00e1 apoyando a Israel a medida que se enfrenta a amenazas regionales a la paz y la seguridad&#8221;.<\/p>\n<p>M\u00e1s de 147 palestinos y cinco israel\u00edes han muerto en la \u00faltima semana a consecuencia del bombardeo israel\u00ed de la franja de Gaza y el lanzamiento de cohetes por parte de las milicias palestinas.<\/p>\n<p>La semana pasada Canad\u00e1 expres\u00f3 su apoyo al asesinato del l\u00edder del brazo armado de Ham\u00e1s en Gaza, Ahmed Yabari, que desencaden\u00f3 la \u00faltima ronda de violencia entre israel\u00edes y palestinos y dijo que Israel tiene &#8220;el derecho de defenderse&#8221; contra las amenazas terroristas.<\/p>\n<\/div>\n<\/div>\n","protected":false},"excerpt":{"rendered":"<p>Canad\u00e1 celebr\u00f3 este mi\u00e9rcoles el alto el fuego acordado entre Israel y Hamas a la vez que expres\u00f3 su esperanza de que &#8220;las c\u00e9lulas terroristas de Gaza&#8221; respeten los t\u00e9rminos.<\/p>\n","protected":false},"author":1,"featured_media":427544,"comment_status":"open","ping_status":"open","sticky":false,"template":"","format":"standard","meta":{"footnotes":""},"categories":[21,24],"tags":[3730,4225,5813,536,5371,286,5761],"class_list":["post-427543","post","type-post","status-publish","format-standard","has-post-thumbnail","hentry","category-canada","category-mundo","tag-ataques","tag-baird","tag-cese","tag-fuego","tag-gaza","tag-israel","tag-ofensiva"],"_links":{"self":[{"href":"https:\/\/diarioelpopular.com\/index.php\/wp-json\/wp\/v2\/posts\/427543","targetHints":{"allow":["GET"]}}],"collection":[{"href":"https:\/\/diarioelpopular.com\/index.php\/wp-json\/wp\/v2\/posts"}],"about":[{"href":"https:\/\/diarioelpopular.com\/index.php\/wp-json\/wp\/v2\/types\/post"}],"author":[{"embeddable":true,"href":"https:\/\/diarioelpopular.com\/index.php\/wp-json\/wp\/v2\/users\/1"}],"replies":[{"embeddable":true,"href":"https:\/\/diarioelpopular.com\/index.php\/wp-json\/wp\/v2\/comments?post=427543"}],"version-history":[{"count":0,"href":"https:\/\/diarioelpopular.com\/index.php\/wp-json\/wp\/v2\/posts\/427543\/revisions"}],"wp:featuredmedia":[{"embeddable":true,"href":"https:\/\/diarioelpopular.com\/index.php\/wp-json\/"}],"wp:attachment":[{"href":"https:\/\/diarioelpopular.com\/index.php\/wp-json\/wp\/v2\/media?parent=427543"}],"wp:term":[{"taxonomy":"category","embeddable":true,"href":"https:\/\/diarioelpopular.com\/index.php\/wp-json\/wp\/v2\/categories?post=427543"},{"taxonomy":"post_tag","embeddable":true,"href":"https:\/\/diarioelpopular.com\/index.php\/wp-json\/wp\/v2\/tags?post=427543"}],"curies":[{"name":"wp","href":"https:\/\/api.w.org\/{rel}","templated":true}]}}