{"id":428603,"date":"2012-11-22T23:29:40","date_gmt":"2012-11-23T04:29:40","guid":{"rendered":"http:\/\/diarioelpopular.com\/?p=428603"},"modified":"2012-11-22T23:29:40","modified_gmt":"2012-11-23T04:29:40","slug":"hablemos-de-cine-30","status":"publish","type":"post","link":"https:\/\/diarioelpopular.com\/index.php\/2012\/11\/22\/hablemos-de-cine-30\/","title":{"rendered":"HABLEMOS DE CINE"},"content":{"rendered":"<div id=\"attachment_428604\" style=\"width: 710px\" class=\"wp-caption aligncenter\"><a href=\"https:\/\/diarioelpopular.com\/wp-content\/uploads\/2012\/11\/web.life_.jpg\"><img loading=\"lazy\" decoding=\"async\" aria-describedby=\"caption-attachment-428604\" class=\"size-full wp-image-428604\" title=\"web.life\" src=\"https:\/\/diarioelpopular.com\/wp-content\/uploads\/2012\/11\/web.life_.jpg\" alt=\"\" width=\"700\" height=\"420\" \/><\/a><p id=\"caption-attachment-428604\" class=\"wp-caption-text\">Suraj Sharma en LIFE OF PI.<\/p><\/div>\n<p align=\"center\"><strong>Por Jorge Gutman<\/strong><strong>\u00a0<\/strong><\/p>\n<p>Basado en el libro hom\u00f3nimo\u00a0 de Yann Martel publicado en 2001 que gener\u00f3 m\u00e1s de 9 millones de copias, tanto los lectores del mismo como quienes no han tenido oportunidad de leerlo, apreciar\u00e1n el meticuloso trabajo de Ang Lee. Aunque la aventura que vive su protagonista adquiere ribetes m\u00e1gicos, el film es un relato de sobrevivencia del hombre expuesto a la naturaleza as\u00ed como una historia filos\u00f3ficamente m\u00edstica donde aspectos teol\u00f3gicos y de fe confluyen en la creencia que asume su principal personaje.<\/p>\n<p>El film comienza \u00a0en Canad\u00e1 con un\u00a0 desconocido escritor (Rafe Spall) -probablemente el alter ego de Martel- atentamente escuchando la historia que le cuenta Pi (Irrfan Khan), un hombre de mediana edad originario de India. As\u00ed, el espectador se impone de \u00a0la singular y dram\u00e1tica experiencia que en su juventud atraves\u00f3 en compa\u00f1\u00eda de un salvaje animal.<\/p>\n<p>Tratando de enmarcar el relato de Pi \u00a0dentro de una zona donde ficci\u00f3n y realidad llegan a confundirse, el gui\u00f3n de David Magee\u00a0 introduce a Santosh Patel (Adil Hussain) y su esposa (Tabu) operando un zool\u00f3gico en Pondicherry, una antigua colonia francesa de la India. El menor de sus dos hijos es Piscine quien desde ni\u00f1o guard\u00f3 una extra\u00f1a reverencia por Dios.<\/p>\n<p>Ya como adolescente adulto, Piscine \u2013habiendo adoptado el nombre de Pi (Suraj Sharma)- \u00a0a pesar de haber profesado el hinduismo, su afici\u00f3n por lecturas mitol\u00f3gicas hace que tambi\u00e9n se sienta inclinado por el \u00a0cristianismo y \u00a0la religi\u00f3n musulmana.<\/p>\n<p>Cuando dificultades financieras motivan que los padres de Pi cierren su empresa y emprendan con toda la familia un viaje a Canad\u00e1 \u2013junto con algunos animales del zool\u00f3gico-\u00a0 para iniciar una nueva vida,\u00a0 el barco carguero que los transporta enfrenta una\u00a0 brutal tormenta zozobrando en medio del oc\u00e9ano. A partir de ese momento el film adquiere el car\u00e1cter de una aventura fant\u00e1stica mostrando a\u00a0 Pi y a un feroz tigre de bengala (magn\u00edficamente logrado a trav\u00e9s de imagen generada por computadora) como los \u00fanicos sobrevivientes de la tragedia.<\/p>\n<p>Con el deslumbrante escenario de la soledad marina, Pi adquiere plena conciencia del estado err\u00e1tico y ca\u00f3tico que puede asumir la naturaleza; es all\u00ed donde\u00a0 el film adquiere inusitada tensi\u00f3n en las estrategias que debe utilizar el adolescente para convivir con\u00a0 la\u00a0 bestia felina\u00a0 cuyos naturales instintos asesinos la hacen dif\u00edcil de domar. En esas secuencias el relato deja traslucir la relaci\u00f3n que se crea entre el espiritual adolescente deseoso de sobrevivir y el factor divino interviniente para que\u00a0 resulte posible.<\/p>\n<p>La decisi\u00f3n de Lee de rodar esta singular f\u00e1bula en 3D confiere a las im\u00e1genes una especial riqueza visual, sobre todo en la casi hora de duraci\u00f3n en que se contempla a los dos n\u00e1ufragos en medio de las aguas oce\u00e1nicas enfrentando la majestuosidad y belleza de la naturaleza. Aunque no siempre el uso cada vez m\u00e1s generalizado de la tercera dimensi\u00f3n cumple con el prop\u00f3sito deseado, en este caso el formato empleado por el realizador proporciona positivos resultados art\u00edsticos.<\/p>\n<p>Si bien esta historia de\u00a0 determinaci\u00f3n, perseverancia y esperanza alcanza momentos de considerable valor espiritual, el film \u2013indudablemente bien hecho- no logra suficiente impacto dram\u00e1tico, sobre todo en su \u00faltima\u00a0 parte donde su alegor\u00eda religiosa no llega a satisfacer totalmente.<\/p>\n<p>Con excepci\u00f3n de la breve participaci\u00f3n de G\u00e9rard Depardieu animando el rol del cocinero en el buque carguero, no hay en el elenco nombres conocidos; con todo, cabe destacar la remarcable participaci\u00f3n del debutante Suraj Sharma de 17 a\u00f1os de edad quien \u00a0domina con su presencia todo el film brindando una convincente caracterizaci\u00f3n de un muchacho de naturaleza introvertida que se ve forzado a utilizar su m\u00e1xima energ\u00eda f\u00edsica al tratar de salvar su vida frente a un feroz animal.<\/p>\n<p><strong><em>En l\u00edneas generales, el tratamiento logrado por el realizador es encomiable teniendo en cuenta las dificultades que la novela ofrec\u00eda y que parec\u00eda casi imposible de ser filmada; aunque un poco larga, esta fantas\u00eda espiritual de supervivencia resulta convincente y no desmerece la novela original.<\/em><\/strong><\/p>\n<div id=\"attachment_428605\" style=\"width: 710px\" class=\"wp-caption aligncenter\"><a href=\"https:\/\/diarioelpopular.com\/wp-content\/uploads\/2012\/11\/web.a-lete.jpg\"><img loading=\"lazy\" decoding=\"async\" aria-describedby=\"caption-attachment-428605\" class=\"size-full wp-image-428605\" title=\"web.a-lete\" src=\"https:\/\/diarioelpopular.com\/wp-content\/uploads\/2012\/11\/web.a-lete.jpg\" alt=\"\" width=\"700\" height=\"420\" \/><\/a><p id=\"caption-attachment-428605\" class=\"wp-caption-text\">Mark Ivanir, Philip Seymour Hoffman, Christopher Walken y Catherine Keener en A LATE QUARTET.<\/p><\/div>\n<p><strong>A LATE QUARTET<\/strong>. Estados Unidos, 2012. Un film de Yaron Zilberman<\/p>\n<p>En su primer film como realizador, Yaron Zilberman considera un tema no muy frecuente adoptando la m\u00fasica cl\u00e1sica como eje de un drama realista profundamente humano.<\/p>\n<p>Los m\u00faltiples conjuntos de m\u00fasica de c\u00e1mara que existen a trav\u00e9s del mundo motivan que\u00a0 con el \u00a0paso del tiempo algunos de sus miembros se retiren para ceder lugar a otros que se incorporan, sin que ese hecho afecte mayormente su continuidad; en este caso, el gui\u00f3n del realizador escrito con\u00a0 Seth\u00a0 Grossman introduce\u00a0 un cuarteto de cuerdas que enfrenta una etapa cr\u00edtica cuando uno de sus integrantes se ve obligado a alejarse del mismo.<\/p>\n<p>Durante 25 a\u00f1os y con aproximadamente 3000 conciertos ejecutados en ese lapso, el Cuarteto de Cuerdas Fugue ha gozado de una importante reputaci\u00f3n internacional debido a su impecable maestr\u00eda. Sus miembros est\u00e1n integrados por\u00a0 Daniel Lerner (Mark Ivanir) \u2013primer viol\u00edn-, Robert Gelbart (Philip Seymour Hoffman) \u2013segundo viol\u00edn-,\u00a0 la violista Juliette (Catherine Keener), quien es tambi\u00e9n la se\u00f1ora de Robert, y el violonchelista Peter Mitchell (Christopher Walken) quienes han conformado una satisfactoria relaci\u00f3n tanto humana como profesional.<\/p>\n<p>La descripta armon\u00eda prevaleciente expondr\u00e1 ciertas fisuras no previstas cuando Peter, el m\u00e1s veterano del conjunto y su mentor musical, comienza a experimentar una debilidad en sus dedos, donde finalmente se descubre que padece los primeros s\u00edntomas del mal de Parkinson; eso lo lleva a anunciar que muy pronto dejar\u00e1 a sus colegas. Inesperadamente y como si se tratara de la apertura de una caja de Pandora, ese hecho har\u00e1 que frustraciones y resentimientos ocultos salgan a relucir.<\/p>\n<p>Aprovechando la pronta partida de Peter, Robert cree que ha llegado el momento de que Daniel comparta con \u00e9l la posici\u00f3n de primer viol\u00edn; durante larg\u00f3 tiempo guard\u00f3 secretamente el fastidio de tener que ocupar el segundo puesto y a pesar de que su rol no dejar de ser importante no alcanza a tener la envergadura de un primer viol\u00edn que es el que conduce al conjunto. El perfeccionista Peter se niega acceder a ello y como Juliette quiere evitar que el grupo se disgregue trata de persuadir a su marido que cambie de actitud y que siga ocupando la misma funci\u00f3n; eso origina un grave conflicto en la relaci\u00f3n conyugal incluyendo una situaci\u00f3n de adulterio. Por si eso no fuese suficiente, Alexandra (Imogene Poots), la hija de la pareja que es una joven y prometedora violinista, siente un profundo resentimiento hacia sus padres al haber experimentado una soledad afectiva en su infancia cuando ellos se alejaban para viajar por el mundo en cumplimiento de los compromisos profesionales asumidos por el\u00a0 cuarteto.<\/p>\n<p>Aunque mucho de lo expuesto puede que en la letra escrita suene melodram\u00e1tico o de telenovela,\u00a0 el film lo desmiente porque hasta en los momentos de mayor tensi\u00f3n el realizador\u00a0 ha cuidado de evitar el desborde lacrim\u00f3geno o forzadamente sentimental.<\/p>\n<p>Uno de los placeres de este film es el desempe\u00f1o de su excelente elenco compenetr\u00e1ndose perfectamente en cada uno de los personajes asignados. Walken, en uno de los mejores papeles de su carrera, impresiona\u00a0 como el digno hombre que adopta una decisi\u00f3n penosa, teniendo en cuenta que la agrupaci\u00f3n a la que pertenece y su\u00a0 pasi\u00f3n por la m\u00fasica significaron una de las principales razones que alentaron su existencia. Hoffman sigue demostrando que es uno de los grandes actores mundiales al transmitir con total convicci\u00f3n al reprimido m\u00fasico\u00a0 que cree haber sido dominado y\/o manejado por su colega violinista rival. Keener conmueve al sentir que su dedicaci\u00f3n al cuarteto no le permiti\u00f3 cumplir con el verdadero rol de madre,\u00a0 en tanto que\u00a0 Ivanir transmite acertadamente la personalidad del dotado violinista\u00a0 y fundador del conjunto que no est\u00e1 de ning\u00fan modo dispuesto a ceder su posici\u00f3n de liderazgo.<\/p>\n<p>El t\u00edtulo del film hace alusi\u00f3n a uno de los \u00faltimos y m\u00e1s bellos\u00a0 cuartetos de cuerda \u2013el Nro. 14 op. 131- que el genial Beethoven compuso en 1826, un a\u00f1o antes de su muerte. Su complejidad mel\u00f3dica y de no f\u00e1cil ejecuci\u00f3n constituye el leitmotiv del film, a la vez que es la obra escogida por Peter para la conclusi\u00f3n de su carrera.<\/p>\n<p>Por razones obvias evito comentar el desenlace de esta historia,\u00a0 pero en todo caso puedo anticipar que es lo suficientemente conmovedor como para no dejar a nadie indiferente.<\/p>\n<p><strong><em>Conclusi\u00f3n: Un film at\u00edpico, original, inteligente y cautivante donde no se requiere ser m\u00fasico ni tampoco mel\u00f3mano para disfrutarlo plenamente.<\/em><\/strong><\/p>\n<div id=\"attachment_428606\" style=\"width: 710px\" class=\"wp-caption aligncenter\"><a href=\"https:\/\/diarioelpopular.com\/wp-content\/uploads\/2012\/11\/web.clo_.jpg\"><img loading=\"lazy\" decoding=\"async\" aria-describedby=\"caption-attachment-428606\" class=\"size-full wp-image-428606\" title=\"web.clo\" src=\"https:\/\/diarioelpopular.com\/wp-content\/uploads\/2012\/11\/web.clo_.jpg\" alt=\"\" width=\"700\" height=\"420\" \/><\/a><p id=\"caption-attachment-428606\" class=\"wp-caption-text\">. J\u00e9r\u00e9mie Renier en CLOCLO<\/p><\/div>\n<p align=\"center\"><strong>VIDEO<\/strong><\/p>\n<p><strong>CLOCLO<\/strong>. Francia-B\u00e9lgica, 2012. Direcci\u00f3n: Florent-Emilio Siri. Distribuci\u00f3n: Seville\/Entertainment One (2012)<\/p>\n<p>Claude-Fran\u00e7ois \u2013apodado Cloclo- \u00a0ha sido considerado para gran parte del p\u00fablico franc\u00e9s un mito de la canci\u00f3n popular y al ver esta pel\u00edcula se rememora con nostalgia la trayectoria de una figura que tuvo su momento de gloria y que desgraciadamente el destino lo marc\u00f3 tr\u00e1gicamente al morir electrocutado en marzo de 1978 a los 39 a\u00f1os de edad.<\/p>\n<p>El \u00a0director Florent-Emilio Siri no hizo gran esfuerzo para innovar este film biogr\u00e1fico; todo sigue un rumbo predecible marcando los pasos vividos desde su infancia en un hogar confortable de Egipto, para inmigrar posteriormente a Francia para comenzar su carrera de baterista y posteriormente convertirse en \u00eddolo de la canci\u00f3n.<\/p>\n<p>Hijo de un autoritario padre franc\u00e9s y de una c\u00e1lida e incondicional madre italiana, el adolescente Cloclo, queda marcado por la relaci\u00f3n dif\u00edcil mantenida con su progenitor quien se opuso a que dejara una carrera convencional en un banco para dedicarse a la m\u00fasica.\u00a0 De all\u00ed en m\u00e1s el relato destaca la personalidad compleja, contradictoria y en gran parte ego\u00edsta del cantante, sus relaciones amorosas y su rol como compositor de algunas de las canciones francesas (<em>le t\u00e9l\u00e9phone pleure<\/em>, <em>Alexandrie Alexandra<\/em>) que hicieron vibrar a los j\u00f3venes de la d\u00e9cada del 60 y 70. En tal sentido, su mayor \u00e9xito\u00a0 fue el tema <em>Comme d\u2019habitude <\/em>que fue traducido a varios idiomas y especialmente reescrito por Paul Anka al ingl\u00e9s con el t\u00edtulo de <em>My Way <\/em>en donde Frank Sinatra logr\u00f3 del mismo una extraordinaria popularidad; esa canci\u00f3n constituy\u00f3 la puerta de entrada de \u00a0Cloclo a los escenarios de Londres.<\/p>\n<p>Narrado en forma convencional y sin poder evitar algunos clis\u00e9s, el film se beneficia de una estupenda interpretaci\u00f3n de J\u00e9r\u00e9mie Renier; el actor belga convence en todo momento transmitiendo la humanidad de un personaje complejo, decididamente egoc\u00e9ntrico a la vez que inseguro y contradictorio, denotando en ciertas circunstancias una\u00a0 personalidad poco agradable en el trato asumido con algunas de las mujeres que compartieron su vida.<\/p>\n<p>El film no alcanza la envergadura de algunos dramas biogr\u00e1ficos como por ejemplo lo fuera <em>La vie en rose <\/em>(2007) sobre Edith Piaf; con todo, sin ser remarcable y a pesar de algunas reiteraciones que alargan inadecuadamente su duraci\u00f3n de casi dos horas y media, atraer\u00e1 la atenci\u00f3n de los seguidores de Claude-Fran\u00e7ois,\u00a0 gracias a la energ\u00eda desplegada por Renier,\u00a0 el montaje de algunos de sus n\u00fameros musicales y \u00a0la buena banda sonora de Alexandre Desplat.<\/p>\n<p>El DVD, que no contiene material suplementario,\u00a0 es presentado en su versi\u00f3n original francesa con subt\u00edtulos opcionales en ingl\u00e9s y franc\u00e9s.<\/p>\n<p>&nbsp;<\/p>\n","protected":false},"excerpt":{"rendered":"<p>Basado en el libro hom\u00f3nimo  de Yann Martel publicado en 2001 que gener\u00f3 m\u00e1s de 9 millones de copias, tanto los lectores del mismo como quienes no han tenido oportunidad de leerlo, apreciar\u00e1n el meticuloso trabajo de Ang Lee.<\/p>\n","protected":false},"author":1,"featured_media":428604,"comment_status":"open","ping_status":"open","sticky":false,"template":"","format":"standard","meta":{"footnotes":""},"categories":[21,81,434],"tags":[2202,2442,2499,400],"class_list":["post-428603","post","type-post","status-publish","format-standard","has-post-thumbnail","hentry","category-canada","category-columnistas","category-hablemos-de-cine","tag-cine-3","tag-de","tag-hablemos","tag-montreal"],"_links":{"self":[{"href":"https:\/\/diarioelpopular.com\/index.php\/wp-json\/wp\/v2\/posts\/428603","targetHints":{"allow":["GET"]}}],"collection":[{"href":"https:\/\/diarioelpopular.com\/index.php\/wp-json\/wp\/v2\/posts"}],"about":[{"href":"https:\/\/diarioelpopular.com\/index.php\/wp-json\/wp\/v2\/types\/post"}],"author":[{"embeddable":true,"href":"https:\/\/diarioelpopular.com\/index.php\/wp-json\/wp\/v2\/users\/1"}],"replies":[{"embeddable":true,"href":"https:\/\/diarioelpopular.com\/index.php\/wp-json\/wp\/v2\/comments?post=428603"}],"version-history":[{"count":0,"href":"https:\/\/diarioelpopular.com\/index.php\/wp-json\/wp\/v2\/posts\/428603\/revisions"}],"wp:featuredmedia":[{"embeddable":true,"href":"https:\/\/diarioelpopular.com\/index.php\/wp-json\/"}],"wp:attachment":[{"href":"https:\/\/diarioelpopular.com\/index.php\/wp-json\/wp\/v2\/media?parent=428603"}],"wp:term":[{"taxonomy":"category","embeddable":true,"href":"https:\/\/diarioelpopular.com\/index.php\/wp-json\/wp\/v2\/categories?post=428603"},{"taxonomy":"post_tag","embeddable":true,"href":"https:\/\/diarioelpopular.com\/index.php\/wp-json\/wp\/v2\/tags?post=428603"}],"curies":[{"name":"wp","href":"https:\/\/api.w.org\/{rel}","templated":true}]}}