{"id":428807,"date":"2012-11-25T13:26:21","date_gmt":"2012-11-25T18:26:21","guid":{"rendered":"http:\/\/diarioelpopular.com\/?p=428807"},"modified":"2013-06-17T18:30:45","modified_gmt":"2013-06-17T22:30:45","slug":"vettel-se-une-al-club-de-los-tricampeones","status":"publish","type":"post","link":"https:\/\/diarioelpopular.com\/index.php\/2012\/11\/25\/vettel-se-une-al-club-de-los-tricampeones\/","title":{"rendered":"Vettel se une al club de los tricampeones"},"content":{"rendered":"<div id=\"attachment_428808\" style=\"width: 810px\" class=\"wp-caption aligncenter\"><a href=\"https:\/\/diarioelpopular.com\/wp-content\/uploads\/2012\/11\/20121125_634894676158440851w.jpg\"><img loading=\"lazy\" decoding=\"async\" aria-describedby=\"caption-attachment-428808\" class=\"size-full wp-image-428808\" title=\"20121125_634894676158440851w\" src=\"https:\/\/diarioelpopular.com\/wp-content\/uploads\/2012\/11\/20121125_634894676158440851w.jpg\" alt=\"\" width=\"800\" height=\"533\" \/><\/a><p id=\"caption-attachment-428808\" class=\"wp-caption-text\">SAO PAULO (BRASIL).- El piloto alem\u00e1n Sebastian Vettel, de Red Bull, celebra, tras conseguir su tercer t\u00edtulo de campe\u00f3n mundial de F\u00f3rmula Uno al acabar sexto en el Gran Premio de Brasil, la \u00faltima carrera del Mundial de F\u00f3rmula Uno, en el circuito de Interlagos de Sao Paulo.<\/p><\/div>\n<p><strong><em>Redacci\u00f3n deportes,<\/em><\/strong> 25 nov.- El alem\u00e1n Sebastian Vettel\u00a0(Red Bull) se uni\u00f3 este domingo al club de los pilotos que han sumado tres\u00a0t\u00edtulo mundiales, en el que hasta ahora estaban el australiano Jack\u00a0Brabham, el brit\u00e1nico Jackie Stewart, el austr\u00edaco Niki Lauda y los\u00a0brasile\u00f1os Nelson Piquet y Ayrton Senna.<\/p>\n<p>S\u00f3lo hay tres pilotos con m\u00e1s t\u00edtulos que estos seis: el alem\u00e1n\u00a0Michael Schumacher, ganador de seis campeonatos; el argentino Juan\u00a0Manuel Fangio, que logr\u00f3 cinco; y el franc\u00e9s Alain Prost, que sum\u00f3\u00a0cuatro.<\/p>\n<p>Los 32 campeones del mundo, por el n\u00famero de t\u00edtulos conseguidos:<\/p>\n<p>&nbsp;<\/p>\n<pre>Michael Schumacher (GER)  1994-1995-2000-2001-2002-2003-2004\n\t   Juan Manuel Fangio (ARG)  1951-1954-1955-1956-1957\n\t   Alain Prost (FRA)         1985-1986-1989-1993\n\t   Jack Brabham (AUS)        1959-1960-1966\n\t   Jackie Stewart (GBR)      1969-1971-1973\n\t   Niki Lauda (AUT)          1975-1977-1984\n\t   Nelson Piquet (BRA)       1981-1983-1987\n\t   Ayrton Senna (BRA)        1988-1990-1991\n\t   Sebastian Vettel (GER)    2010-2011-2012\n\t   Alberto Ascari (ITA)      1952-1953\n\t   Graham Hill (GBR)         1962-1968\n\t   Jim Clark (GBR)           1963-1965\n\t   Emerson Fittipaldi (BRA)  1972-1974\n\t   Mika Hakkinen (FIN)       1998-1999\n\t   Fernando Alonso (ESP)     2005-2006\n\t   Giuseppe Farina (ITA)     1950\n\t   Mike Hawthorn (GBR)       1958\n\t   Phil Hill (EEUU)          1961\n\t   John Surtees (GBR)        1964\n\t   Denny Hulme (NZL)         1967\n\t   Jochen Rindt (AUT)        1970\n\t   James Hunt (GBR)          1976\n\t   Mario Andretti (EEUU)     1978\n\t   Jody Scheckter (AFS)      1979\n\t   Alan Jones (AUS)          1980\n\t   Keke Rosberg (FIN)        1982\n\t   Nigel Mansell (GBR)       1992\n\t   Damon Hill (GBR)          1996\n\t   Jacques Villeneuve (CAN)  1997\n\t   Kimi Raikkonen (FIN)      2007\n\t   Lewis Hamilton (GBR)      2008\n\t   Jenson Button (GBR)       2009.<\/pre>\n<p><strong><em>Vettel, el &#8216;peque\u00f1o Kaiser&#8217; que crece a golpe de r\u00e9cord<\/em><\/strong><\/p>\n<div id=\"attachment_428975\" style=\"width: 810px\" class=\"wp-caption aligncenter\"><a href=\"https:\/\/diarioelpopular.com\/wp-content\/uploads\/2012\/11\/20121125_634894684629197710w1.jpg\"><img loading=\"lazy\" decoding=\"async\" aria-describedby=\"caption-attachment-428975\" class=\"size-full wp-image-428975\" title=\"20121125_634894684629197710w\" src=\"https:\/\/diarioelpopular.com\/wp-content\/uploads\/2012\/11\/20121125_634894684629197710w1.jpg\" alt=\"\" width=\"800\" height=\"529\" \/><\/a><p id=\"caption-attachment-428975\" class=\"wp-caption-text\">SAO PAULO (BRASIL).- El piloto alem\u00e1n Sebastian Vettel, de Red Bull, celebra hoy, domingo 25, tras conseguir su tercer t\u00edtulo de campe\u00f3n mundial de F\u00f3rmula Uno al acabar sexto en el Gran Premio de Brasil, la \u00faltima carrera del Mundial de F\u00f3rmula Uno, en el circuito de Interlagos de Sao Paulo.<\/p><\/div>\n<div id=\"texto\">\n<div>\n<p>Adrian R. Huber<\/p>\n<p><strong><em>Madrid.-<\/em><\/strong> El alem\u00e1n Sebastian Vettel (Red Bull), que este domingo se convirti\u00f3 en el triple campe\u00f3n mundial de F1 m\u00e1s joven de la historia al acabar sexto en el Gran Premio de Brasil -en el que Fernando Alonso (Ferrari) fue segundo- sigue creciendo a golpe de r\u00e9cord y cada vez se acerca m\u00e1s a su compatriota Michael Schumacher.<\/p>\n<p>Vettel, que afrontaba la \u00faltima carrera con trece puntos de ventaja sobre Alonso, defendi\u00f3 su liderato en una carrera revuelta y acab\u00f3 conquistando en Sao Paulo su tercer t\u00edtulo consecutivo con 281 puntos, tres m\u00e1s que el doble campe\u00f3n mundial espa\u00f1ol.<\/p>\n<p>Hoy, en Interlagos, con 25 a\u00f1os y 145 d\u00edas, Vettel sum\u00f3 una nueva plusmarca de juventud al &#8216;pulverizar&#8217; la anterior, en posesi\u00f3n del brasile\u00f1o Ayrton Senna, que en 1991 gan\u00f3 su tercer Mundial con 31 a\u00f1os y 213 d\u00edas.<\/p>\n<p>Schumacher, apodado el &#8216;Kaiser&#8217;, gan\u00f3 siete Mundiales de F\u00f3rmula Uno y festej\u00f3 91 victorias en la categor\u00eda m\u00e1xima. Marcas a\u00fan lejanas para Vettel, cuyas cifras, sin embargo, tambi\u00e9n distan mucho bastante de las de &#8216;Schumi&#8217; cuando \u00e9ste contaba los 25 a\u00f1os y 145 d\u00edas con los que el nuevo campe\u00f3n del mundo ha batido el r\u00e9cord de Senna, tristemente fallecido en Imola durante el Gran Premio de San Marino de 1994.<\/p>\n<p>Cuando Schumacher ten\u00eda exactamente esa edad -precisamente el a\u00f1o de la muerte de Senna- estaba encarrilando su primera temporada triunfal, pero a\u00fan no era campe\u00f3n del mundo.<\/p>\n<p>Una semana antes se hab\u00eda impuesto en el Gran Premio de M\u00f3naco, donde firm\u00f3, a bordo de su Benetton-Ford, su cuarta victoria en las cuatro primeras pruebas del a\u00f1o, despu\u00e9s de las que hab\u00eda logrado en los Grandes Premios de Brasil, del Pac\u00edfico (en la japonesa Aida) y de San Marino, precisamente el d\u00eda que se mat\u00f3 Senna.<\/p>\n<p>El &#8216;Kaiser&#8217; hab\u00eda debutado tres campa\u00f1as antes y contaba seis victorias: las cuatro citadas, m\u00e1s la lograda en Spa-Francorchamps (B\u00e9lgica) en 1992 y la de Estoril (Portugal), un a\u00f1o despu\u00e9s.<\/p>\n<p>Vettel ya lleva tres Mundiales y 26 victorias en la categor\u00eda reina, en la que ha arrancado 36 veces desde la &#8216;pole&#8217;. Una marca que s\u00f3lo superan, casualmente, Schumacher -con 68- y Senna -con 65-.<\/p>\n<p>Nacido en Heppenheim, muy cerca de Hockenheim -el circuito que alberga habitualmente el GP de Alemania-, el 3 de julio de 1987, el germano fue consiguiendo paulatinamente todos los r\u00e9cords de precocidad: el de participar en un Gran Premio, liderar una carrera, salir desde la &#8216;pole&#8217;, hacer un &#8216;doblete&#8217; -&#8216;pole&#8217; y victoria-, firmar un &#8216;triplete&#8217; -&#8216;pole&#8217;, triunfo y vuelta r\u00e1pida-, ganar un Mundial&#8230; y, por supuesto, el de ganar una carrera.<\/p>\n<p>Vettel consigui\u00f3 esa plusmarca en 2008, con 21 a\u00f1os y 72 d\u00edas, cuando asombr\u00f3, logrando con un Toro Rosso la \u00fanica victoria de la historia para el &#8216;hermano peque\u00f1o&#8217; del Red Bull. Lo hizo en Monza (Italia), el circuito en el que dej\u00f3 casi sentenciado el Mundial del a\u00f1o pasado, que festej\u00f3 matem\u00e1ticamente en Jap\u00f3n.<\/p>\n<p>En el que gan\u00f3 once carreras y firm\u00f3 quince &#8216;poles&#8217;, batiendo el r\u00e9cord del ingl\u00e9s Nigel Mansell, que en 1992 -el a\u00f1o que gan\u00f3 el t\u00edtulo- arranc\u00f3 catorce veces desde el primer puesto.<\/p>\n<p>No es la primera vez que Vettel se cruza en el camino de Alonso, al que este a\u00f1o arrebat\u00f3, hace cuatro Grandes Premios, en Jap\u00f3n, un liderato que tambi\u00e9n le &#8216;birl\u00f3&#8217; en la \u00faltima carrera de 2010, cuando celebr\u00f3 su primer t\u00edtulo, en Yas Marina, donde logr\u00f3 la quinta victoria de ese a\u00f1o.<\/p>\n<p>El a\u00f1o pasado, Sebastian le arrebat\u00f3 a Fernando su \u00faltimo r\u00e9cord de precocidad, el de bicampe\u00f3n. Y \u00e9ste evit\u00f3 que fuese el doble campe\u00f3n mundial asturiano -que tambi\u00e9n lo ten\u00eda a su alcance- quien batiera el r\u00e9cord de Senna, que yace no muy lejos de Interlagos, en el cementerio de Morumbi.<\/p>\n<p>Vettel forj\u00f3 su tercer t\u00edtulo en el segundo periplo asi\u00e1tico, en el que encaden\u00f3 cuatro victorias -Singapur, Jap\u00f2n, Corea e India-, que unidas a la que logr\u00f3 en Bahrein en la cuarta carrera del a\u00f1o elevaron a cinco los triunfos logrados esta temporada. Y se aprovech\u00f3 de los dos &#8216;ceros&#8217; de Alonso, tras ser embestido en Spa (B\u00e9lgica) por el franc\u00e9s Romain Grosjean (Lotus) y en Jap\u00f3n por el compa\u00f1ero de \u00e9ste, el finland\u00e9s Kimi Raikkonen.<\/p>\n<p>Sebastian lleva unido m\u00e1s de la mitad de su vida a Red Bull, en cuyo programa de j\u00f3venes ingres\u00f3 a los doce a\u00f1os y en el que fue subiendo pelda\u00f1os con la misma rapidez con la que aceleraban sus monoplazas.<\/p>\n<p>Hasta que en junio de 2007, despu\u00e9s del espectacular accidente de Robert Kubica en Canad\u00e1, supli\u00f3 al polaco en Indian\u00e1polis y debut\u00f3 en F1 en ese GP de Estados Unidos, a bordo de un BMW Sauber. Acab\u00f3 s\u00e9ptimo y se convirti\u00f3 en el m\u00e1s joven de la historia en puntuar, a los 19 a\u00f1os y 349 d\u00edas.<\/p>\n<p>Esa temporada ya disput\u00f3 las \u00faltimas cinco pruebas con Toro Rosso, escuder\u00eda con la que hizo el Mundial de 2008, en el que logr\u00f3 su primera victoria en la comentada carrera de Monza, en un Gran Premio lluvioso en el que tambi\u00e9n arranc\u00f3 desde la &#8216;pole&#8217;.<\/p>\n<p>En 2009 ascendi\u00f3 otro escal\u00f3n y se convirti\u00f3 en piloto oficial del equipo del austriaco Dietrich Mateschitz y que dirige el ingl\u00e9s Christian Horner.<\/p>\n<p>Fue segundo en el Mundial que gan\u00f3 el ingl\u00e9s Jenson Button (Brawn) -ganador hoy en Interlagos, con un McLaren-, tras vencer en China, Silverstone, Jap\u00f3n y Abu Dabi, donde hace dos a\u00f1os celebr\u00f3 su primer t\u00edtulo, tras a\u00f1adir a la de ese d\u00eda las victorias logradas en los Grandes Premios de Malasia, Europa, Jap\u00f3n y Brasil.<\/p>\n<p>Vettel festej\u00f3 hoy en Interlagos -una semana despu\u00e9s de que Red Bull se anotara, en Austin (Estados Unidos) el tercer t\u00edtulo seguido de constructores- su tercer Mundial consecutivo, evitando que Alonso -para muchos, el vencedor moral del certamen- lo hiciese por tercera vez.<\/p>\n<p>En el circuito en el que el doble campe\u00f3n mundial asturiano gan\u00f3 sus dos Mundiales, en 2005 y 2006.<\/p>\n<p>La trayectoria deportiva de Vettel es mete\u00f3rica. Y en ello tiene mucho que ver el ingl\u00e9s Adrian Newey, el dise\u00f1ador estrella de la F\u00f3rmula Uno, padre del monoplaza de la escuder\u00eda austriaca.<\/p>\n<p>Lo que no le quita m\u00e9ritos al piloto alem\u00e1n, que nada m\u00e1s salir del coche recibi\u00f3 el abrazo y la felicitaci\u00f3n del &#8216;Kaiser&#8217;, que se retira despu\u00e9s de la carrera de hoy.<\/p>\n<p>Schumacher y Vettel cada vez se parecen m\u00e1s. El &#8216;peque\u00f1o Kaiser&#8217; tambi\u00e9n es insaciable.<\/p>\n<\/div>\n<\/div>\n","protected":false},"excerpt":{"rendered":"<p>El alem\u00e1n Sebastian Vettel (Red Bull) se uni\u00f3 este domingo al club de los pilotos que han sumado tres t\u00edtulo mundiales.<\/p>\n","protected":false},"author":1,"featured_media":428808,"comment_status":"open","ping_status":"open","sticky":false,"template":"","format":"standard","meta":{"footnotes":""},"categories":[28],"tags":[3580,478,5855,2557,3009,2558,5856],"class_list":["post-428807","post","type-post","status-publish","format-standard","has-post-thumbnail","hentry","category-deportes","tag-aleman","tag-brasil","tag-cmpeon","tag-formula","tag-mundial","tag-uno","tag-vettel"],"_links":{"self":[{"href":"https:\/\/diarioelpopular.com\/index.php\/wp-json\/wp\/v2\/posts\/428807","targetHints":{"allow":["GET"]}}],"collection":[{"href":"https:\/\/diarioelpopular.com\/index.php\/wp-json\/wp\/v2\/posts"}],"about":[{"href":"https:\/\/diarioelpopular.com\/index.php\/wp-json\/wp\/v2\/types\/post"}],"author":[{"embeddable":true,"href":"https:\/\/diarioelpopular.com\/index.php\/wp-json\/wp\/v2\/users\/1"}],"replies":[{"embeddable":true,"href":"https:\/\/diarioelpopular.com\/index.php\/wp-json\/wp\/v2\/comments?post=428807"}],"version-history":[{"count":1,"href":"https:\/\/diarioelpopular.com\/index.php\/wp-json\/wp\/v2\/posts\/428807\/revisions"}],"predecessor-version":[{"id":451461,"href":"https:\/\/diarioelpopular.com\/index.php\/wp-json\/wp\/v2\/posts\/428807\/revisions\/451461"}],"wp:featuredmedia":[{"embeddable":true,"href":"https:\/\/diarioelpopular.com\/index.php\/wp-json\/"}],"wp:attachment":[{"href":"https:\/\/diarioelpopular.com\/index.php\/wp-json\/wp\/v2\/media?parent=428807"}],"wp:term":[{"taxonomy":"category","embeddable":true,"href":"https:\/\/diarioelpopular.com\/index.php\/wp-json\/wp\/v2\/categories?post=428807"},{"taxonomy":"post_tag","embeddable":true,"href":"https:\/\/diarioelpopular.com\/index.php\/wp-json\/wp\/v2\/tags?post=428807"}],"curies":[{"name":"wp","href":"https:\/\/api.w.org\/{rel}","templated":true}]}}