{"id":428981,"date":"2012-11-25T13:56:54","date_gmt":"2012-11-25T18:56:54","guid":{"rendered":"http:\/\/diarioelpopular.com\/?p=428981"},"modified":"2013-06-17T18:30:44","modified_gmt":"2013-06-17T22:30:44","slug":"falcao-garcia-marco-su-gol-50-con-atletico-de-madrid","status":"publish","type":"post","link":"https:\/\/diarioelpopular.com\/index.php\/2012\/11\/25\/falcao-garcia-marco-su-gol-50-con-atletico-de-madrid\/","title":{"rendered":"Falcao Garc\u00eda marc\u00f3 su gol 50 con Atl\u00e9tico de Madrid"},"content":{"rendered":"<div id=\"attachment_428982\" style=\"width: 710px\" class=\"wp-caption aligncenter\"><a href=\"https:\/\/diarioelpopular.com\/wp-content\/uploads\/2012\/11\/web.falcao.jpg\"><img loading=\"lazy\" decoding=\"async\" aria-describedby=\"caption-attachment-428982\" class=\"size-full wp-image-428982\" title=\"web.falcao\" src=\"https:\/\/diarioelpopular.com\/wp-content\/uploads\/2012\/11\/web.falcao.jpg\" alt=\"\" width=\"700\" height=\"420\" \/><\/a><p id=\"caption-attachment-428982\" class=\"wp-caption-text\">Falcao Garc\u00eda volvi\u00f3 a anotar este domingo con Atl\u00e9tico de Madrid, en el partido de su equipo contra Sevilla en el estadio Vicente Calder\u00f3n.<\/p><\/div>\n<p>Falcao Garc\u00eda volvi\u00f3 a anotar este domingo con Atl\u00e9tico de Madrid, en el partido de su equipo contra Sevilla en el estadio Vicente Calder\u00f3n.<\/p>\n<p>Al minuto 23 del juego que se disputa en este momento, el colombiano convirti\u00f3 en gol un penalti a favor del club &#8216;colchonero&#8217; que de ganar, llegar\u00eda parcialmente al liderato de la Liga de Espa\u00f1a.<\/p>\n<p><strong><em>Falcao quiere a una Colombia &#8220;protagonista&#8221; en el Mundial de Brasil 2014<\/em><\/strong><\/p>\n<div id=\"texto\">\n<div>\n<p>Redacci\u00f3n deportes.- El delantero de la selecci\u00f3n colombiana y del Atl\u00e9tico de Madrid Radamel\u00a0Falcao\u00a0asegura que jugar un Mundial con el combinado nacional &#8220;es el objetivo m\u00e1ximo&#8221;, pero a\u00f1ade que si se consigue el objetivo de clasificarse para el de Brasil 2014 quieren ser &#8220;protagonistas&#8221;.<\/p>\n<p>&#8220;Jugar un Mundial con mi selecci\u00f3n es el objetivo m\u00e1ximo, pero no s\u00f3lo es llegar y jugar sino ser protagonista. Creo que tenemos una buena selecci\u00f3n. Y ojal\u00e1 que crezcamos y mejoremos mucho individualmente y tambi\u00e9n como grupo para, primero clasificar, y luego ser protagonistas en Brasil&#8221;, se\u00f1ala\u00a0Falcao\u00a0en declaraciones a la p\u00e1gina web de la FIFA.<\/p>\n<p>El goleador dice que los resultados de Colombia en la fase de clasificaci\u00f3n para el Mundial -es tercera en el grupo sudamericano, por detr\u00e1s de Argentina y Ecuador, pero con un partido menos y 5 victorias, un empate y dos derrotas- hablan &#8220;de una gran madurez y un gran crecimiento que ha tenido el equipo (&#8230;) y nos ha permitido ser fuertes jugando fuera de casa y ganar partidos muy importantes&#8221;.<\/p>\n<p>La \u00faltima participaci\u00f3n mundialista de los colombianos fue en Francia 98, pero\u00a0Falcao\u00a0no quiere comparaciones con el equipo de Carlos Valderrama, Freddy Rinc\u00f3n o Faustino Asprilla.<\/p>\n<p>&#8220;Queremos hacer nuestra propia historia, marcando un camino y con un estilo de juego diferente. Ojal\u00e1 podamos llegar muy lejos, sin querer compararnos a la gente que jug\u00f3 antes en la selecci\u00f3n de nuestro pa\u00eds&#8221;, dice.<\/p>\n<p>El delantero asegura, por \u00faltimo, que la llegada del argentino Jos\u00e9 Pekerman a la selecci\u00f3n ha dado &#8220;un vuelco&#8221; a \u00e9sta &#8220;en cuanto a su f\u00fatbol, los resultados y la confianza que hoy tiene el equipo nacional&#8221;.<\/p>\n<\/div>\n<\/div>\n","protected":false},"excerpt":{"rendered":"<p>Contra Sevilla, en el Vicente Calder\u00f3n, el &#8216;Tigre&#8217; termin\u00f3 con una racha de tres fechas sin anotar.<\/p>\n","protected":false},"author":1,"featured_media":428982,"comment_status":"open","ping_status":"open","sticky":false,"template":"","format":"standard","meta":{"footnotes":""},"categories":[28],"tags":[2819,1002,1956],"class_list":["post-428981","post","type-post","status-publish","format-standard","has-post-thumbnail","hentry","category-deportes","tag-atletico","tag-falcao","tag-madrid"],"_links":{"self":[{"href":"https:\/\/diarioelpopular.com\/index.php\/wp-json\/wp\/v2\/posts\/428981","targetHints":{"allow":["GET"]}}],"collection":[{"href":"https:\/\/diarioelpopular.com\/index.php\/wp-json\/wp\/v2\/posts"}],"about":[{"href":"https:\/\/diarioelpopular.com\/index.php\/wp-json\/wp\/v2\/types\/post"}],"author":[{"embeddable":true,"href":"https:\/\/diarioelpopular.com\/index.php\/wp-json\/wp\/v2\/users\/1"}],"replies":[{"embeddable":true,"href":"https:\/\/diarioelpopular.com\/index.php\/wp-json\/wp\/v2\/comments?post=428981"}],"version-history":[{"count":1,"href":"https:\/\/diarioelpopular.com\/index.php\/wp-json\/wp\/v2\/posts\/428981\/revisions"}],"predecessor-version":[{"id":451458,"href":"https:\/\/diarioelpopular.com\/index.php\/wp-json\/wp\/v2\/posts\/428981\/revisions\/451458"}],"wp:featuredmedia":[{"embeddable":true,"href":"https:\/\/diarioelpopular.com\/index.php\/wp-json\/"}],"wp:attachment":[{"href":"https:\/\/diarioelpopular.com\/index.php\/wp-json\/wp\/v2\/media?parent=428981"}],"wp:term":[{"taxonomy":"category","embeddable":true,"href":"https:\/\/diarioelpopular.com\/index.php\/wp-json\/wp\/v2\/categories?post=428981"},{"taxonomy":"post_tag","embeddable":true,"href":"https:\/\/diarioelpopular.com\/index.php\/wp-json\/wp\/v2\/tags?post=428981"}],"curies":[{"name":"wp","href":"https:\/\/api.w.org\/{rel}","templated":true}]}}