{"id":428985,"date":"2012-11-25T19:28:26","date_gmt":"2012-11-26T00:28:26","guid":{"rendered":"http:\/\/diarioelpopular.com\/?p=428985"},"modified":"2012-11-25T19:28:26","modified_gmt":"2012-11-26T00:28:26","slug":"el-presidente-catalan-no-logra-el-respaldo-en-las-urnas-a-su-plan-soberanista","status":"publish","type":"post","link":"https:\/\/diarioelpopular.com\/index.php\/2012\/11\/25\/el-presidente-catalan-no-logra-el-respaldo-en-las-urnas-a-su-plan-soberanista\/","title":{"rendered":"El presidente catal\u00e1n no logra el respaldo en las urnas a su plan soberanista"},"content":{"rendered":"<div id=\"attachment_428986\" style=\"width: 710px\" class=\"wp-caption aligncenter\"><a href=\"https:\/\/diarioelpopular.com\/wp-content\/uploads\/2012\/11\/20121126_634894875482202468w.jpg\"><img loading=\"lazy\" decoding=\"async\" aria-describedby=\"caption-attachment-428986\" class=\"size-full wp-image-428986\" title=\"20121126_634894875482202468w\" src=\"https:\/\/diarioelpopular.com\/wp-content\/uploads\/2012\/11\/20121126_634894875482202468w.jpg\" alt=\"\" width=\"700\" height=\"1006\" \/><\/a><p id=\"caption-attachment-428986\" class=\"wp-caption-text\">BARCELONA.- El candidato de CiU a la presidencia de la Generalitat, Artur Mas (d), acompa\u00f1ado por su esposa Helena Rakosnik,saluda a sus seguidores desde el hotel Majestic de Barcelona.CiU ha conseguido 50 esca\u00f1os en las elecciones auton\u00f3micas 2012 celebradas este domingo en Catalu\u00f1a. Mas ha dicho en su que su proyecto de convocar una consulta soberanista &quot;sigue adelante&quot; pese a que los resultados electorales le debilitan para liderarlo.<\/p><\/div>\n<p>Mar\u00eda Luisa Gonz\u00e1lez<\/p>\n<div id=\"texto\">\n<div>\n<p><strong><em>Barcelona\/Madrid.-<\/em><\/strong> Los nacionalistas de centroderecha del presidente regional Artur Mas han ganado las elecciones auton\u00f3micas celebradas este domingo en Catalu\u00f1a, pero lejos de &#8220;la mayor\u00eda excepcional&#8221; que buscaban como aval a su plan soberanista, que inclu\u00eda una consulta sobre la relaci\u00f3n con Espa\u00f1a.<\/p>\n<p>Convergencia i Uni\u00f3 (CiU), la coalici\u00f3n que lidera Mas, perdi\u00f3 doce diputados al obtener 50 esca\u00f1os frente a los 62 de los \u00faltimos comicios de 2010.<\/p>\n<p>Como segunda fuerza se sit\u00faan los independentistas de ERC, con 21 diputados (ten\u00edan 10), que desplazan de esa posici\u00f3n al Partido Socialista, que perdi\u00f3 ocho esca\u00f1os y se queda con 20 diputados, seguido de cerca por el Partido Popular (PP), que gobierna en Espa\u00f1a, que subi\u00f3 un esca\u00f1o, 19.<\/p>\n<p>Artur Mas reconoci\u00f3 que qued\u00f3 lejos de la &#8220;mayor\u00eda excepcional&#8221; que hab\u00eda pedido al convocar los comicios y que, aunque son la fuerza m\u00e1s votada necesitar\u00e1 el apoyo de otros partidos para gobernar.<\/p>\n<p>&#8220;Cualquier opci\u00f3n de gobierno pasa por CiU, pero tambi\u00e9n es cierto que no podemos hacernos responsables \u00fanicos de la gobernabilidad del pa\u00eds&#8221;, se\u00f1al\u00f3 Mas en su primera comparecencia tras conocerse los resultados de los comicios, en la que pidi\u00f3 a otras fuerzas &#8220;responsabilidad&#8221; y abrir &#8220;un periodo de reflexi\u00f3n&#8221;.<\/p>\n<p>Admiti\u00f3 que con el resultado obtenido no tiene la &#8220;fuerza necesaria&#8221; para liderar el &#8220;proceso&#8221; que pretend\u00eda abrir, en alusi\u00f3n a la celebraci\u00f3n de una consulta soberanista, que, no obstante, asegur\u00f3 &#8220;sigue adelante&#8221;.<\/p>\n<p>Valor\u00f3 tambi\u00e9n como positivo que los comicios han permitido saber &#8220;d\u00f3nde est\u00e1bamos como pa\u00eds en esta nueva etapa&#8221;.<\/p>\n<p>El presidente regional y l\u00edder nacionalista adelant\u00f3 dos a\u00f1os las elecciones despu\u00e9s de que el jefe del Ejecutivo espa\u00f1ol, Mariano Rajoy, rechazara el pasado septiembre su propuesta de dar a Catalu\u00f1a un trato fiscal especial, diferenciado de las otras comunidades aut\u00f3nomas espa\u00f1olas.<\/p>\n<p>Mas, que se vio obligado a acometer dr\u00e1sticos recortes en \u00e1reas sociales como la Sanidad y Educaci\u00f3n para reducir el d\u00e9ficit, considera que Catalu\u00f1a aporta al Estado espa\u00f1ol mucho m\u00e1s de lo que recibe, por lo que reclama ese trato fiscal especial que le permita recaudar tributos directamente.<\/p>\n<p>Catalu\u00f1a, de 7,5 millones de habitantes, es una de las regiones m\u00e1s ricas de Espa\u00f1a, pero tambi\u00e9n est\u00e1 muy golpeada por la crisis con un fuerte endeudamiento que le ha obligado a pedir ayuda al Estado espa\u00f1ol al tener cerrada la financiaci\u00f3n en los mercados.<\/p>\n<p>Al mismo tiempo que el adelanto electoral, Mas anunci\u00f3 el inicio de un proceso para que los catalanes pudieran decidir en un refer\u00e9ndum el estatus futuro de Catalu\u00f1a con respecto a Espa\u00f1a y pidi\u00f3 para ello una &#8220;mayor\u00eda excepcional&#8221;.<\/p>\n<p>Por ello, la &#8220;n\u00famero dos&#8221; del gobernante Partido Popular (PP), Mar\u00eda Dolores de Cospedal, destac\u00f3 en su valoraci\u00f3n de los resultados, en Madrid, que Artur Mas convirti\u00f3 las elecciones auton\u00f3micas en &#8220;una suerte de plebiscito&#8221; a su apuesta soberanista y ha fracasado al no lograr la mayor\u00eda absoluta que buscaba.<\/p>\n<p>El secretario de Organizaci\u00f3n del Partido Socialista espa\u00f1ol (PSOE), la principal fuerza de la oposici\u00f3n en Espa\u00f1a, \u00d3scar L\u00f3pez, destac\u00f3 que Mas hab\u00eda pedido &#8220;una mayor\u00eda excepcional y ha sufrido un castigo excepcional&#8221;.<\/p>\n<p>Las elecciones, con una participaci\u00f3n r\u00e9cord en Catalu\u00f1a al rozar el 70 por ciento, frente al 58,78 % de los anteriores comicios, convirtieron a los republicanos independentistas de ERC en la segunda fuerza regional, con 21 esca\u00f1os, seguidos del Partido Socialista (20 esca\u00f1os), que tradicionalmente ha sido la segunda fuerza m\u00e1s votada en Catalu\u00f1a.<\/p>\n<p>Las urnas certificaron el crecimiento de la coalici\u00f3n de izquierda ICV-EUiA, que pasa de diez a trece diputados, y dieron un fuerte impulso al partido Ciutadans, que triplica su presencia al subir de 3 a 9 esca\u00f1os, liderado por un joven dirigente, Albert Rivera, que defiende la vinculaci\u00f3n catalana y espa\u00f1ola.<\/p>\n<p>Un nuevo partido de izquierda e independentista irrumpe en el parlamento regional, Unitat Popular, con tres diputados.<\/p>\n<p>En total siete formaciones pol\u00edticas componen el arco parlamentario de Catalu\u00f1a, con 135 esca\u00f1os y una mayor\u00eda establecida en 68.<\/p>\n<p>Artur Mas dej\u00f3 claro su intenci\u00f3n de gobernar, pero pidi\u00f3 a otras fuerzas pol\u00edticas, sin especificar, que le arropen en esa tarea.<\/p>\n<p>&#8220;No podemos ser responsables \u00fanicos de la gobernabilidad del pa\u00eds&#8221;, admiti\u00f3.<\/p>\n<\/div>\n<\/div>\n","protected":false},"excerpt":{"rendered":"<p>Los nacionalistas de centroderecha del presidente regional Artur Mas han ganado las elecciones auton\u00f3micas celebradas este domingo en Catalu\u00f1a, pero lejos de &#8220;la mayor\u00eda excepcional&#8221; que buscaban.<\/p>\n","protected":false},"author":1,"featured_media":428986,"comment_status":"open","ping_status":"open","sticky":false,"template":"","format":"standard","meta":{"footnotes":""},"categories":[24],"tags":[5860,119,5861],"class_list":["post-428985","post","type-post","status-publish","format-standard","has-post-thumbnail","hentry","category-mundo","tag-cataluna","tag-elecciones","tag-espanna"],"_links":{"self":[{"href":"https:\/\/diarioelpopular.com\/index.php\/wp-json\/wp\/v2\/posts\/428985","targetHints":{"allow":["GET"]}}],"collection":[{"href":"https:\/\/diarioelpopular.com\/index.php\/wp-json\/wp\/v2\/posts"}],"about":[{"href":"https:\/\/diarioelpopular.com\/index.php\/wp-json\/wp\/v2\/types\/post"}],"author":[{"embeddable":true,"href":"https:\/\/diarioelpopular.com\/index.php\/wp-json\/wp\/v2\/users\/1"}],"replies":[{"embeddable":true,"href":"https:\/\/diarioelpopular.com\/index.php\/wp-json\/wp\/v2\/comments?post=428985"}],"version-history":[{"count":0,"href":"https:\/\/diarioelpopular.com\/index.php\/wp-json\/wp\/v2\/posts\/428985\/revisions"}],"wp:featuredmedia":[{"embeddable":true,"href":"https:\/\/diarioelpopular.com\/index.php\/wp-json\/"}],"wp:attachment":[{"href":"https:\/\/diarioelpopular.com\/index.php\/wp-json\/wp\/v2\/media?parent=428985"}],"wp:term":[{"taxonomy":"category","embeddable":true,"href":"https:\/\/diarioelpopular.com\/index.php\/wp-json\/wp\/v2\/categories?post=428985"},{"taxonomy":"post_tag","embeddable":true,"href":"https:\/\/diarioelpopular.com\/index.php\/wp-json\/wp\/v2\/tags?post=428985"}],"curies":[{"name":"wp","href":"https:\/\/api.w.org\/{rel}","templated":true}]}}