{"id":429155,"date":"2012-11-26T16:48:21","date_gmt":"2012-11-26T21:48:21","guid":{"rendered":"http:\/\/diarioelpopular.com\/?p=429155"},"modified":"2012-11-26T16:48:21","modified_gmt":"2012-11-26T21:48:21","slug":"el-pisco-reclama-con-su-versatilidad","status":"publish","type":"post","link":"https:\/\/diarioelpopular.com\/index.php\/2012\/11\/26\/el-pisco-reclama-con-su-versatilidad\/","title":{"rendered":"El pisco reclama con su versatilidad"},"content":{"rendered":"<div id=\"attachment_429156\" style=\"width: 810px\" class=\"wp-caption aligncenter\"><a href=\"https:\/\/diarioelpopular.com\/wp-content\/uploads\/2012\/11\/20121126_634895630842872193w.jpg\"><img loading=\"lazy\" decoding=\"async\" aria-describedby=\"caption-attachment-429156\" class=\"size-full wp-image-429156\" title=\"20121126_634895630842872193w\" src=\"https:\/\/diarioelpopular.com\/wp-content\/uploads\/2012\/11\/20121126_634895630842872193w.jpg\" alt=\"\" width=\"800\" height=\"600\" \/><\/a><p id=\"caption-attachment-429156\" class=\"wp-caption-text\">BRUSELAS (B\u00c9LGICA).- Varias marcas de pisco se exhiben este lunes 26 de noviembre de 2012, durante la primera misi\u00f3n comercial itinerante de promoci\u00f3n del pisco en Europa, en Bruselas (B\u00e9lgica).<\/p><\/div>\n<p>Rosa Jim\u00e9nez.<\/p>\n<div id=\"texto\">\n<div>\n<p><strong><em>Bruselas,<\/em><\/strong> 26 nov.- El pisco, el licor de bandera en Per\u00fa, busca, tras ganar reconocimiento en Estados Unidos, hacerse con un lugar preferente en Europa gracias a su versatilidad, con vocaci\u00f3n de retar la creatividad y la clase de las cocteler\u00edas europeas.<\/p>\n<p>&#8220;El pisco es una bebida fin\u00edsima que tiene casi 500 a\u00f1os de antig\u00fcedad&#8221;, indic\u00f3 este lunes el propietario de la bodega Don Benedicto, Jos\u00e9 Antonio Espinoza, en una conferencia organizada por el Gobierno peruano en Bruselas para dar a conocer ese producto a nivel europeo.<\/p>\n<p>Tras conquistar el mercado estadounidense y triunfar en otros pa\u00edses de Am\u00e9rica Latina, como Chile, afirm\u00f3 que &#8220;ahora venimos a Europa porque creemos que es un mercado excelente de bebidas dentro de la cocteler\u00eda&#8221;.<\/p>\n<p>Agreg\u00f3 que la cocteler\u00eda tambi\u00e9n &#8220;est\u00e1 muy de moda en los bares para probar nuevos sabores, nuevos ingredientes, y mezclar&#8221;.<\/p>\n<p>&#8220;La maravilla del pisco, que tiene denominaci\u00f3n de origen peruana, es que cada uva pisquera tiene caracter\u00edsticas diferentes. Cada una tiene su propia tipicidad, sus propias caracter\u00edsticas, su propia personalidad y encanto&#8221;, se\u00f1al\u00f3 la catadora especializada en pisco Lucero Villagarc\u00eda.<\/p>\n<p>Existen ocho variedades de uva pisquera en Per\u00fa: quebranta, mollar, negra criolla, uvina, italia, torontel, albilla y moscatel.<\/p>\n<p>As\u00ed, por ejemplo, explic\u00f3 la experta que la uva de variedad quebranta otorga al pisco aromas de pl\u00e1tano, manzana, melocot\u00f3n o pasas oscuras y pecanas.<\/p>\n<p>En cambio, la italia es &#8220;totalmente distinta&#8221;, porque tiene aromas c\u00edtricos, lima, hierbaluisa, lim\u00f3n, pasas rubias o incluso miel, &#8220;m\u00e1s dulce&#8221;.<\/p>\n<p>&#8220;Yo siempre digo que son personajes distintos, donde cada uno tiene un encanto especial&#8221;, coment\u00f3 Villagarc\u00eda.<\/p>\n<p>Consider\u00f3 que, gracias a la rica variedad de tipos de uva con que se destila y a que cada una cuente con caracter\u00edsticas diferentes, el pisco &#8220;es un destilado muy vers\u00e1til con el cual podemos hacer c\u00f3cteles, y cada uva le va a imprimir al c\u00f3ctel su personalidad&#8221;.<\/p>\n<p>De ese modo, si se prepara un chilcano, un cl\u00e1sico combinado peruano, con pisco de uva Quebranta, &#8220;va a tener un sabor muy diferente&#8221; a si se prepara con variedad Italia.<\/p>\n<p>La &#8220;sommelier&#8221; destac\u00f3 tambi\u00e9n las amplias posibilidades a la hora de &#8220;maridar&#8221; las distintas variedades de pisco con alimentos, de forma que una tarta de chocolate combinar\u00eda perfectamente con quebranta, en tanto que un pastel de lim\u00f3n casar\u00eda bien con un pisco de italia.<\/p>\n<p>&#8220;Cada uva le va a ir muy bien a un postre determinado&#8221;, asegur\u00f3 la &#8220;sommelier&#8221; peruana, al tiempo que a\u00f1adi\u00f3 que, &#8220;con chocolate, (el pisco) es el matrimonio perfecto, para toda una vida&#8221;.<\/p>\n<p>Villagarc\u00eda se\u00f1al\u00f3 que tambi\u00e9n se puede cocinar con pisco y afirm\u00f3 que cada tipo le dar\u00e1 un sabor diferente al plato.<\/p>\n<p>Para el barman Roberto Mel\u00e9ndez, con 25 a\u00f1os de experiencia en el mundo de la cocteler\u00eda, la versatilidad de este destilado permite utilizar t\u00e9cnicas diferentes a la hora de hacer combinados, ya que &#8220;tiene una personalidad propia que no se pierde en los c\u00f3cteles&#8221;.<\/p>\n<p>&#8220;Detr\u00e1s del producto hay historia, hay tradici\u00f3n. En estos \u00faltimos a\u00f1os ya tiene denominaci\u00f3n de origen, que da la garant\u00eda de que ese producto se elabora con 8 kilos de uva por litro&#8221;, coment\u00f3.<\/p>\n<p>Mel\u00e9ndez afirm\u00f3 que &#8220;el p\u00fablico que consume c\u00f3cteles merece calidad&#8221;, y el pisco est\u00e1 a la altura de los &#8220;destilados del mundo&#8221; no para sustituirlos, sino &#8220;para crear&#8221; nuevas tendencias &#8220;que aporten un plus&#8221;.<\/p>\n<p>&#8220;Queremos dar la oportunidad al mundo entero de que disfrute lo nuestro&#8221;, concluy\u00f3.<\/p>\n<\/div>\n<\/div>\n","protected":false},"excerpt":{"rendered":"<p>El pisco, el licor de bandera en Per\u00fa, busca, tras ganar reconocimiento en Estados Unidos, hacerse con un lugar preferente en Europa gracias a su versatilidad.<\/p>\n","protected":false},"author":1,"featured_media":429156,"comment_status":"open","ping_status":"open","sticky":false,"template":"","format":"standard","meta":{"footnotes":""},"categories":[23,24],"tags":[379,272,3378],"class_list":["post-429155","post","type-post","status-publish","format-standard","has-post-thumbnail","hentry","category-latinoamerica","category-mundo","tag-europa","tag-peru","tag-pisco"],"_links":{"self":[{"href":"https:\/\/diarioelpopular.com\/index.php\/wp-json\/wp\/v2\/posts\/429155","targetHints":{"allow":["GET"]}}],"collection":[{"href":"https:\/\/diarioelpopular.com\/index.php\/wp-json\/wp\/v2\/posts"}],"about":[{"href":"https:\/\/diarioelpopular.com\/index.php\/wp-json\/wp\/v2\/types\/post"}],"author":[{"embeddable":true,"href":"https:\/\/diarioelpopular.com\/index.php\/wp-json\/wp\/v2\/users\/1"}],"replies":[{"embeddable":true,"href":"https:\/\/diarioelpopular.com\/index.php\/wp-json\/wp\/v2\/comments?post=429155"}],"version-history":[{"count":0,"href":"https:\/\/diarioelpopular.com\/index.php\/wp-json\/wp\/v2\/posts\/429155\/revisions"}],"wp:featuredmedia":[{"embeddable":true,"href":"https:\/\/diarioelpopular.com\/index.php\/wp-json\/"}],"wp:attachment":[{"href":"https:\/\/diarioelpopular.com\/index.php\/wp-json\/wp\/v2\/media?parent=429155"}],"wp:term":[{"taxonomy":"category","embeddable":true,"href":"https:\/\/diarioelpopular.com\/index.php\/wp-json\/wp\/v2\/categories?post=429155"},{"taxonomy":"post_tag","embeddable":true,"href":"https:\/\/diarioelpopular.com\/index.php\/wp-json\/wp\/v2\/tags?post=429155"}],"curies":[{"name":"wp","href":"https:\/\/api.w.org\/{rel}","templated":true}]}}