{"id":4335,"date":"2011-07-10T23:14:58","date_gmt":"2011-07-11T03:14:58","guid":{"rendered":"http:\/\/retrolab.ca\/elpopular\/?p=4335"},"modified":"2011-07-10T23:14:58","modified_gmt":"2011-07-11T03:14:58","slug":"la-armada-espanola-hace-historia-en-estados-unidos","status":"publish","type":"post","link":"https:\/\/diarioelpopular.com\/index.php\/2011\/07\/10\/la-armada-espanola-hace-historia-en-estados-unidos\/","title":{"rendered":"La &#8220;Armada Espa\u00f1ola&#8221; hace historia en EE UU"},"content":{"rendered":"<div id=\"attachment_4336\" style=\"width: 710px\" class=\"wp-caption aligncenter\"><a href=\"http:\/\/retrolab.ca\/elpopular\/wp-content\/uploads\/2011\/07\/ferrer-2.jpeg\"><img loading=\"lazy\" decoding=\"async\" aria-describedby=\"caption-attachment-4336\" class=\"size-full wp-image-4336\" title=\"Espa\u00f1a, a semifinales de la Copa Davis\" src=\"http:\/\/retrolab.ca\/elpopular\/wp-content\/uploads\/2011\/07\/ferrer-2.jpeg\" alt=\"\" width=\"700\" height=\"420\" \/><\/a><p id=\"caption-attachment-4336\" class=\"wp-caption-text\">Los compa\u00f1eros de avid Ferrer celebran su victoria ante el estadounidense Mardy Fish durante el partido de cuartos de final de la Copa Davis 2011. Foto: Larry W. Smith \/ Efe<\/p><\/div>\n<p><em>Marcelino Benito. Austin (EE UU).- <\/em>El tenis espa\u00f1ol volvi\u00f3 a escribir otra p\u00e1gina brillante en su trayectoria al vencer por 3-1 a Estados Unidos en la eliminatoria de cuartos de final de la\u00a0Copa\u00a0Davis, a pesar de llegar a Austin (Texas), sin el jugador n\u00famero dos del mundo, el mallorqu\u00edn Rafael Nadal.<\/p>\n<p>La ausencia de Nadal sirvi\u00f3 de aliciente para que los jugadores seleccionados por el capit\u00e1n del equipo espa\u00f1ol, Albert Costa, encabezados por el alicantino David Ferrer, elegido n\u00famero uno, superasen por primera vez a Estados Unidos en su territorio, en pista r\u00e1pida y ante los seguidores del \u00eddolo local Andy Roddick.<\/p>\n<p>La culminaci\u00f3n de la victoria de Espa\u00f1a se dio en el cuarto partido de la eliminatoria que gan\u00f3 Ferrer, sexto del mundo, al imponerse en cuatro sets por 7-5, 7-6 (7-3), 5-7, 7-6 (7-5) a Mardy Fish, octavo clasificado, despu\u00e9s de cuatro horas y 11 minutos en la pista del Frank Erwin Center ante m\u00e1s de 17.000 espectadores.<\/p>\n<p>Con la victoria de Ferrer ya no fue necesario que se jugase el quinto partido que iban a disputar los dos n\u00fameros dos de ambos equipos, el espa\u00f1ol Feliciano L\u00f3pez y Roddick.<\/p>\n<p>A pesar de la derrota, la asistencia en los tres d\u00edas de competici\u00f3n fue de 48.807 espectadores, la segunda m\u00e1s grande que se ha dado en la historia de la\u00a0Copa\u00a0Davis, s\u00f3lo superada por la que se registr\u00f3 en 1990 en la final del Grupo Mundial contra Australia, que se disput\u00f3 en el Sun Coast Dome en St.Petersburg (Florida), con 50.962 espectadores.<\/p>\n<p>El triunfo de Ferrer permiti\u00f3 a Espa\u00f1a disputar el pr\u00f3ximo mes de septiembre las semifinales frente Francia, en lo que ser\u00e1 la revancha del 5-0 que sufri\u00f3 el a\u00f1o pasado en los cuartos cuando se enfrentaron en territorio galo.<\/p>\n<p>Ferrer, que tambi\u00e9n hab\u00eda ganado el segundo punto en la primera jornada de individuales al vencer por 7-6 (11-9), 7-5 y 6-3 a Andy Roddick, numero dos de Estados Unidos, se convirti\u00f3 en la gran figura del equipo espa\u00f1ol.<\/p>\n<p>&#8220;Ha sido algo muy especial conseguir la victoria de esta manera y por supuesto, el \u00e9xito ha sido de todo el equipo, que hizo una gran labor tanto los que jugamos como los que nos dieron su apoyo desde fuera&#8221;, destac\u00f3 Ferrer.<\/p>\n<p>Espa\u00f1a consigui\u00f3 empatar a 5-5 la serie de enfrentamientos contra Estados Unidos.<\/p>\n<p>Ambos equipos se han enfrentado en Estados Unidos en las eliminatorias de 1968 (Cleveland), 1991 (New Port), 2002 (Houston) y 2007 (Winston-Salem) y el equipo de las barras y las estrellas sigue sin poder remontar un parcial adverso de 0-2 desde 1934.<\/p>\n<p>&#8220;Para nosotros la\u00a0Copa\u00a0Davis\u00a0es algo muy especial y el haberlo ganado aqu\u00ed, en Estados Unidos, te hace sentir muy bien&#8221;, declar\u00f3 Ferrer, que consigui\u00f3 la cuarta victoria frente a Fish para empatar la serie entre ambos como profesionales.<\/p>\n<p>El jugador espa\u00f1ol de 29 a\u00f1os, que fue el que tuvo siempre el control del partido, admiti\u00f3 que la victoria era todav\u00eda m\u00e1s valiosa, como sucedi\u00f3 en el 2008 ante Argentina cuando ganaron el t\u00edtulo en Mar del Plata, tambi\u00e9n sin Nadal.<\/p>\n<p>Por su parte, Albert Costa, que lleg\u00f3 al equipo espa\u00f1ol como capit\u00e1n en el 2009, dijo sentirse orgulloso de la manera como los jugadores hab\u00edan respondido al reto de superar de nuevo una eliminatoria muy dif\u00edcil.<\/p>\n<p>Ferrer comenz\u00f3 bien el primer set ante Fish, para luego restar bien y crear problemas a Fish, al que se le not\u00f3 mas nervioso que al jugador espa\u00f1ol.<\/p>\n<p>Con el 5-4 a favor del estadounidense, todo estaba listo para que pudiese sentenciar la manga, pero de nuevo surgi\u00f3 la clase, el pundonor y el esp\u00edritu de lucha de Ferrer para en el d\u00e9cimo juego en la tercera pelota de break que ten\u00eda logr\u00f3 romperle el servicio a Fish.<\/p>\n<p>La acci\u00f3n de Ferrer dej\u00f3 tocado a Fish que vio como el jugador alicantino consegu\u00eda f\u00e1cil el 6-5 y luego sentenciaba la manga con la segunda rotura del saque al tenista estadounidense ante la frustraci\u00f3n de los seguidores locales.<\/p>\n<p>Como se esperaba, la presi\u00f3n iba a caer del lado del jugador que perdiese la primera manga y Fish la sinti\u00f3 para ir siempre a remolque de Ferrer, que acert\u00f3 siempre en los tantos decisivos y fue el gran s\u00edmbolo de otro triunfo hist\u00f3rico del tenis espa\u00f1ol.<\/p>\n","protected":false},"excerpt":{"rendered":"<p>El tenis espa\u00f1ol volvi\u00f3 a escribir otra p\u00e1gina brillante al vencer por 3-1 a EE UU en la eliminatoria de cuartos de final de la Copa Davis, a pesar de llegar a Austin sin el jugador n\u00famero dos del mundo, Rafael Nadal.<\/p>\n","protected":false},"author":1,"featured_media":4336,"comment_status":"closed","ping_status":"open","sticky":false,"template":"","format":"standard","meta":{"footnotes":""},"categories":[28],"tags":[1628,6664,444,120,176],"class_list":["post-4335","post","type-post","status-publish","format-standard","has-post-thumbnail","hentry","category-deportes","tag-copa-davis","tag-david-ferrer","tag-espana","tag-estados-unidos","tag-tenis"],"_links":{"self":[{"href":"https:\/\/diarioelpopular.com\/index.php\/wp-json\/wp\/v2\/posts\/4335","targetHints":{"allow":["GET"]}}],"collection":[{"href":"https:\/\/diarioelpopular.com\/index.php\/wp-json\/wp\/v2\/posts"}],"about":[{"href":"https:\/\/diarioelpopular.com\/index.php\/wp-json\/wp\/v2\/types\/post"}],"author":[{"embeddable":true,"href":"https:\/\/diarioelpopular.com\/index.php\/wp-json\/wp\/v2\/users\/1"}],"replies":[{"embeddable":true,"href":"https:\/\/diarioelpopular.com\/index.php\/wp-json\/wp\/v2\/comments?post=4335"}],"version-history":[{"count":0,"href":"https:\/\/diarioelpopular.com\/index.php\/wp-json\/wp\/v2\/posts\/4335\/revisions"}],"wp:featuredmedia":[{"embeddable":true,"href":"https:\/\/diarioelpopular.com\/index.php\/wp-json\/"}],"wp:attachment":[{"href":"https:\/\/diarioelpopular.com\/index.php\/wp-json\/wp\/v2\/media?parent=4335"}],"wp:term":[{"taxonomy":"category","embeddable":true,"href":"https:\/\/diarioelpopular.com\/index.php\/wp-json\/wp\/v2\/categories?post=4335"},{"taxonomy":"post_tag","embeddable":true,"href":"https:\/\/diarioelpopular.com\/index.php\/wp-json\/wp\/v2\/tags?post=4335"}],"curies":[{"name":"wp","href":"https:\/\/api.w.org\/{rel}","templated":true}]}}