{"id":434613,"date":"2012-12-25T13:40:18","date_gmt":"2012-12-25T18:40:18","guid":{"rendered":"http:\/\/diarioelpopular.com\/?p=434613"},"modified":"2012-12-25T13:40:18","modified_gmt":"2012-12-25T18:40:18","slug":"el-papa-dice-que-el-nacimiento-de-cristo-es-la-esperanza-que-vence-al-miedo","status":"publish","type":"post","link":"https:\/\/diarioelpopular.com\/index.php\/2012\/12\/25\/el-papa-dice-que-el-nacimiento-de-cristo-es-la-esperanza-que-vence-al-miedo\/","title":{"rendered":"El papa dice que el nacimiento de Cristo es la esperanza que vence al miedo"},"content":{"rendered":"<div id=\"attachment_434614\" style=\"width: 710px\" class=\"wp-caption aligncenter\"><a href=\"https:\/\/diarioelpopular.com\/wp-content\/uploads\/2012\/12\/web.1papa.jpg\"><img loading=\"lazy\" decoding=\"async\" aria-describedby=\"caption-attachment-434614\" class=\"size-full wp-image-434614\" title=\"web.1papa\" src=\"https:\/\/diarioelpopular.com\/wp-content\/uploads\/2012\/12\/web.1papa.jpg\" alt=\"\" width=\"700\" height=\"420\" \/><\/a><p id=\"caption-attachment-434614\" class=\"wp-caption-text\">El papa reconoci\u00f3 que &quot;es cierto&quot; que el monote\u00edsmo ha servido en la historia como pretexto para la intolerancia y la violencia y que la religi\u00f3n ha sido usada de manera &quot;indebida&quot;, pero que &quot;no es verdad&quot; que rechazando a Dios se restablecer\u00eda la paz.<\/p><\/div>\n<p>Juan Lara<\/p>\n<div id=\"texto\">\n<div>\n<p><strong><em>Ciudad del Vaticano.-<\/em><\/strong> Benedicto XVI dijo este 25 de diciembre que el nacimiento de Cristo es una &#8220;brote de vida nueva&#8221; para la humanidad y que, aunque el poder que tiene el hombre para cerrarse a Dios &#8220;da miedo&#8221;, su venida al mundo aleja ese pensamiento &#8220;tenebroso&#8221; y supone la esperanza que vence al miedo.<\/p>\n<p>Ante varias decenas de miles de personas reunidas en la plaza de San Pedro del Vaticano, el Pont\u00edfice pronunci\u00f3 el tradicional Mensaje de Navidad, en el que repas\u00f3 la situaci\u00f3n en el mundo y pidi\u00f3 que cese la violencia en Siria y ayuda para los refugiados.<\/p>\n<p>Benedicto XVI afirm\u00f3 que Siria est\u00e1 &#8220;profundamente herida&#8221; por un conflicto que no respeta ni siquiera a los enfermos y se cobra v\u00edctimas inocentes&#8221;.<\/p>\n<p>&#8220;Una vez m\u00e1s hago un llamamiento para que cese el derramamiento de sangre, se faciliten las ayudas a los refugiados y a los desplazados y a trav\u00e9s del di\u00e1logo se alcance una soluci\u00f3n pol\u00edtica al conflicto&#8221;, afirm\u00f3.<\/p>\n<p>El Pont\u00edfice tambi\u00e9n hizo votos para que en los pa\u00edses del norte de \u00c1frica, especialmente Egipto, que atraviesan -dijo- una profunda transici\u00f3n en la b\u00fasqueda de un nuevo futuro, los ciudadanos construyan juntos sociedades basadas en la justicia, el respeto de la libertad y la dignidad de cada persona.<\/p>\n<p>En su repaso por el planeta, el Obispo de Roma se detuvo en Tierra Santa e hizo votos para que la paz brote en esa regi\u00f3n donde naci\u00f3, vivi\u00f3, muri\u00f3 y resucit\u00f3 Cristo y pidi\u00f3 a Dios que conceda a israel\u00edes y palestinos &#8220;la valent\u00eda de poner fin a tantos a\u00f1os de luchas y divisiones y de emprender con decisi\u00f3n la v\u00eda de la negociaci\u00f3n&#8221;.<\/p>\n<p>El Pont\u00edfice tambi\u00e9n tuvo palabras para Latinoam\u00e9rica y abog\u00f3 para que crezcan las virtudes humanas y cristianas de los fieles de esa zona de mundo y pidi\u00f3 a Dios que &#8220;sostenga a cuantos se han visto obligados a emigrar lejos de su familia y de su tierra&#8221; y que fortalezca a los gobernantes &#8220;en su compromiso por el desarrollo y en la lucha contra la criminalidad&#8221;.<\/p>\n<p>Benedicto XVI abog\u00f3 asimismo para que la paz &#8220;brote en el vasto continente asi\u00e1tico&#8221; y pidi\u00f3 que el Rey de la Paz dirija su mirada a los nuevos dirigentes de la Rep\u00fablica Popular China &#8220;en el alto cometido que les espera&#8221;.<\/p>\n<p>&#8220;Expreso mis mejores deseos de que en esta misi\u00f3n se valore la contribuci\u00f3n de las religiones, respetando cada una de ellas, de modo que puedan contribuir a la construcci\u00f3n de una sociedad solidaria, para bien de ese noble pueblo y del mundo entero&#8221;, afirm\u00f3.<\/p>\n<p>Pensando en \u00c1frica, el papa, que ya ha visitado en dos ocasiones el continente negro, implor\u00f3 la paz en Mal\u00ed y la concordia en Nigeria, donde -dijo- &#8220;crueles atentados terroristas&#8221; contin\u00faan causando v\u00edctimas, particularmente entre los cristianos&#8221;.<\/p>\n<p>El Obispo de Roma pidi\u00f3 ayuda y consuelo para los refugiados del este de la Rep\u00fablica Democr\u00e1tica del Congo y paz para a Kenia, donde sangrientos atentados han golpeado la poblaci\u00f3n civil y los lugares de culto.<\/p>\n<p>El anciano Pont\u00edfice afirm\u00f3 que en Jes\u00fas se ha encarnado el amor, la verdad, la justicia y la paz y expres\u00f3 su esperanza en el mundo, asegurando que en esta tierra naci\u00f3 Jes\u00fas y es una tierra buena, sana y libre.<\/p>\n<p>El mensaje de Navidad sigui\u00f3 la misma l\u00ednea de la homil\u00eda que pronunci\u00f3 esta pasada noche durante la Misa del Gallo, en la que pidi\u00f3 por la paz en el mundo y especialmente por Siria y Tierra Santa y rechaz\u00f3 el uso de la violencia en nombre de Dios.<\/p>\n<p>Benedicto XVI pidi\u00f3 que en lugar de armamentos para las guerras lleguen ayudas para los que sufren y denunci\u00f3 que el hombre est\u00e1 tan lleno de si &#8220;que no le queda espacio para Dios y le rechaza&#8221;.<\/p>\n<p>Mirando una imagen del Ni\u00f1o reci\u00e9n nacido, el papa Ratzinger implor\u00f3 a Dios que ilumine &#8220;a las personas que se creen en el deber de aplicar la violencia en su nombre, para que aprendan a comprender lo absurdo de la misma y se conviertan en hombres de paz&#8221;.<\/p>\n<p>&#8220;Haz que, tambi\u00e9n hoy, de las espadas se forjen arados, que en lugar de armamento para la guerra lleguen ayudas para los que sufren&#8221;, subray\u00f3.<\/p>\n<p>El papa reconoci\u00f3 que &#8220;es cierto&#8221; que el monote\u00edsmo ha servido en la historia como pretexto para la intolerancia y la violencia y que la religi\u00f3n ha sido usada de manera &#8220;indebida&#8221;, pero que &#8220;no es verdad&#8221; que rechazando a Dios se restablecer\u00eda la paz.<\/p>\n<p>&#8220;Si la luz de Dios se apaga, se extingue la dignidad del hombre&#8221;, subray\u00f3.<\/p>\n<p>Tras el mensaje de este 25 de diciembre3, el papa imparti\u00f3 la bendici\u00f3n &#8220;Urbi et Orbi&#8221; (a la ciudad de Roma y a todo el mundo) en 65 idiomas, entre ellos espa\u00f1ol, portugu\u00e9s y guaran\u00ed.<\/p>\n<p>En espa\u00f1ol proclam\u00f3: &#8220;Feliz Navidad. Que la paz de Cristo reine en vuestros corazones, en las familias y en todos los pueblos&#8221;, en medio de los aplausos y vivas de numerosos espa\u00f1oles y latinoamericanos presentes.<\/p>\n<\/div>\n<\/div>\n","protected":false},"excerpt":{"rendered":"<p>enedicto XVI dijo este 25 de diciembre que el nacimiento de Cristo es una &#8220;brote de vida nueva&#8221; para la humanidad.<\/p>\n","protected":false},"author":1,"featured_media":434614,"comment_status":"open","ping_status":"open","sticky":false,"template":"","format":"standard","meta":{"footnotes":""},"categories":[24],"tags":[5659,61,419],"class_list":["post-434613","post","type-post","status-publish","format-standard","has-post-thumbnail","hentry","category-mundo","tag-navidad","tag-papa","tag-vaticano"],"_links":{"self":[{"href":"https:\/\/diarioelpopular.com\/index.php\/wp-json\/wp\/v2\/posts\/434613","targetHints":{"allow":["GET"]}}],"collection":[{"href":"https:\/\/diarioelpopular.com\/index.php\/wp-json\/wp\/v2\/posts"}],"about":[{"href":"https:\/\/diarioelpopular.com\/index.php\/wp-json\/wp\/v2\/types\/post"}],"author":[{"embeddable":true,"href":"https:\/\/diarioelpopular.com\/index.php\/wp-json\/wp\/v2\/users\/1"}],"replies":[{"embeddable":true,"href":"https:\/\/diarioelpopular.com\/index.php\/wp-json\/wp\/v2\/comments?post=434613"}],"version-history":[{"count":0,"href":"https:\/\/diarioelpopular.com\/index.php\/wp-json\/wp\/v2\/posts\/434613\/revisions"}],"wp:featuredmedia":[{"embeddable":true,"href":"https:\/\/diarioelpopular.com\/index.php\/wp-json\/"}],"wp:attachment":[{"href":"https:\/\/diarioelpopular.com\/index.php\/wp-json\/wp\/v2\/media?parent=434613"}],"wp:term":[{"taxonomy":"category","embeddable":true,"href":"https:\/\/diarioelpopular.com\/index.php\/wp-json\/wp\/v2\/categories?post=434613"},{"taxonomy":"post_tag","embeddable":true,"href":"https:\/\/diarioelpopular.com\/index.php\/wp-json\/wp\/v2\/tags?post=434613"}],"curies":[{"name":"wp","href":"https:\/\/api.w.org\/{rel}","templated":true}]}}