{"id":435836,"date":"2013-01-07T17:00:35","date_gmt":"2013-01-07T22:00:35","guid":{"rendered":"http:\/\/diarioelpopular.com\/?p=435836"},"modified":"2013-06-17T18:30:43","modified_gmt":"2013-06-17T22:30:43","slug":"la-pulga-se-convierte-en-uno-de-los-mas-grandes-de-la-historia-del-futbol","status":"publish","type":"post","link":"https:\/\/diarioelpopular.com\/index.php\/2013\/01\/07\/la-pulga-se-convierte-en-uno-de-los-mas-grandes-de-la-historia-del-futbol\/","title":{"rendered":"&#8220;La pulga&#8221; se convierte en uno de los m\u00e1s grandes de la historia del f\u00fatbol"},"content":{"rendered":"<div id=\"attachment_435837\" style=\"width: 710px\" class=\"wp-caption aligncenter\"><a href=\"https:\/\/diarioelpopular.com\/wp-content\/uploads\/2013\/01\/web.115.jpg\"><img loading=\"lazy\" decoding=\"async\" aria-describedby=\"caption-attachment-435837\" class=\"size-full wp-image-435837\" title=\"web.1\" src=\"https:\/\/diarioelpopular.com\/wp-content\/uploads\/2013\/01\/web.115.jpg\" alt=\"\" width=\"700\" height=\"420\" \/><\/a><p id=\"caption-attachment-435837\" class=\"wp-caption-text\">Messi ha marcado un hito al lograr el cuarto Bal\u00f3n de Oro, y adem\u00e1s de forma consecutiva, un altar que ning\u00fan otro jugador del firmamento llamado f\u00fatbol hab\u00eda conseguido jam\u00e1s.<\/p><\/div>\n<p>Marta Hurtado<\/p>\n<div id=\"texto\">\n<div>\n<p><strong><em>Z\u00farich.-<\/em><\/strong> Apodado &#8220;la pulga&#8221;, por su tama\u00f1o y por su aparente timidez, Leonel Messi se convirti\u00f3 este lunes en uno de los jugadores m\u00e1s grandes de la historia al ganar su cuarto Bal\u00f3n de Oro vestido con un nada discreto traje negro con lunares blancos, con pajarita a juego, consciente de que al menos por ahora, nadie puede igualarle en el arte del f\u00fatbol.<\/p>\n<p>Messi ha marcado un hito al lograr el cuarto Bal\u00f3n de Oro, y adem\u00e1s de forma consecutiva, un altar que ning\u00fan otro jugador del firmamento llamado f\u00fatbol hab\u00eda conseguido jam\u00e1s.<\/p>\n<p>Claramente emocionado y falt\u00e1ndole las pocas palabras que normalmente balbucea cuando agradece, el astro dedic\u00f3 el premio a sus compa\u00f1eros, a su esposa y a su hijo, y se qued\u00f3 boquiabierto al ver la platea al completo del Kongresshaus de Z\u00farich en pie ovacion\u00e1ndole.<\/p>\n<p>La entrada en la historia de este argentino de Rosario, descubierto por el Bar\u00e7a a\u00fan cuando era un ni\u00f1o con problemas de crecimiento, no ha sido una sorpresa, dado que una d\u00e9cada despu\u00e9s de haber abandonado su pa\u00eds, ha sido capaz de romper todos, o casi todos, los r\u00e9cords.<\/p>\n<p>S\u00f3lo el a\u00f1o pasado, se convirti\u00f3 en el m\u00e1ximo goleador de partidos oficiales de la historia del club azulgrana; bati\u00f3 el r\u00e9cord de tantos anotados en una temporada de la Liga de los Campeones (14); y realiz\u00f3 el mayor n\u00famero de goles en un a\u00f1o natural (91: 86 con el Bar\u00e7a y 12 con su selecci\u00f3n), rompiendo el r\u00e9cord que desde hace cuatro d\u00e9cadas ostentaba el alem\u00e1n Gerd M\u00fcller.<\/p>\n<p>No s\u00f3lo las cifras asustan, tambi\u00e9n las comparaciones. El astro argentino ha superado a otras figuras de la galaxia del deporte m\u00e1s seguido del mundo, nada menos que a los holandeses Johan Cruyff (1971, 1973, 1974) y Marco Van Basten (1988, 1989, 1992), y al franc\u00e9s Michel Platini (1982, 1983, 1983).<\/p>\n<p>Este \u00faltimo, actual presidente de la UEFA, afirm\u00f3 hace poco que estaba convencido que el artillero azulgrana lograr\u00eda su cuarto Bal\u00f3n de Oro, fuera este a\u00f1o o en el futuro pr\u00f3ximo, dada su juventud.<\/p>\n<p>Messi tiene 25 a\u00f1os y a\u00fan varios a\u00f1os de carrera por delante en los que quiere &#8220;seguir conquistando t\u00edtulos colectivos&#8221;, porque aunque parezca mentira, el jugador no est\u00e1 contento consigo mismo.<\/p>\n<p>&#8220;No creo que este haya sido mi mejor a\u00f1o&#8221;, afirmaba en rueda de prensa poco antes de lograr el galard\u00f3n, argumentando que a pesar de todo lo conquistado individualmente, el a\u00f1o no hab\u00eda sido prolijo en t\u00edtulos para el Bar\u00e7a.<\/p>\n<p>Una opini\u00f3n totalmente opuesta a su eterno rival, Cristiano Ronaldo, artillero portugu\u00e9s del Real Madrid, y tambi\u00e9n candidato a la edici\u00f3n 2012 del Bal\u00f3n de Oro, que en ese mismo encuentro con los reporteros afirm\u00f3 que &#8220;pase lo que pase hoy, para m\u00ed, misi\u00f3n cumplida&#8221;, recordando que el Madrid gan\u00f3 la Liga y la Supercopa.<\/p>\n<p>Ronaldo -que en la gala luci\u00f3 un refinado esmoquin a medida- perdi\u00f3 por tercera vez ante Messi (2009 y 2011) y debe contentarse con haberle arrebatado al azulgrana el galard\u00f3n de 2008, y la segunda plaza en 2007 -aquel a\u00f1o gan\u00f3 el brasile\u00f1o Kak\u00e1-.<\/p>\n<p>Para pasar el mal trago, el blanco cont\u00f3 con el apoyo de sus compa\u00f1eros de equipo, Xabi Alonso, Sergio Ramos e Iker Casillas, que tambi\u00e9n estuvieron en el Kongresshaus, -todos ellos incluidos en el 11 ideal de la FIFA- pero no con su entrenador y compatriota Jos\u00e9 Mourinho, finalista al Mejor T\u00e9cnico del A\u00f1o, y que no quiso asistir a la fiesta.<\/p>\n<p>El premio lo gan\u00f3 el seleccionador espa\u00f1ol, Vicente del Bosque, un reconocimiento al hecho de que Espa\u00f1a ganase la Eurocopa tras haber obtenido el Mundial en 2010.<\/p>\n<p>Quedaron finalistas Mourinho y el ex entrenador del Bar\u00e7a, Pep Guardiola, que dio una de las noticias del d\u00eda, al anunciar que el a\u00f1o que viene &#8220;volver\u00e1 a entrenar&#8221;, aunque no desvel\u00f3 con qu\u00e9 equipo ni si est\u00e1 negociando con alguno.<\/p>\n<p>Del Bar\u00e7a, tambi\u00e9n estuvieron en la gala Andr\u00e9s Iniesta -finalista al Bal\u00f3n de Oro 2012- as\u00ed como Xavi Hern\u00e1ndez y Gerard Piqu\u00e9, todos incluidos en el 11 ideal de la FIFA, y los tres de estricto y elegante negro, trajes que contrastaban con el atrevido atuendo de Messi, de la firma italiana Dolce&amp;Gabanna.<\/p>\n<p>Los atav\u00edos de las candidatas al Premio de Mejor Jugadora del a\u00f1o tambi\u00e9n contrastaban: del estricto traje oscuro con camisa blanca de la estadounidense Abby Wambach, elegida Mejor Jugadora del A\u00f1o, pasando por los m\u00e1s femeninos vestidos de las dos finalistas, su compatriota Alex Morgan y de la cinco veces campeona del galard\u00f3n, la brasile\u00f1a Marta.<\/p>\n<p>Otra mujer que triunf\u00f3 fue la seleccionadora sueca y ex seleccionadora estadounidense Pia Sundhage, que gan\u00f3 el premio al Mejor T\u00e9cnico de f\u00fatbol femenino.<\/p>\n<p>Quedaron finalistas, el japon\u00e9s Norio Sasaki y el franc\u00e9s Bruno Bini.<\/p>\n<p>Presente en el acto estuvo el actor franc\u00e9s Gerard Depardieu -sentado al lado del presidente de la FIFA, Seth Blatter- que ha causado pol\u00e9mica en su pa\u00eds por exiliarse fiscalmente en B\u00e9lgica y adoptar la ciudadan\u00eda rusa en protesta por el incremento de los impuestos a los ricos.<\/p>\n<p>El Trofeo &#8220;Puskas&#8221;, que valora el mejor gol del a\u00f1o -y que fue entregado por el otrora campe\u00f3n colombiano Carlos Valderrama- fue para el eslovaco Mirsoslav Stoch, y quedaron finalistas el brasile\u00f1o Neymar y el tambi\u00e9n colombiano Radamel Falcao Garc\u00eda.<\/p>\n<p>A pesar de que ni Marta ni Neymar ganaron, Brasil, sede del Mundial de F\u00fatbol 2014, estuvo bien presente en la gala con una espectacular demostraci\u00f3n de capoeira, la danza-lucha creada por los esclavos brasile\u00f1os tra\u00eddos desde \u00c1frica en los barcos negreros.<\/p>\n<p>En la gala tambi\u00e9n se present\u00f3 la mascota del Mundial 2014, un armadillo (un animal en riesgo de extinci\u00f3n) llamado &#8220;Fuleco&#8221;, nombre formado con las s\u00edlabas de &#8220;f\u00fatbol&#8221; y &#8220;ecolog\u00eda&#8221;, &#8220;para demostrar la importancia que para nosotros, brasile\u00f1os, tienen ambas&#8221;, explic\u00f3 Ronaldo &#8220;fen\u00f3meno&#8221;, miembro de organizaci\u00f3n de la Copa.<\/p>\n<p>Pero la &#8220;verdeamarelha&#8221; no logr\u00f3 apagar los colores azulgrana-albiceleste del \u00fanico e indiscutible astro de la noche: Leo Messi.<\/p>\n<\/div>\n<\/div>\n","protected":false},"excerpt":{"rendered":"<p>Apodado &#8220;la pulga&#8221;, por su tama\u00f1o y por su aparente timidez, Leonel Messi se convirti\u00f3 este lunes en uno de los jugadores m\u00e1s grandes de la historia al ganar su cuarto Bal\u00f3n de Oro.<\/p>\n","protected":false},"author":1,"featured_media":435837,"comment_status":"open","ping_status":"open","sticky":false,"template":"","format":"standard","meta":{"footnotes":""},"categories":[28],"tags":[2440,2442,5223,9510,2513,571,1130],"class_list":["post-435836","post","type-post","status-publish","format-standard","has-post-thumbnail","hentry","category-deportes","tag-balon","tag-de","tag-historia","tag-hito","tag-leo","tag-messi","tag-oro"],"_links":{"self":[{"href":"https:\/\/diarioelpopular.com\/index.php\/wp-json\/wp\/v2\/posts\/435836","targetHints":{"allow":["GET"]}}],"collection":[{"href":"https:\/\/diarioelpopular.com\/index.php\/wp-json\/wp\/v2\/posts"}],"about":[{"href":"https:\/\/diarioelpopular.com\/index.php\/wp-json\/wp\/v2\/types\/post"}],"author":[{"embeddable":true,"href":"https:\/\/diarioelpopular.com\/index.php\/wp-json\/wp\/v2\/users\/1"}],"replies":[{"embeddable":true,"href":"https:\/\/diarioelpopular.com\/index.php\/wp-json\/wp\/v2\/comments?post=435836"}],"version-history":[{"count":1,"href":"https:\/\/diarioelpopular.com\/index.php\/wp-json\/wp\/v2\/posts\/435836\/revisions"}],"predecessor-version":[{"id":451453,"href":"https:\/\/diarioelpopular.com\/index.php\/wp-json\/wp\/v2\/posts\/435836\/revisions\/451453"}],"wp:featuredmedia":[{"embeddable":true,"href":"https:\/\/diarioelpopular.com\/index.php\/wp-json\/"}],"wp:attachment":[{"href":"https:\/\/diarioelpopular.com\/index.php\/wp-json\/wp\/v2\/media?parent=435836"}],"wp:term":[{"taxonomy":"category","embeddable":true,"href":"https:\/\/diarioelpopular.com\/index.php\/wp-json\/wp\/v2\/categories?post=435836"},{"taxonomy":"post_tag","embeddable":true,"href":"https:\/\/diarioelpopular.com\/index.php\/wp-json\/wp\/v2\/tags?post=435836"}],"curies":[{"name":"wp","href":"https:\/\/api.w.org\/{rel}","templated":true}]}}