{"id":436268,"date":"2013-01-10T21:49:58","date_gmt":"2013-01-11T02:49:58","guid":{"rendered":"http:\/\/diarioelpopular.com\/?p=436268"},"modified":"2013-01-10T21:49:58","modified_gmt":"2013-01-11T02:49:58","slug":"laura-carmine-en","status":"publish","type":"post","link":"https:\/\/diarioelpopular.com\/index.php\/2013\/01\/10\/laura-carmine-en\/","title":{"rendered":"Laura Carmine en\u2026"},"content":{"rendered":"<p align=\"center\"><a href=\"https:\/\/diarioelpopular.com\/wp-content\/uploads\/2013\/01\/WEB.1.jpg\"><img loading=\"lazy\" decoding=\"async\" class=\"aligncenter size-full wp-image-436270\" title=\"WEB.1\" src=\"https:\/\/diarioelpopular.com\/wp-content\/uploads\/2013\/01\/WEB.1.jpg\" alt=\"\" width=\"700\" height=\"420\" \/><\/a>En tan solo una noche, 14 a\u00f1os atr\u00e1s, la vida relativamente tranquila y serena de Natalia y Ver\u00f3nica Garrido dio un giro de 180 grados. Aquella noche en que el padrastro lleg\u00f3 m\u00e1s bebido de lo usual, la escena termin\u00f3 en una tragedia de proporciones ca\u00f3ticas, la vida que hab\u00edan llevado hasta el momento se destruy\u00f3 para siempre. Desde esa noche, las hermanas tomaron caminos diferentes y no se han vuelto a ver. 14 a\u00f1os despu\u00e9s, se vuelven a encontrar y hablan de lo que ha sido su historia hasta este momento desde la noche en que se separaron.<\/p>\n<p><a href=\"https:\/\/diarioelpopular.com\/wp-content\/uploads\/2013\/01\/WEB.2.jpg\"><img loading=\"lazy\" decoding=\"async\" class=\"aligncenter size-full wp-image-436271\" title=\"WEB.2\" src=\"https:\/\/diarioelpopular.com\/wp-content\/uploads\/2013\/01\/WEB.2.jpg\" alt=\"\" width=\"700\" height=\"420\" \/><\/a>La actriz Laura Carmine confiesa que le gusta emprender continuamente proyectos que la apasionan y esta vez se refiere a la nueva telenovela, \u00bfQui\u00e9n Eres T\u00fa?, que protagoniza junto a Juli\u00e1n Gil.<\/p>\n<p>\u201cEstoy muy contenta, muy orgullosa y muy feliz de que tanto Televisa como RTI hayan confiado en m\u00ed para hacer estos personajes. A m\u00ed en lo personal me han hecho crecer mucho y en lo profesional mucho m\u00e1s ya que estoy conociendo m\u00e1s facetas como actriz, de esto se basa esta carrera, te permite que puedes dar o que no puedes dar\u201d.<\/p>\n<p><a href=\"https:\/\/diarioelpopular.com\/wp-content\/uploads\/2013\/01\/WEB.3.jpg\"><img loading=\"lazy\" decoding=\"async\" class=\"aligncenter size-full wp-image-436272\" title=\"WEB.3\" src=\"https:\/\/diarioelpopular.com\/wp-content\/uploads\/2013\/01\/WEB.3.jpg\" alt=\"\" width=\"700\" height=\"420\" \/><\/a>Con la alegr\u00eda de este proyecto en el que afirma haberse divertido mucho haci\u00e9ndolo, Laura nos cuenta m\u00e1s detalles.<\/p>\n<p>\u201cInterpretar dos papeles no es nada f\u00e1cil. Quien te diga que es f\u00e1cil te est\u00e1 mintiendo, le tienes que poner todo para poder hacerlos bien, y si es complicado hacer uno mucho m\u00e1s hacer dos. Esto lo digo porque un d\u00eda que estaba grabando y Ver\u00f3nica, que es la antagonista, ten\u00eda que llorar, tuve que parar y les dije; perd\u00f3nenme, es que estoy llorando igual que Natalia. A pesar de que son tan id\u00e9nticas, se tiene que ver la diferencia., no es solo el lunar que ambas tienen en la mejilla, lo que las diferencia es como miran, como se mueven o c\u00f3mo reaccionan en el momento del coraje, la tristeza o la alegr\u00eda\u201d.<\/p>\n<p>Pero la actriz admite lo que le gusta y no le gusta de Natalia y Ver\u00f3nica.<\/p>\n<p>\u201cDe Natalia me ha gustado ese esp\u00edritu libre, dice lo que siente, piensa con el coraz\u00f3n, es una alma blanca aun de tener un pasado bueno, lo m\u00e1s bonito es que todo lo hace por amor y a pesar de las adversidades ella trata de vivir el d\u00eda a d\u00eda. Lo que no me ha gustado es el querer tanto con el coraz\u00f3n, eso la ha llevado a cometer errores en su vida.<\/p>\n<p>En cuanto a Ver\u00f3nica en lo actoral me han gustado muchas cosas de ella ya que he aprendido como ser una villana sin tener que caer en el clich\u00e9, o como dicen por ah\u00ed, en el circo. Ella tiene unos motivos del porque es asi, tiene un odio a su hermana, gigante, y cuando lo vean van a entender porque ella es una mala con justificaciones dentro de su mundo, pues nadie justifica lo que ella quiere hacer\u201d.<\/p>\n<p>Tambi\u00e9n la Carmine subray\u00f3 que trabajar en Colombia ha sido toda una gran experiencia.<\/p>\n<p>\u201cCuando a m\u00ed me dijeron que me iba para Colombia llam\u00e9 primero a mi mam\u00e1, luego a mi novio y la vedad es que no s\u00e9 cu\u00e1l fue el grito de emoci\u00f3n m\u00e1s fuerte, si el de mi madre o el de mi pareja. Lo que me mas me ha encantado es la comida, es muy parecida a la puertorrique\u00f1a, con esa bandeja paisa me siento como en mi tierra. Los colombianos son muy fiesteros, Bogot\u00e1 por ejemplo esta hermosa, tiene una vista espectacular, Girardot, Santa Martha es un puerto muy bonito que me lleva a mi Puerto Rico, espero poder ir a Cartagena y a tantos lugares hermosos que tiene ese pa\u00eds\u201d.<\/p>\n<p>En torno a c\u00f3mo se siente de trabajar junto a Juli\u00e1n Gil, expreso:<\/p>\n<div id=\"attachment_436269\" style=\"width: 710px\" class=\"wp-caption aligncenter\"><a href=\"https:\/\/diarioelpopular.com\/wp-content\/uploads\/2013\/01\/WEB.-Y-JULIAN.jpg\"><img loading=\"lazy\" decoding=\"async\" aria-describedby=\"caption-attachment-436269\" class=\"size-full wp-image-436269\" title=\"WEB.-Y-JULIAN\" src=\"https:\/\/diarioelpopular.com\/wp-content\/uploads\/2013\/01\/WEB.-Y-JULIAN.jpg\" alt=\"\" width=\"700\" height=\"420\" \/><\/a><p id=\"caption-attachment-436269\" class=\"wp-caption-text\">Laura Carmine - Juli\u00e1n Gil<\/p><\/div>\n<p>\u201cPara empezar con Juli\u00e1n nos conocemos desde mucho antes de hacer esta telenovela, siempre hemos estado reunidos, Juli\u00e1n es mi amigo y creo que con eso lo digo todo, \u00e9l me cuida como si fuera su hermana, nos llevamos bien incre\u00edble, siempre me est\u00e1 aconsejando y en lo actoral nos divertimos demasiado. Me siento en total confianza en hacer escenas fuertes, de hecho se me ha ido el tiempo volando pero pienso que esa qu\u00edmica se percibe\u201d.<\/p>\n<p>\u00bfQui\u00e9n Eres T\u00fa? se trasmite por UniM\u00e1s que sustituyo a Telefutura, todos los d\u00edas en el horario de las 10pm\/9c.<\/p>\n","protected":false},"excerpt":{"rendered":"<p>En tan solo una noche, 14 a\u00f1os atr\u00e1s, la vida relativamente tranquila y serena de Natalia y Ver\u00f3nica Garrido dio un giro de 180 grados.<\/p>\n","protected":false},"author":1,"featured_media":436270,"comment_status":"open","ping_status":"open","sticky":false,"template":"","format":"standard","meta":{"footnotes":""},"categories":[80,81],"tags":[9528,9529,83],"class_list":["post-436268","post","type-post","status-publish","format-standard","has-post-thumbnail","hentry","category-cine-2","category-columnistas","tag-azzuero","tag-laura-carmine","tag-rossana"],"_links":{"self":[{"href":"https:\/\/diarioelpopular.com\/index.php\/wp-json\/wp\/v2\/posts\/436268","targetHints":{"allow":["GET"]}}],"collection":[{"href":"https:\/\/diarioelpopular.com\/index.php\/wp-json\/wp\/v2\/posts"}],"about":[{"href":"https:\/\/diarioelpopular.com\/index.php\/wp-json\/wp\/v2\/types\/post"}],"author":[{"embeddable":true,"href":"https:\/\/diarioelpopular.com\/index.php\/wp-json\/wp\/v2\/users\/1"}],"replies":[{"embeddable":true,"href":"https:\/\/diarioelpopular.com\/index.php\/wp-json\/wp\/v2\/comments?post=436268"}],"version-history":[{"count":0,"href":"https:\/\/diarioelpopular.com\/index.php\/wp-json\/wp\/v2\/posts\/436268\/revisions"}],"wp:featuredmedia":[{"embeddable":true,"href":"https:\/\/diarioelpopular.com\/index.php\/wp-json\/"}],"wp:attachment":[{"href":"https:\/\/diarioelpopular.com\/index.php\/wp-json\/wp\/v2\/media?parent=436268"}],"wp:term":[{"taxonomy":"category","embeddable":true,"href":"https:\/\/diarioelpopular.com\/index.php\/wp-json\/wp\/v2\/categories?post=436268"},{"taxonomy":"post_tag","embeddable":true,"href":"https:\/\/diarioelpopular.com\/index.php\/wp-json\/wp\/v2\/tags?post=436268"}],"curies":[{"name":"wp","href":"https:\/\/api.w.org\/{rel}","templated":true}]}}