{"id":4373,"date":"2011-07-10T23:21:23","date_gmt":"2011-07-11T03:21:23","guid":{"rendered":"http:\/\/retrolab.ca\/elpopular\/?p=4373"},"modified":"2011-07-10T23:21:23","modified_gmt":"2011-07-11T03:21:23","slug":"canada-gana-a-ecuador-y-se-mete-en-la-repesca","status":"publish","type":"post","link":"https:\/\/diarioelpopular.com\/index.php\/2011\/07\/10\/canada-gana-a-ecuador-y-se-mete-en-la-repesca\/","title":{"rendered":"Canad\u00e1 gana a Ecuador y se mete en la repesca"},"content":{"rendered":"<div id=\"attachment_4374\" style=\"width: 710px\" class=\"wp-caption aligncenter\"><a href=\"http:\/\/retrolab.ca\/elpopular\/wp-content\/uploads\/2011\/07\/Copa-Davis-Vasek-Pospisil.jpg\"><img loading=\"lazy\" decoding=\"async\" aria-describedby=\"caption-attachment-4374\" class=\"size-full wp-image-4374\" title=\"Copa Davis, Vasek Pospisil\" src=\"http:\/\/retrolab.ca\/elpopular\/wp-content\/uploads\/2011\/07\/Copa-Davis-Vasek-Pospisil.jpg\" alt=\"\" width=\"700\" height=\"420\" \/><\/a><p id=\"caption-attachment-4374\" class=\"wp-caption-text\">El canadiense Vasek Pospisil devuelve la bola al ecuatoriano Julio C\u00e9sar Campuzano, durante el juego por la segunda ronda del Grupo I de la Zona Americana de la Copa Davis. Foto: Jaime Echeverr\u00eda \/ Efe<\/p><\/div>\n<p><em>Efe. Guayaquil (Ecuador).- <\/em>Canad\u00e1 gan\u00f3 este domingo a Ecuador por 3-2 la segunda ronda del Grupo 1 de la Zona Americana y pas\u00f3 a la fase de repesca al Grupo Mundial de la\u00a0Copa\u00a0Davis.<\/p>\n<p>El equipo canadiense logr\u00f3 el punto decisivo con el triunfo de Philip Bester sobre el ecuatoriano Iv\u00e1n Endara, por 6-2, 7-6 (3) y 6-4, en el \u00faltimo partido de la serie disputada en la ciudad ecuatoriana de Guayaquil.<\/p>\n<p>Canad\u00e1, adem\u00e1s, remont\u00f3 la serie que perd\u00eda 2-0 en la jornada inaugural del viernes, resultado que hizo so\u00f1ar al remozado equipo local, que no cont\u00f3 con el reci\u00e9n retirado Nicol\u00e1s Lapentti y de su hermano Giovanni, que sufre de una lesi\u00f3n.<\/p>\n<p>En el primer partido de la jornada final disputada este domingo, la raqueta n\u00famero uno de Canad\u00e1, Vasek Pospisil, se impuso por 6-3, 6-4 y 7-5 al n\u00famero uno ecuatoriano, Julio C\u00e9sar Camposano.<\/p>\n<p>En el partido de dobles disputado el s\u00e1bado, los canadienses empezaron la remontada con el triunfo de Daniel N\u00e9stor y Vasek Pospisil, por 7-6 (4), 6-4 y 7-5, sobre los j\u00f3venes ecuatorianos Emilio G\u00f3mez y Roberto Quiroz.<\/p>\n<p>El pasado viernes, Endara se hab\u00eda impuesto por 6-3, 6-4, 6-7 (6) y 6-3 a Pospisil; mientras que Camposano a Bester por 7-6 (4), 6-7 (4), 7-5 y 6-2, aunque esa ventaja se termin\u00f3 de evaporar en los partidos disputados hoy en favor del equipo canadiense.<\/p>\n<p>Canad\u00e1 disputar\u00e1 la repesca en septiembre contra uno de los perdedores del Grupo Mundial, integrado por diecis\u00e9is equipos nacionales de\u00a0Copa\u00a0Davis, mientras que Ecuador se mantendr\u00e1 en la Zona I Americana.<\/p>\n","protected":false},"excerpt":{"rendered":"<p>Canad\u00e1 gan\u00f3 a Ecuador por 3-2 la segunda ronda del Grupo 1 de la Zona Americana y pas\u00f3 a la fase de repesca al Grupo Mundial de la Copa Davis.<\/p>\n","protected":false},"author":1,"featured_media":4374,"comment_status":"closed","ping_status":"open","sticky":false,"template":"","format":"standard","meta":{"footnotes":""},"categories":[28],"tags":[77,1628,308],"class_list":["post-4373","post","type-post","status-publish","format-standard","has-post-thumbnail","hentry","category-deportes","tag-canada-2","tag-copa-davis","tag-ecuador"],"_links":{"self":[{"href":"https:\/\/diarioelpopular.com\/index.php\/wp-json\/wp\/v2\/posts\/4373","targetHints":{"allow":["GET"]}}],"collection":[{"href":"https:\/\/diarioelpopular.com\/index.php\/wp-json\/wp\/v2\/posts"}],"about":[{"href":"https:\/\/diarioelpopular.com\/index.php\/wp-json\/wp\/v2\/types\/post"}],"author":[{"embeddable":true,"href":"https:\/\/diarioelpopular.com\/index.php\/wp-json\/wp\/v2\/users\/1"}],"replies":[{"embeddable":true,"href":"https:\/\/diarioelpopular.com\/index.php\/wp-json\/wp\/v2\/comments?post=4373"}],"version-history":[{"count":0,"href":"https:\/\/diarioelpopular.com\/index.php\/wp-json\/wp\/v2\/posts\/4373\/revisions"}],"wp:featuredmedia":[{"embeddable":true,"href":"https:\/\/diarioelpopular.com\/index.php\/wp-json\/"}],"wp:attachment":[{"href":"https:\/\/diarioelpopular.com\/index.php\/wp-json\/wp\/v2\/media?parent=4373"}],"wp:term":[{"taxonomy":"category","embeddable":true,"href":"https:\/\/diarioelpopular.com\/index.php\/wp-json\/wp\/v2\/categories?post=4373"},{"taxonomy":"post_tag","embeddable":true,"href":"https:\/\/diarioelpopular.com\/index.php\/wp-json\/wp\/v2\/tags?post=4373"}],"curies":[{"name":"wp","href":"https:\/\/api.w.org\/{rel}","templated":true}]}}