{"id":437981,"date":"2013-01-18T13:49:40","date_gmt":"2013-01-18T18:49:40","guid":{"rendered":"http:\/\/diarioelpopular.com\/?p=437981"},"modified":"2013-06-17T18:30:09","modified_gmt":"2013-06-17T22:30:09","slug":"adamari-lopez","status":"publish","type":"post","link":"https:\/\/diarioelpopular.com\/index.php\/2013\/01\/18\/adamari-lopez\/","title":{"rendered":"Adamari L\u00f3pez"},"content":{"rendered":"<p align=\"center\"><strong><em><a href=\"https:\/\/diarioelpopular.com\/wp-content\/uploads\/2013\/01\/web.0074.jpg\"><img loading=\"lazy\" decoding=\"async\" class=\"alignright size-full wp-image-437986\" title=\"web.007\" src=\"https:\/\/diarioelpopular.com\/wp-content\/uploads\/2013\/01\/web.0074.jpg\" alt=\"\" width=\"700\" height=\"420\" \/><\/a>\u201cLloro entre la emoci\u00f3n de poder hablar y el dolor de las cosas que pasaron, lloro como manera de liberaci\u00f3n.\u201d<\/em><\/strong><\/p>\n<p align=\"center\">Por contar su autobiograf\u00eda en el libro \u2018Viviendo\u2019, la actriz y presentadora Adamari L\u00f3pez super\u00f3 las expectativas de venta, convirti\u00e9ndose en el libro # 1 m\u00e1s vendido tanto en Estados Unidos como en su pa\u00eds, Puerto Rico.<\/p>\n<p>\u2018Viviendo\u201d ha tenido una enorme acogida por parte del p\u00fablico, lo que demuestra que Adamari\u00a0 es una artista respetada por todos los latinoamericanos. La gente no s\u00f3lo lo compra por ser su obra sino porque adem\u00e1s la quiere.<\/p>\n<div id=\"attachment_437988\" style=\"width: 209px\" class=\"wp-caption alignleft\"><a href=\"https:\/\/diarioelpopular.com\/wp-content\/uploads\/2013\/01\/web.-AdamariLopezlargecover1.jpg\"><img loading=\"lazy\" decoding=\"async\" aria-describedby=\"caption-attachment-437988\" class=\"size-medium wp-image-437988\" title=\"web.-AdamariLopezlargecover\" src=\"https:\/\/diarioelpopular.com\/wp-content\/uploads\/2013\/01\/web.-AdamariLopezlargecover1-199x300.jpg\" alt=\"\" width=\"199\" height=\"300\" \/><\/a><p id=\"caption-attachment-437988\" class=\"wp-caption-text\">Cr\u00e9dito portada: Celebra Books - Fotograf\u00eda: Omar Cruz<\/p><\/div>\n<p>Y es muy cierto que por primera vez Adamari L\u00f3pez quiso compartir con el lector muchos pasajes alegres y tristes de su vida, adem\u00e1s con los medios de comunicaci\u00f3n donde tuvo un encuentro en la galer\u00eda Boffi Studio de Miami y con esa sonrisa que siempre la caracteriza iniciamos nuestra charla.<\/p>\n<p>\u201cLa verdad, tengo que decir que este libro est\u00e1 escrito con el coraz\u00f3n\u201d, los ojos de Adamari brillan, \u201cEsta ah\u00ed quien es mi familia, como nos criaron, como nos fuimos desarrollando profesionalmente, enfermedades y nuevos comienzos. Hay de todo pero ciento por ciento pegado a la verdad, aqu\u00ed no hay cabida para m\u00e1scaras, ni para falsedades, en \u201cViviendo\u201d esta mi vida con mis cicatrices, mis vivencias y mis fortalezas\u201d.<\/p>\n<p>Realmente que \u00a0es un libro es muy inspiracional, que le da rostro al drama que a diario todos en la vida enfrentamos.<\/p>\n<p>\u201cEs que problemas de enfermedad, de amor y de desamor todos los tenemos en alg\u00fan momento. A m\u00ed me toco pasarlos y si algo de todo lo que a m\u00ed me toco pasar y que est\u00e1 plasmado aqu\u00ed puede tocar la vida de alguien positivamente, \u00a1qu\u00e9 bueno!\u00a0 Todo esto me sirvi\u00f3 para encontrar nuevos prop\u00f3sitos, nuevas razones para seguir adelante y lo m\u00e1s importante, poder reencontrarme conmigo misma\u201d.<\/p>\n<p>Y este era el momento preciso. Adamari con su libro vuela, como una cometa hacia la libertad, logrando desahogar en llanto muchas cosas que por mucho tiempo callo.<\/p>\n<div id=\"attachment_437989\" style=\"width: 210px\" class=\"wp-caption alignleft\"><a href=\"https:\/\/diarioelpopular.com\/wp-content\/uploads\/2013\/01\/web.150.jpg\"><img loading=\"lazy\" decoding=\"async\" aria-describedby=\"caption-attachment-437989\" class=\"size-medium wp-image-437989\" title=\"web.1\" src=\"https:\/\/diarioelpopular.com\/wp-content\/uploads\/2013\/01\/web.150-200x300.jpg\" alt=\"\" width=\"200\" height=\"300\" \/><\/a><p id=\"caption-attachment-437989\" class=\"wp-caption-text\">Fotograf\u00eda: Omar Cruz<\/p><\/div>\n<p align=\"center\">\u201cEra para no lastimarme o para no lastimar a otros, pero cuando al fin logro soltar todas esas cosas lloro entre la emoci\u00f3n de poder hablar y el dolor de las cosas que pasaron, lloro como manera de liberaci\u00f3n. Pude poder perdonarme a m\u00ed misma de mis errores y perdonar a todos los que aun sin querer me lastimaron. Con esto logro aliviar y sanar tantas heridas al poder estar hablando de todo como un recuerdo de lo que pas\u00e9 y que pude superar\u201d.<\/p>\n<p>Sobre c\u00f3mo se sinti\u00f3 al recibir la noticia de que su libro que hab\u00eda logrado desbancar del primer lugar al ya reconocido \u2018Cincuenta sombras de Grey\u2019 (Fifty Shades of Grey) el cual se encontraba en la primera posici\u00f3n, expres\u00f3:<\/p>\n<p>\u201cQue felicidad me dio este primer lugar sonad\u00edsimo y deseado. Cuando me dieron algo como si fuera un pergamino en donde est\u00e1 plasmado mi nombre y est\u00e1 escrito que estoy en el n\u00famero 1 de ventas, fue muy emocionante. Ver que la vida de una muchachita que naci\u00f3 ah\u00ed en Humacao, hija del due\u00f1o de una muebler\u00eda, de un hombre de campo y de una maestra haya podido tener este privilegio, que bendici\u00f3n tan grande\u201d.<\/p>\n<p align=\"center\">Foto # 2<\/p>\n<p align=\"center\"><strong>Fotograf\u00eda: Frank<\/strong><\/p>\n<p>El libro sali\u00f3 el 31 de diciembre del 2012, por eso la co-presentadora del programa \u201cUn Nuevo D\u00eda\u201d, de la cadena Telemundo, nos dijo que esa era una fecha de doble celebraci\u00f3n.<\/p>\n<p>\u201cNosotros quer\u00edamos salir para el mes de septiembre u octubre, para la Feria del Libro, pero no nos dio tiempo, mucho trabajo afortunadamente y por correcciones que iban y ven\u00edan del libro. No me olvido alguien me escribi\u00f3: \u201cQue bueno que vas a sacar el libro, pero el 31 de diciembre es una fecha muy inusual, deber\u00edas orientarte m\u00e1s\u201d. Esto fue lo que me lleg\u00f3, pero a tan solo 15 d\u00edas de salir a las librer\u00edas ya \u00a0estamos ocupando el puesto primer\u00edsimo lugar, todos los libros los voy a sacar para esa fecha (risas). El 31 de diciembre naci\u00f3 mi sobrino &#8211; ahijado Wilmer Luis y el d\u00eda 1\u00ba. Naci\u00f3 mi sobrina &#8211; nieta Azul, para mi estas fechas son de celebraci\u00f3n y de alegr\u00eda porque lleg\u00f3 al mundo gente importante y especial en mi vida, y adem\u00e1s sali\u00f3 a la luz mi vida reflejada en \u2018Viviendo\u201d. Asi que cuando quieran hacer algo, elijan esa fecha\u201d, asegur\u00f3 con una sonrisa.<\/p>\n<p>El lector podr\u00e1 deleitarse con los escritos plasmados en \u2018Viviendo\u2019. En la obra la autora le har\u00e1 entender que los pr\u00edncipes azules y las mujeres perfectas no existen y que las relaciones de pareja funcionan cuando hay dos luchando por el mismo ideal.<\/p>\n<p>Adamari L\u00f3pez es una mujer valiosa y valerosa que trabaja a todo pedal, que no se doblega y que supo salir airosa de los duros golpes que la vida le dio en su camino.<\/p>\n<p>\u00a1Que valent\u00eda\u2026mujer!<\/p>\n","protected":false},"excerpt":{"rendered":"<p>Por contar su autobiograf\u00eda en el libro \u2018Viviendo\u2019, la actriz y presentadora Adamari L\u00f3pez super\u00f3 las expectativas de venta, convirti\u00e9ndose en el libro # 1 .<\/p>\n","protected":false},"author":1,"featured_media":437986,"comment_status":"open","ping_status":"open","sticky":false,"template":"","format":"standard","meta":{"footnotes":""},"categories":[80,81],"tags":[6100,3269,2727,83],"class_list":["post-437981","post","type-post","status-publish","format-standard","has-post-thumbnail","hentry","category-cine-2","category-columnistas","tag-adamari","tag-azuero","tag-lopez","tag-rossana"],"_links":{"self":[{"href":"https:\/\/diarioelpopular.com\/index.php\/wp-json\/wp\/v2\/posts\/437981","targetHints":{"allow":["GET"]}}],"collection":[{"href":"https:\/\/diarioelpopular.com\/index.php\/wp-json\/wp\/v2\/posts"}],"about":[{"href":"https:\/\/diarioelpopular.com\/index.php\/wp-json\/wp\/v2\/types\/post"}],"author":[{"embeddable":true,"href":"https:\/\/diarioelpopular.com\/index.php\/wp-json\/wp\/v2\/users\/1"}],"replies":[{"embeddable":true,"href":"https:\/\/diarioelpopular.com\/index.php\/wp-json\/wp\/v2\/comments?post=437981"}],"version-history":[{"count":1,"href":"https:\/\/diarioelpopular.com\/index.php\/wp-json\/wp\/v2\/posts\/437981\/revisions"}],"predecessor-version":[{"id":451449,"href":"https:\/\/diarioelpopular.com\/index.php\/wp-json\/wp\/v2\/posts\/437981\/revisions\/451449"}],"wp:featuredmedia":[{"embeddable":true,"href":"https:\/\/diarioelpopular.com\/index.php\/wp-json\/"}],"wp:attachment":[{"href":"https:\/\/diarioelpopular.com\/index.php\/wp-json\/wp\/v2\/media?parent=437981"}],"wp:term":[{"taxonomy":"category","embeddable":true,"href":"https:\/\/diarioelpopular.com\/index.php\/wp-json\/wp\/v2\/categories?post=437981"},{"taxonomy":"post_tag","embeddable":true,"href":"https:\/\/diarioelpopular.com\/index.php\/wp-json\/wp\/v2\/tags?post=437981"}],"curies":[{"name":"wp","href":"https:\/\/api.w.org\/{rel}","templated":true}]}}