{"id":439584,"date":"2013-01-25T00:06:22","date_gmt":"2013-01-25T05:06:22","guid":{"rendered":"http:\/\/diarioelpopular.com\/?p=439584"},"modified":"2013-06-17T18:30:09","modified_gmt":"2013-06-17T22:30:09","slug":"los-famosos-posan-en","status":"publish","type":"post","link":"https:\/\/diarioelpopular.com\/index.php\/2013\/01\/25\/los-famosos-posan-en\/","title":{"rendered":"Los famosos posan en\u2026"},"content":{"rendered":"<div id=\"attachment_439586\" style=\"width: 710px\" class=\"wp-caption aligncenter\"><a href=\"https:\/\/diarioelpopular.com\/wp-content\/uploads\/2013\/01\/WEB.054.jpg\"><img loading=\"lazy\" decoding=\"async\" aria-describedby=\"caption-attachment-439586\" class=\"size-full wp-image-439586\" title=\"WEB.054\" src=\"https:\/\/diarioelpopular.com\/wp-content\/uploads\/2013\/01\/WEB.054.jpg\" alt=\"\" width=\"700\" height=\"420\" \/><\/a><p id=\"caption-attachment-439586\" class=\"wp-caption-text\">Rosalinda Rodr\u00edguez - Carlos Gar\u00edn - Victoria del Rosal<\/p><\/div>\n<p align=\"center\">Con una selecci\u00f3n de pensamientos y actrices de talla internacional como Sonya Smith, Rosalinda Rodr\u00edguez, Jeannette Rodr\u00edguez o Felicia Mercado, modelos, presentadores y los mism\u00edsimos galanazos como su creador Carlos Gar\u00edn, David Chocarro, Pablo Azar o Gabriel Porras entre otros, aportaron su granito de arena en \u2018Motivaci\u00f3n Visual 2013\u2019 para que el paso de los meses se nos haga, visualmente, m\u00e1s agradable a todos.<\/p>\n<p align=\"center\">Este es un proyecto tambi\u00e9n del fot\u00f3grafo Jos\u00e9 Alexzander y tiene un objetivo, recaudar fondos para ayudar al Club Amazonas USA y su misi\u00f3n de llevar m\u00e9dicos y medicinas a las zonas m\u00e1s pobres. La presentaci\u00f3n de \u2018Motivaci\u00f3n Visual 2013\u2019 se llev\u00f3 a cabo el jueves 17, en el restaurante MPP Brickell, Fine Peruvian Cuisine con una \u201cAlfombra Dorada\u201d.<\/p>\n<p>Una de las mayores ventajas de trabajar en medios de comunicaci\u00f3n es poder hacerse eco de este tipo de campa\u00f1as, asi que tuvimos la oportunidad de conversar con Carlos Gar\u00edn quien muy agradeci\u00f3 por la ayuda de todos los colaboradores explic\u00f3.<\/p>\n<p>\u201cEste es un proyecto convertido en la realidad de un sue\u00f1o que ven\u00edamos trabajando desde hac\u00eda mucho tiempo. Tuve la suerte de conocer a Jos\u00e9 Alexzander, un gran fot\u00f3grafo y artista digital, por una entrevista que me hicieron y nos pusimos de acuerdo ya que era necesario realizar algo que implicara a gente de los medios que tienen buenas intenciones y buenos corazones para ayudar a los que menos tienen, los menos favorecidos. Nunca se hab\u00eda hecho algo que fuera para toda la familia, para toda la gente y con un trasfondo art\u00edstico que le permitiera a las personas admirar a los famosos que quieren\u201d.<\/p>\n<div id=\"attachment_439587\" style=\"width: 710px\" class=\"wp-caption aligncenter\"><a href=\"https:\/\/diarioelpopular.com\/wp-content\/uploads\/2013\/01\/WEB.0451.jpg\"><img loading=\"lazy\" decoding=\"async\" aria-describedby=\"caption-attachment-439587\" class=\"size-full wp-image-439587\" title=\"WEB.045\" src=\"https:\/\/diarioelpopular.com\/wp-content\/uploads\/2013\/01\/WEB.0451.jpg\" alt=\"\" width=\"700\" height=\"420\" \/><\/a><p id=\"caption-attachment-439587\" class=\"wp-caption-text\">Ismael La Rosa- Felicia Mercado- Carlos Gar\u00edn \u2013 Victoria del Rosal<\/p><\/div>\n<p>Cada fotograf\u00eda tiene un mensaje muy positivo de la sabidur\u00eda universal, citamos algunos de ellos:<\/p>\n<p>\u201cEl secreto de la vida es un misterio. Lo que no es un misterio es que se vive mejor cuando se comparte\u201d.<\/p>\n<p><strong>Sonya Smith.<\/strong><\/p>\n<p>\u201cAtesora memorias, experiencias y emociones: para el alma son pociones que perduran una eternidad\u201d.<\/p>\n<p><strong>Carlos Gar\u00edn.<\/strong><\/p>\n<p>\u201cHay preguntas que no tiene respuestas y respuestas que no necesitamos saber. A veces, aquello que no entendemos es mejor dejarlo ser\u201d.<\/p>\n<p><strong>Rosalinda Rodr\u00edguez.<\/strong><\/p>\n<div id=\"attachment_439588\" style=\"width: 710px\" class=\"wp-caption aligncenter\"><a href=\"https:\/\/diarioelpopular.com\/wp-content\/uploads\/2013\/01\/WEB.059.jpg\"><img loading=\"lazy\" decoding=\"async\" aria-describedby=\"caption-attachment-439588\" class=\"size-full wp-image-439588\" title=\"WEB.059\" src=\"https:\/\/diarioelpopular.com\/wp-content\/uploads\/2013\/01\/WEB.059.jpg\" alt=\"\" width=\"700\" height=\"420\" \/><\/a><p id=\"caption-attachment-439588\" class=\"wp-caption-text\">Carola Parmejano - Jos\u00e9 Alexzander<\/p><\/div>\n<p>Este calendario va relacionado con im\u00e1genes como la del \u2018Rey Salom\u00f3n o los Arc\u00e1ngeles, e invita a la gente a ser mejores. Es un regalo que quisimos hacerle a los ni\u00f1os, en este caso por medio de Fundaci\u00f3n Amazonas USA, ya que su \u00fanica labor es ir a todos los pa\u00edses de Am\u00e9rica Latina con estos m\u00e9dicos que tienen un alma que no les cabe en el pecho para ayudar a todos los ni\u00f1os\u00a0 y practicarles cirug\u00edas ya sean de coraz\u00f3n o hasta de ortopedia\u201d.<\/p>\n<p>Y concluye el carism\u00e1tico Carlos Gar\u00edn:<\/p>\n<p>\u201cCon estos calendarios lo \u00fanico que estamos haciendo es regalar una sonrisa y un poco de esperanza, para de la misma forma retribuir asi lo que nosotros tanto hemos recibido\u201d.<\/p>\n<p><strong>Fotos: Frank.<\/strong><\/p>\n<p><a href=\"https:\/\/diarioelpopular.com\/wp-content\/uploads\/2013\/01\/WEB.Calendario101-21-13001.jpg\"><img loading=\"lazy\" decoding=\"async\" class=\"aligncenter size-full wp-image-439589\" title=\"WEB.Calendario101-21-13001\" src=\"https:\/\/diarioelpopular.com\/wp-content\/uploads\/2013\/01\/WEB.Calendario101-21-13001.jpg\" alt=\"\" width=\"612\" height=\"842\" \/><\/a><\/p>\n","protected":false},"excerpt":{"rendered":"<p>Con una selecci\u00f3n de pensamientos y actrices de talla internacional como Sonya Smith, Rosalinda Rodr\u00edguez, Jeannette Rodr\u00edguez o Felicia Mercado, modelos, presentadores y los mism\u00edsimos galanazos como su creador Carlos Gar\u00edn, David Chocarro, Pablo Azar o Gabriel Porras entre otros<\/p>\n","protected":false},"author":1,"featured_media":439586,"comment_status":"open","ping_status":"open","sticky":false,"template":"","format":"standard","meta":{"footnotes":""},"categories":[80,81],"tags":[3269,83],"class_list":["post-439584","post","type-post","status-publish","format-standard","has-post-thumbnail","hentry","category-cine-2","category-columnistas","tag-azuero","tag-rossana"],"_links":{"self":[{"href":"https:\/\/diarioelpopular.com\/index.php\/wp-json\/wp\/v2\/posts\/439584","targetHints":{"allow":["GET"]}}],"collection":[{"href":"https:\/\/diarioelpopular.com\/index.php\/wp-json\/wp\/v2\/posts"}],"about":[{"href":"https:\/\/diarioelpopular.com\/index.php\/wp-json\/wp\/v2\/types\/post"}],"author":[{"embeddable":true,"href":"https:\/\/diarioelpopular.com\/index.php\/wp-json\/wp\/v2\/users\/1"}],"replies":[{"embeddable":true,"href":"https:\/\/diarioelpopular.com\/index.php\/wp-json\/wp\/v2\/comments?post=439584"}],"version-history":[{"count":1,"href":"https:\/\/diarioelpopular.com\/index.php\/wp-json\/wp\/v2\/posts\/439584\/revisions"}],"predecessor-version":[{"id":451448,"href":"https:\/\/diarioelpopular.com\/index.php\/wp-json\/wp\/v2\/posts\/439584\/revisions\/451448"}],"wp:featuredmedia":[{"embeddable":true,"href":"https:\/\/diarioelpopular.com\/index.php\/wp-json\/"}],"wp:attachment":[{"href":"https:\/\/diarioelpopular.com\/index.php\/wp-json\/wp\/v2\/media?parent=439584"}],"wp:term":[{"taxonomy":"category","embeddable":true,"href":"https:\/\/diarioelpopular.com\/index.php\/wp-json\/wp\/v2\/categories?post=439584"},{"taxonomy":"post_tag","embeddable":true,"href":"https:\/\/diarioelpopular.com\/index.php\/wp-json\/wp\/v2\/tags?post=439584"}],"curies":[{"name":"wp","href":"https:\/\/api.w.org\/{rel}","templated":true}]}}