{"id":440001,"date":"2013-01-26T15:13:12","date_gmt":"2013-01-26T20:13:12","guid":{"rendered":"http:\/\/diarioelpopular.com\/?p=440001"},"modified":"2013-01-26T15:13:12","modified_gmt":"2013-01-26T20:13:12","slug":"todos-los-paises-desean-sentarse-en-la-mesa","status":"publish","type":"post","link":"https:\/\/diarioelpopular.com\/index.php\/2013\/01\/26\/todos-los-paises-desean-sentarse-en-la-mesa\/","title":{"rendered":"Todos los pa\u00edses desean sentarse en la mesa"},"content":{"rendered":"<div id=\"attachment_440002\" style=\"width: 710px\" class=\"wp-caption aligncenter\"><a href=\"https:\/\/diarioelpopular.com\/wp-content\/uploads\/2013\/01\/web.artico.jpg\"><img loading=\"lazy\" decoding=\"async\" aria-describedby=\"caption-attachment-440002\" class=\"size-full wp-image-440002\" title=\"web.artico\" src=\"https:\/\/diarioelpopular.com\/wp-content\/uploads\/2013\/01\/web.artico.jpg\" alt=\"\" width=\"700\" height=\"420\" \/><\/a><p id=\"caption-attachment-440002\" class=\"wp-caption-text\">Los pa\u00edses han dejado constancia de su desesperaci\u00f3n por no quedar fuera del reparto de &quot;la tarta&quot; \u00e1rtica en el plenario y pasillos del Congreso Internacional sobre el Artico<\/p><\/div>\n<p>Caty Ar\u00e9valo.<\/p>\n<div id=\"texto\">\n<div>\n<p><strong><em>Tromso (Noruega)<\/em><\/strong>.- El \u00c1rtico se resquebraja a velocidad de v\u00e9rtigo con posibilidades de provocar graves alteraciones, pero los pa\u00edses han optado por deso\u00edr a los cient\u00edficos e iniciar una lucha diplom\u00e1tica por sentarse en la mesa donde se decida qu\u00e9 pasar\u00e1 con los recursos que ocultaba el hielo.<\/p>\n<p>Los pa\u00edses han dejado constancia de su desesperaci\u00f3n por no quedar fuera del reparto de &#8220;la tarta&#8221; \u00e1rtica en el plenario y pasillos del Congreso Internacional sobre el Artico, Arctic Frontiers, que se celebra esta semana en la ciudad noruega de Tromso.<\/p>\n<p>Esta es la octava ocasi\u00f3n que Noruega organiza un c\u00f3nclave en la &#8220;capital del \u00c1rtico&#8221;, pero nunca hab\u00eda reunido a tal cantidad de delegados (m\u00e1s de 1.000) y altos representantes pol\u00edticos (ocho ministros y m\u00e1s de veinte embajadores).<\/p>\n<p>Durante el periodo que separa el primer Arctic Frontiers de 2006, con el que un grupo de investigadores de la Universidad de Tromso trataron de promover un encuentro para alertar a los pol\u00edticos de lo que estaba pasando en el \u00c1rtico, y \u00e9ste de 2013, este oc\u00e9ano ha perdido durante el verano una superficie helada casi dos veces del tama\u00f1o de Espa\u00f1a.<\/p>\n<p>En este tiempo se ha sabido que la retirada del hielo, que podr\u00eda ser total en verano en 2030, har\u00eda accesibles el 30 % de las reservas de gas mundiales sin explotar y el 15 % de las de petr\u00f3leo, importantes caladeros pesqueros y golosas rutas de navegaci\u00f3n, seg\u00fan datos del propio Consejo \u00c1rtico (CA), que ha pasado de ser un \u00f3rgano intergubernamental anodino a un foro donde todos quieren estar.<\/p>\n<p>El CA naci\u00f3 en 1996, parad\u00f3jicamente, para promover el desarrollo sostenible y la cooperaci\u00f3n en este oc\u00e9ano, gran parte del cual es territorio internacional administrado por las Naciones Unidas.<\/p>\n<p>Tiene como miembros a los ocho pa\u00edses con territorios por encima del Circulo Polar -Canad\u00e1, Rusia, Noruega, Dinamarca, Islandia, Estados Unidos, Suecia y Finlandia- y a sus comunidades ind\u00edgenas, y cuenta con m\u00e1s de una veintena de observadores.<\/p>\n<p>Seis de ellos poseen el rango de &#8220;permanentes&#8221;, como es el caso de Espa\u00f1a, y tienen derecho a participar en sus seis grupos de trabajo y acudir a las reuniones, aunque no a votar ni a decidir, explica el reci\u00e9n nombrado secretario del CA, el island\u00e9s Magnus Johannesson.<\/p>\n<p>En principio, las competencias del CA, con sede en Tromso, no van m\u00e1s all\u00e1 de las citadas, pero el hecho de que sea el foro de mayor nivel pol\u00edtico para tratar las cuestiones de una regi\u00f3n en la que los pa\u00edses solo parecen ven oportunidades econ\u00f3micas ha desencadenado importantes tensiones dentro y fuera del mismo.<\/p>\n<p>En su seno, Canad\u00e1 o Rusia parecen preferir &#8220;un \u00c1rtico a cinco&#8221; en el que solo est\u00e9n los cinco Estados lim\u00edtrofes (ellos dos m\u00e1s EEUU, Noruega y Dinamarca), sin las comunidades ind\u00edgenas, y se niegan a aceptar m\u00e1s observadores, seg\u00fan confirman a Efe fuentes diplom\u00e1ticas de ambos pa\u00edses.<\/p>\n<p>En contraposici\u00f3n, ministros de pa\u00edses sin fronteras directas, como el titular de Industria de Islandia, Steingrimur Sigfusson, o el de Exteriores de Suecia, Carl Bildt, han sostenido en sus discursos que el CA debe ser el foro a ocho donde se decida todo lo que concierne al \u00c1rtico.<\/p>\n<p>Johannesson confirma que el CA tiene sobre la mesa 14 solicitudes para ser observadores, entre ellas las de China, Jap\u00f3n, Corea del Sur, Italia, Singapur o la Uni\u00f3n Europea, cuyos mandatarios han acudido a Arctic Frontiers a dar argumentos para ser aceptados en este deseado club.<\/p>\n<p>Tras el embajador chino en Noruega, Zhao Jun, quien ha llegado a decir que China &#8220;se siente un Estado \u00e1rtico&#8221;, la m\u00e1s insistente ha sido la comisar\u00eda europea de Pesca, Maria Damanaki.<\/p>\n<p>La UE, que ya ha sido rechazada en dos ocasiones (2009 y 2011), y los otros trece candidatos tendr\u00e1n en mayo la que probablemente sea su ultima oportunidad para entrar en varios a\u00f1os, ya que la presidencia dejar\u00e1 de estar en los pa\u00edses n\u00f3rdicos europeos, partidarios de nuevos observadores, y pasar\u00e1 a Canad\u00e1 y luego a EEUU.<\/p>\n<p>La m\u00e1s de una decena de representantes ind\u00edgenas que han hablado en el Plenario de Arctic Frontiers han reclamado, por su parte, que quieren ser consultados y tener derecho a decidir sobre todo lo que ocurra en el \u00c1rtico, pues ser\u00e1n &#8220;los primeros afectados&#8221;, subraya Sara Olsvig, representante de los Innuit de Groenlandia en el Parlamento dan\u00e9s.<\/p>\n<p>La ministra de Sanidad canadiense, de origen ind\u00edgena y pr\u00f3xima presidenta del CA, Leona Aglukkaq, subraya que el primer objetivo de su etapa al frente del Consejo ser\u00e1 que estas poblaciones se beneficien &#8220;del boom econ\u00f3mico que experimentar\u00e1 el \u00c1rtico en los pr\u00f3ximos a\u00f1os&#8221;.<\/p>\n<\/div>\n<\/div>\n","protected":false},"excerpt":{"rendered":"<p> El \u00c1rtico se resquebraja a velocidad de v\u00e9rtigo con posibilidades de provocar graves alteraciones.<\/p>\n","protected":false},"author":1,"featured_media":440002,"comment_status":"open","ping_status":"open","sticky":false,"template":"","format":"standard","meta":{"footnotes":""},"categories":[21,24],"tags":[315,6284,1475],"class_list":["post-440001","post","type-post","status-publish","format-standard","has-post-thumbnail","hentry","category-canada","category-mundo","tag-artico","tag-congreso","tag-noruega"],"_links":{"self":[{"href":"https:\/\/diarioelpopular.com\/index.php\/wp-json\/wp\/v2\/posts\/440001","targetHints":{"allow":["GET"]}}],"collection":[{"href":"https:\/\/diarioelpopular.com\/index.php\/wp-json\/wp\/v2\/posts"}],"about":[{"href":"https:\/\/diarioelpopular.com\/index.php\/wp-json\/wp\/v2\/types\/post"}],"author":[{"embeddable":true,"href":"https:\/\/diarioelpopular.com\/index.php\/wp-json\/wp\/v2\/users\/1"}],"replies":[{"embeddable":true,"href":"https:\/\/diarioelpopular.com\/index.php\/wp-json\/wp\/v2\/comments?post=440001"}],"version-history":[{"count":0,"href":"https:\/\/diarioelpopular.com\/index.php\/wp-json\/wp\/v2\/posts\/440001\/revisions"}],"wp:featuredmedia":[{"embeddable":true,"href":"https:\/\/diarioelpopular.com\/index.php\/wp-json\/"}],"wp:attachment":[{"href":"https:\/\/diarioelpopular.com\/index.php\/wp-json\/wp\/v2\/media?parent=440001"}],"wp:term":[{"taxonomy":"category","embeddable":true,"href":"https:\/\/diarioelpopular.com\/index.php\/wp-json\/wp\/v2\/categories?post=440001"},{"taxonomy":"post_tag","embeddable":true,"href":"https:\/\/diarioelpopular.com\/index.php\/wp-json\/wp\/v2\/tags?post=440001"}],"curies":[{"name":"wp","href":"https:\/\/api.w.org\/{rel}","templated":true}]}}