{"id":440009,"date":"2013-01-28T09:27:56","date_gmt":"2013-01-28T14:27:56","guid":{"rendered":"http:\/\/diarioelpopular.com\/?p=440009"},"modified":"2013-01-28T09:27:56","modified_gmt":"2013-01-28T14:27:56","slug":"la-guerra-fria-de-la-oea-a-la-celac","status":"publish","type":"post","link":"https:\/\/diarioelpopular.com\/index.php\/2013\/01\/28\/la-guerra-fria-de-la-oea-a-la-celac\/","title":{"rendered":"La Guerra Fr\u00eda: de la OEA a la CELAC"},"content":{"rendered":"<p><span style=\"color: #222222\"><span style=\"font-size: medium\"><span style=\"font-family: Times, 'Times New Roman'\"><a href=\"https:\/\/diarioelpopular.com\/wp-content\/uploads\/2013\/01\/Castro-Celac-e1359325802566-655x389.jpeg\"><img loading=\"lazy\" decoding=\"async\" class=\"aligncenter size-full wp-image-440010\" title=\"Castro-Celac-e1359325802566-655x389\" src=\"https:\/\/diarioelpopular.com\/wp-content\/uploads\/2013\/01\/Castro-Celac-e1359325802566-655x389.jpeg\" alt=\"\" width=\"655\" height=\"389\" \/><\/a>Por Alfredo Michelena<\/span><\/span><\/span><\/p>\n<p><span style=\"color: #222222\"><span style=\"font-size: medium\"><span style=\"font-family: Times, 'Times New Roman'\"> Lo que no pudo hacer Fidel lo est\u00e1 haciendo Ra\u00fal: presidir una organizaci\u00f3n intercontinental de pa\u00edses del hemisferio. Claro sin EE.UU. o Canad\u00e1. Los Castro tuvieron que esperar 50 a\u00f1os pero lo lograron. Ir\u00f3nicamente la CELAC que ahora se re\u00fane en Chile, surge del Grupo Contadora creado para devolver la paz a Centroam\u00e9rica donde las guerrillas castristas azotaban.<br \/>\nCon esta acci\u00f3n el castrismo devenido en castrochavismo ha llegado a la c\u00faspide. Ahora los Castro est\u00e1n al mando.<br \/>\nSu venganza con la OEA, de donde fueron suspendidos en 1962, luego de haber participado en una invasi\u00f3n armada en Venezuela, se est\u00e1 concretando. La organizaci\u00f3n continental poco a poco va siendo debilitada. Primero se acusaba a los norteamericanos con sus deudas y su control financiero de ahogar la organizaci\u00f3n.<\/span><\/span><\/span><\/p>\n<p><span style=\"color: #222222\"><span style=\"font-size: medium\"><span style=\"font-family: Times, 'Times New Roman'\"> Ellos reclamaban que los latinoamericanos no apreciaban y tomaban posiciones antinorteamericanas, debido a que\u00a0 muchas veces no se coincid\u00eda con sus apreciaciones. Pero ahora, el ahogo viene del sur del R\u00edo Grande. La OEA es atacada por varios flancos, pero el zarpazo es a la yugular: el Sistema Interamericano de Protecci\u00f3n de los DD.HH. Se trata de irlo desangrando.<br \/>\nLos avances logrados con la Carta Democr\u00e1tica ir\u00f3nicamente fueron aprovechados por el castrochavismo para sus fines. Recordemos los casos de Honduras y Paraguay. Pero, tambi\u00e9n el papel de la OEA en Venezuela que termin\u00f3 bendiciendo todas la triqui\u00f1uelas que terminaron con la aceptaci\u00f3n del fraudulento refer\u00e9ndum revocatorio de 2002.<br \/>\nAhora, con la OEA d\u00e9bil, \u00a0el castrochavismo controla las nuevas organizaciones regionales la CELAC y Unasur, y ha metido en cintura a gobiernos como el de Brasil.<\/span><\/span><\/span><\/p>\n<p><span style=\"color: #222222\"><span style=\"font-size: medium\"><span style=\"font-family: Times, 'Times New Roman'\"> En estas organizaciones han creado mecanismos para asegurar su permanencia en el poder. Ellas tienen declaraciones por la democracia y los DD.HH., con supuestos mecanismos que hasta ahora se muestran al menos complacientes. Tienen que serlo si el gobierno cubano cumple con sus est\u00e1ndares.<br \/>\nLa Guerra Fr\u00eda entre las grandes potencias se cay\u00f3 con el muro de Berl\u00edn. Sin embargo, otra guerra fr\u00eda entre totalitarismo y democracia, entre comunismo y capitalismo se sigue librando, pero como hace 200 a\u00f1os el epicentro est\u00e1 en Venezuela. Lamentablemente pocos gobiernos y fuerzas pol\u00edticas se han dado cuenta de esto.<br \/>\nPara el castrochavismo, esta es una gerenciada cruzada mundial, mientras que para los que defienden la democracia la permanencia del chavismo en Venezuela es un problema de los venezolanos. <\/span><\/span><\/span><\/p>\n<p><span style=\"color: #222222\"><span style=\"font-size: medium\"><span style=\"font-family: Times, 'Times New Roman'\">No perciben el peligro del castrochavismo siempre acechando y extendi\u00e9ndose por la regi\u00f3n. Nos tocar\u00e1 repetir lo de hace 200 a\u00f1os y comenzar la emancipaci\u00f3n desde Caracas. Pero para esto la necesidad de una estrategia internacional de la MUD es crucial y lamentablemente por ahora no existe.<\/span><\/span><\/span> <!--EndFragment--><\/p>\n","protected":false},"excerpt":{"rendered":"<p>Lo que no pudo hacer Fidel lo est\u00e1 haciendo Ra\u00fal: presidir una organizaci\u00f3n intercontinental de pa\u00edses del hemisferio.<\/p>\n","protected":false},"author":1,"featured_media":440010,"comment_status":"open","ping_status":"open","sticky":false,"template":"","format":"standard","meta":{"footnotes":""},"categories":[23,24],"tags":[9683,9684,60,3012],"class_list":["post-440009","post","type-post","status-publish","format-standard","has-post-thumbnail","hentry","category-latinoamerica","category-mundo","tag-catro","tag-celac-chavismo","tag-cuba","tag-raul"],"_links":{"self":[{"href":"https:\/\/diarioelpopular.com\/index.php\/wp-json\/wp\/v2\/posts\/440009","targetHints":{"allow":["GET"]}}],"collection":[{"href":"https:\/\/diarioelpopular.com\/index.php\/wp-json\/wp\/v2\/posts"}],"about":[{"href":"https:\/\/diarioelpopular.com\/index.php\/wp-json\/wp\/v2\/types\/post"}],"author":[{"embeddable":true,"href":"https:\/\/diarioelpopular.com\/index.php\/wp-json\/wp\/v2\/users\/1"}],"replies":[{"embeddable":true,"href":"https:\/\/diarioelpopular.com\/index.php\/wp-json\/wp\/v2\/comments?post=440009"}],"version-history":[{"count":0,"href":"https:\/\/diarioelpopular.com\/index.php\/wp-json\/wp\/v2\/posts\/440009\/revisions"}],"wp:featuredmedia":[{"embeddable":true,"href":"https:\/\/diarioelpopular.com\/index.php\/wp-json\/"}],"wp:attachment":[{"href":"https:\/\/diarioelpopular.com\/index.php\/wp-json\/wp\/v2\/media?parent=440009"}],"wp:term":[{"taxonomy":"category","embeddable":true,"href":"https:\/\/diarioelpopular.com\/index.php\/wp-json\/wp\/v2\/categories?post=440009"},{"taxonomy":"post_tag","embeddable":true,"href":"https:\/\/diarioelpopular.com\/index.php\/wp-json\/wp\/v2\/tags?post=440009"}],"curies":[{"name":"wp","href":"https:\/\/api.w.org\/{rel}","templated":true}]}}