{"id":442149,"date":"2013-02-04T18:50:31","date_gmt":"2013-02-04T23:50:31","guid":{"rendered":"http:\/\/diarioelpopular.com\/?p=442149"},"modified":"2013-02-04T18:50:31","modified_gmt":"2013-02-04T23:50:31","slug":"shakira-publica-la-primera-foto-de-milan-en-brazos-de-pique","status":"publish","type":"post","link":"https:\/\/diarioelpopular.com\/index.php\/2013\/02\/04\/shakira-publica-la-primera-foto-de-milan-en-brazos-de-pique\/","title":{"rendered":"Shakira publica la primera foto de Milan en brazos de Piqu\u00e9"},"content":{"rendered":"<div id=\"attachment_442150\" style=\"width: 490px\" class=\"wp-caption aligncenter\"><a href=\"https:\/\/diarioelpopular.com\/wp-content\/uploads\/2013\/02\/Shakira-publica-la-primera-foto-oficial-de-su-hijo-Milan-Pique-Mebarak-en-brazos-de-su-padre_480_311.jpeg\"><img loading=\"lazy\" decoding=\"async\" aria-describedby=\"caption-attachment-442150\" class=\"size-full wp-image-442150\" title=\"Shakira-publica-la-primera-foto-oficial-de-su-hijo-Milan-Pique-Mebarak-en-brazos-de-su-padre_480_311\" src=\"https:\/\/diarioelpopular.com\/wp-content\/uploads\/2013\/02\/Shakira-publica-la-primera-foto-oficial-de-su-hijo-Milan-Pique-Mebarak-en-brazos-de-su-padre_480_311.jpeg\" alt=\"\" width=\"480\" height=\"311\" \/><\/a><p id=\"caption-attachment-442150\" class=\"wp-caption-text\">Shakira publica la primera foto oficial de su hijo Milan Piqu\u00e9 Meba...<\/p><\/div>\n<p><strong><em>Barcelona, Espa\u00f1a.-<\/em><\/strong> Shakira\u00a0comparti\u00f3 por primera vez una fotograf\u00eda de su beb\u00e9 Milan en<strong>\u00a0<a href=\"https:\/\/twitter.com\/shakira\/status\/298433945043873793\" target=\"_blank\">un mensaje en Twitter en el que insta a sus seguidores<\/a>\u00a0<\/strong>a seguir colaborando con el Baby Shower<strong><a href=\"http:\/\/shakira.socialtoaster.com\/\" target=\"_blank\">ben\u00e9fico que realiza con Unicef.<\/a><\/strong><\/p>\n<div id=\"cuerpo_nota_lp\">\n<p>La imagen muestra al peque\u00f1o durmiendo en los brazos de su padre, el futbolista del Barcelona Gerard Piqu\u00e9, mientras \u00e9ste le da un beso en la mejilla a su primog\u00e9nito.<\/p>\n<p>&#8220;Visita la p\u00e1gina (at)unicef (hash)babyshower para ver la 1a foto de mis 2 \u00e1ngeles y ayudar a ni\u00f1os desfavorecidos http:\/\/uni.cf\/baby Shak&#8221;, tuite\u00f3 este lunes la estrella colombiana, quien cumpli\u00f3 36 a\u00f1os el s\u00e1bado.<\/p>\n<p>El nombre Milan (se pronuncia MI-lan, la acentuaci\u00f3n del nombre recae sobre la primera s\u00edlaba), significa querido, lleno de gracia y amoroso en eslavo; en romano antiguo, entusiasta y laborioso; y en s\u00e1nscrito, unificaci\u00f3n. \u00a0Como pas\u00f3 con su padre, desde el momento de nacer, el ni\u00f1o es socio del FC Barcelona.\u00a0La cantante, Gerard Piqu\u00e9, y el primer hijo de ambos abandonado el centro hospitalario en un veh\u00edculo todoterreno de color negro y con los cristales tintados que conduc\u00eda un hermano de\u00a0Shakira hace una semana.<\/p>\n<p><strong>Un hermoso beb\u00e9<\/strong><\/p>\n<p>El d\u00eda del nacimiento,\u00a0Shakira\u00a0y Piqu\u00e9 divulgaron en las redes sociales un comunicado en el que declaraban su felicidad por poder anunciar el nacimiento de su hijo.\u00a0En el mismo, se\u00f1alaban que en la pronunciaci\u00f3n del nombre del ni\u00f1o, Milan, &#8220;la acentuaci\u00f3n debe recaer sobre la primera s\u00edlaba&#8221;, y que este nombre &#8220;significa querido, lleno de gracia y amoroso, en eslavo; en romano antiguo, entusiasta y laborioso, y en s\u00e1nscrito, unificaci\u00f3n&#8221;.<\/p>\n<p>&#8220;El primer hijo de la pareja ha nacido con un peso de casi tres kilos y tanto la madre como el beb\u00e9 se encuentran en perfecto estado de salud&#8221;, se\u00f1alaba el comunicado.<\/p>\n<p>El nacimiento del primer hijo de\u00a0Shakira\u00a0se produjo por ces\u00e1rea programada por el equipo del doctor Garc\u00eda Valdecasa, el mismo ginec\u00f3logo que atendi\u00f3 el parto de los cuatro hijos de la infanta Cristina y de su prima Alexia de Grecia.<\/p>\n<p>Poco antes de ingresar en el quir\u00f3fano,\u00a0Shakira\u00a0puso en su cuenta de Twitter el siguiente mensaje: &#8220;Quiero pedirles que me acompa\u00f1en con sus oraciones en este d\u00eda tan importante de mi vida&#8221;.<\/p>\n<p>La madre de\u00a0Shakira, Nidia Ripoll, declar\u00f3 el pasado viernes en la puerta de la cl\u00ednica que su hija &#8220;se emocion\u00f3 mucho y le saltaron las l\u00e1grimas&#8221; cuando le pusieron a su ni\u00f1o en el pecho.<\/p>\n<p>A\u00f1adi\u00f3 que Milan es un &#8220;ni\u00f1o bello&#8221;, que toma el pecho &#8220;muy bien&#8221; y &#8220;no llora mucho&#8221;, y destac\u00f3 que su hija se encuentra perfectamente y no tiene dolores despu\u00e9s del parto por ces\u00e1rea que le practicaron.<\/p>\n<p>A las preguntas sobre si el ni\u00f1o se parece al padre, el futbolista Gerard Piqu\u00e9, Nidia Ripoll, que sal\u00eda de la cl\u00ednica acompa\u00f1ada de su esposo, William Mebarak, coment\u00f3 que era a\u00fan &#8220;muy peque\u00f1o&#8221; para que se pueda saber.<\/p>\n<p>Por su parte, el abuelo de Gerard Piqu\u00e9, Amador Bernab\u00e9u, subray\u00f3 al d\u00eda siguiente del parto que su biznieto tiene &#8220;morritos besuqueros&#8221; como su padre.<br \/>\nEl bisabuelo, que se ocup\u00f3 esa misma ma\u00f1ana de inscribir al hijo de Piqu\u00e9 y\u00a0Shakira\u00a0como socio del F.C. Barcelona, asegur\u00f3 a los medios que el ni\u00f1o se hab\u00eda pasado su primer d\u00eda de vida &#8220;comiendo y durmiendo&#8221;.<\/p>\n<p>Tambi\u00e9n subray\u00f3 que no sab\u00eda por qu\u00e9 los padres hab\u00edan elegido el nombre de Milan para su primer hijo, pero que estaba convencido de que dentro de poco &#8220;se pondr\u00e1 de moda&#8221;.<\/p>\n<\/div>\n","protected":false},"excerpt":{"rendered":"<p>La imagen muestra al peque\u00f1o durmiendo en los brazos de su padre, el futbolista del Barcelona Gerard Piqu\u00e9, mientras \u00e9ste le da un beso en la mejilla a su primog\u00e9nito.<\/p>\n","protected":false},"author":1,"featured_media":442150,"comment_status":"open","ping_status":"open","sticky":false,"template":"","format":"standard","meta":{"footnotes":""},"categories":[24],"tags":[9755,9756,2006],"class_list":["post-442149","post","type-post","status-publish","format-standard","has-post-thumbnail","hentry","category-mundo","tag-bebe-milan","tag-pique","tag-shakira"],"_links":{"self":[{"href":"https:\/\/diarioelpopular.com\/index.php\/wp-json\/wp\/v2\/posts\/442149","targetHints":{"allow":["GET"]}}],"collection":[{"href":"https:\/\/diarioelpopular.com\/index.php\/wp-json\/wp\/v2\/posts"}],"about":[{"href":"https:\/\/diarioelpopular.com\/index.php\/wp-json\/wp\/v2\/types\/post"}],"author":[{"embeddable":true,"href":"https:\/\/diarioelpopular.com\/index.php\/wp-json\/wp\/v2\/users\/1"}],"replies":[{"embeddable":true,"href":"https:\/\/diarioelpopular.com\/index.php\/wp-json\/wp\/v2\/comments?post=442149"}],"version-history":[{"count":0,"href":"https:\/\/diarioelpopular.com\/index.php\/wp-json\/wp\/v2\/posts\/442149\/revisions"}],"wp:featuredmedia":[{"embeddable":true,"href":"https:\/\/diarioelpopular.com\/index.php\/wp-json\/"}],"wp:attachment":[{"href":"https:\/\/diarioelpopular.com\/index.php\/wp-json\/wp\/v2\/media?parent=442149"}],"wp:term":[{"taxonomy":"category","embeddable":true,"href":"https:\/\/diarioelpopular.com\/index.php\/wp-json\/wp\/v2\/categories?post=442149"},{"taxonomy":"post_tag","embeddable":true,"href":"https:\/\/diarioelpopular.com\/index.php\/wp-json\/wp\/v2\/tags?post=442149"}],"curies":[{"name":"wp","href":"https:\/\/api.w.org\/{rel}","templated":true}]}}