{"id":442892,"date":"2013-02-08T00:01:30","date_gmt":"2013-02-08T05:01:30","guid":{"rendered":"http:\/\/diarioelpopular.com\/?p=442892"},"modified":"2013-06-17T18:30:09","modified_gmt":"2013-06-17T22:30:09","slug":"el-festival-de-las-luces-homenajea-a-buenos-aires","status":"publish","type":"post","link":"https:\/\/diarioelpopular.com\/index.php\/2013\/02\/08\/el-festival-de-las-luces-homenajea-a-buenos-aires\/","title":{"rendered":"EL FESTIVAL DE LAS LUCES HOMENAJEA A BUENOS AIRES"},"content":{"rendered":"<div id=\"attachment_442893\" style=\"width: 710px\" class=\"wp-caption aligncenter\"><a href=\"https:\/\/diarioelpopular.com\/wp-content\/uploads\/2013\/02\/web.daniel.jpg\"><img loading=\"lazy\" decoding=\"async\" aria-describedby=\"caption-attachment-442893\" class=\"size-full wp-image-442893\" title=\"web.daniel\" src=\"https:\/\/diarioelpopular.com\/wp-content\/uploads\/2013\/02\/web.daniel.jpg\" alt=\"\" width=\"700\" height=\"420\" \/><\/a><p id=\"caption-attachment-442893\" class=\"wp-caption-text\">Daniel Piazzolla, integrante del Sexteto de Jazz Escalandrum<\/p><\/div>\n<p><strong>Cr\u00f3nica de Jorge Gutman<\/strong><\/p>\n<p>donde el tango ser\u00e1 la atracci\u00f3n principal.<\/p>\n<p>El espect\u00e1culo <em>La Pista Tango<\/em> que inaugurar\u00e1 la d\u00e9cimo cuarta edici\u00f3n del festival de las luces\u00a0 tendr\u00e1 lugar el 21 de febrero (20h00) en la sala del Teatro Maisonneuve de la Place des Arts donde los\u00a0 mejores bailarines premiados en el festival internacional de tango demostrar\u00e1n sus cualidades acompa\u00f1ados de una\u00a0 orquesta ubicada en el escenario.<\/p>\n<p>Otro espect\u00e1culo denominado <em>La Pista Cabaret <\/em>ofrecer\u00e1 la m\u00fasica del tango combinada con elementos circenses en Metr\u00f3polis durante tres veladas consecutivas a efectuarse los d\u00edas 24, 25 y 26 de febrero (20h00).<\/p>\n<div id=\"attachment_442894\" style=\"width: 310px\" class=\"wp-caption alignleft\"><a href=\"https:\/\/diarioelpopular.com\/wp-content\/uploads\/2013\/02\/web.la-pista.jpg\"><img loading=\"lazy\" decoding=\"async\" aria-describedby=\"caption-attachment-442894\" class=\"size-medium wp-image-442894\" title=\"web.la-pista\" src=\"https:\/\/diarioelpopular.com\/wp-content\/uploads\/2013\/02\/web.la-pista-300x296.jpg\" alt=\"\" width=\"300\" height=\"296\" \/><\/a><p id=\"caption-attachment-442894\" class=\"wp-caption-text\">. La Pista Cabaret<\/p><\/div>\n<p>Para este evento, el festival recibir\u00e1 al baterista <strong>Daniel Piazzolla<\/strong>, nieto del inolvidable gran maestro y compositor <strong>Astor Piazzolla<\/strong>, quien tambi\u00e9n ser\u00e1 el co-presidente de honor de la programaci\u00f3n art\u00edstica. Daniel presentar\u00e1 un programa intitulado <em>Piazzolla interpreta a Piazzolla<\/em>; se trata de un tributo que el nieto rinde a su desaparecido abuelo, acompa\u00f1ado por el sexteto de jazz porte\u00f1o <strong>Escalandrum<\/strong>; en este espect\u00e1culo, no faltar\u00e1n\u00a0 algunos t\u00edtulos cl\u00e1sicos compuestos por Astor como <em>Libertango<\/em> y <em>Adi\u00f3s Nonino<\/em>, as\u00ed como otros n\u00fameros del conjunto entremezclando el tango con el jazz. El espect\u00e1culo tendr\u00e1 lugar en la sala L\u2019Astral el 2 de marzo a las 20h.<\/p>\n<p>Dentro de las figuras destacadas que participar\u00e1n en el festival se encuentra la excelente soprano <strong>Marie-Jos\u00e9e Lord<\/strong> que invitar\u00e1 al p\u00fablico a participar en un viaje musical matizado con melod\u00edas espa\u00f1olas, latinas y portuguesas (<em>B\u00e9same Mucho<\/em>, <em>Mi Buenos<\/em> <em>Aires Querido<\/em>, etc.) en el show <em>Yo soy Mar\u00eda<\/em> que se desarrollar\u00e1 el 25 de febrero (20h00) en el escenario del Teatro Maisonneuve.<\/p>\n<p>Conjuntamente con <strong>Daniel Piazzolla<\/strong>, el renombrado pianista <strong>Alain Lef\u00e8vre<\/strong>\u00a0 ser\u00e1 el presidente de honor de la programaci\u00f3n art\u00edstica del festival y participar\u00e1 en un recital que se realizar\u00e1 el 23 de febrero en la Maison symphonique (20h00) donde habr\u00e1 de ejecutar algunas de sus propias composiciones<\/p>\n<p>Otro de los conciertos contemplados para este festival es el que dirigir\u00e1 el maestro <strong>Daniel<\/strong> <strong>Myssyk<\/strong> con j\u00f3venes solistas que se unir\u00e1 a la <strong>Orquesta<\/strong> <strong>Appassionata<\/strong>; entre los mismos se encuentra la soprano <strong>Florie Valiquette<\/strong>, el pianista <strong>Jean-Michel Dub\u00e9<\/strong> y el clarinetista <strong>Joshua Zung<\/strong>, laureados en el concurso de m\u00fasica de Canada 2012, en un programa que incluye el <em>Exultate jubilate <\/em>de Mozart y <em>Dumbarton Oaks <\/em>de Stravinsky. Este concierto\u00a0 se efectuar\u00e1 el 26 de febrero (20h00) en la sala Bourgie del Mus\u00e9e des Meaux-arts de Montreal.<\/p>\n<div id=\"attachment_442895\" style=\"width: 208px\" class=\"wp-caption alignleft\"><a href=\"https:\/\/diarioelpopular.com\/wp-content\/uploads\/2013\/02\/web.alain_.jpg\"><img loading=\"lazy\" decoding=\"async\" aria-describedby=\"caption-attachment-442895\" class=\"size-medium wp-image-442895\" title=\"web.alain\" src=\"https:\/\/diarioelpopular.com\/wp-content\/uploads\/2013\/02\/web.alain_-198x300.jpg\" alt=\"\" width=\"198\" height=\"300\" \/><\/a><p id=\"caption-attachment-442895\" class=\"wp-caption-text\">Alain Lef\u00e8vre<\/p><\/div>\n<p>Las dos orquestas sinf\u00f3nicas de Montreal tambi\u00e9n intervendr\u00e1n en el evento. M\u00fasicos de la <strong>Orquesta Sinf\u00f3nica de Montreal<\/strong>\u00a0 llevar\u00e1 a cabo un programa con <em>\u00a0<\/em>incluyendo obras de m\u00fasica de c\u00e1mara de de los compositores Guti\u00e9rrez Heras, Juan Carlos Cirigiliano y Astor Piazzolla; el 1 de marzo (18h30) en la sala Bourgie. Por su parte, La <strong>Orquesta<\/strong> <strong>Metropolitana<\/strong> animar\u00e1 un concierto dirigido por Mathieu Lussier con un programa integrado por m\u00fasica barroca, incluyendo <em>Las Cuatro Estaciones<\/em> de Vivaldi con la participaci\u00f3n de <strong>Yukari Cousineau<\/strong>, concertina de la OM; el 3 de marzo (15h00) en la Maison symphonique.<\/p>\n<p>Entre otras importantes atracciones que actuar\u00e1n en el festival se encuentra la cantante y pianista <strong>Diana Krall<\/strong> que presentar\u00e1 su nuevo \u00e1lbum <em>Glad Rag Doll<\/em>, acompa\u00f1ada por los m\u00fasicos <strong>Pat Warren<\/strong> (piano), <strong>Stuart Duncan<\/strong> (viol\u00edn), <strong>Aram Bajakian<\/strong> (guitarra y <strong>Karriem Riggins<\/strong> (bater\u00eda); su presentaci\u00f3n tendr\u00e1 lugar en la sala Wilfrid-Pelletier, el 26 de febrero (20h00).\u00a0 Otra visita importante es la del popular cantante franc\u00e9s <strong>B\u00e9nabar <\/strong>quien retorna a Montreal para actuar en Metropolis el 1 de marzo (20h00)<\/p>\n<div id=\"attachment_442896\" style=\"width: 208px\" class=\"wp-caption alignleft\"><a href=\"https:\/\/diarioelpopular.com\/wp-content\/uploads\/2013\/02\/web.francias.jpg\"><img loading=\"lazy\" decoding=\"async\" aria-describedby=\"caption-attachment-442896\" class=\"size-medium wp-image-442896\" title=\"web.francias\" src=\"https:\/\/diarioelpopular.com\/wp-content\/uploads\/2013\/02\/web.francias-198x300.jpg\" alt=\"\" width=\"198\" height=\"300\" \/><\/a><p id=\"caption-attachment-442896\" class=\"wp-caption-text\">Francis Mallmann<\/p><\/div>\n<p>En lo que concierne a la programaci\u00f3n gastron\u00f3mica, para esta edici\u00f3n\u00a0 llegar\u00e1n alrededor de 30 chefs internacionales de primer nivel, siendo el presidente de honor de la misma el chef de Argentina <strong>Francis Mallmann<\/strong> quien ofrecer\u00e1 su calor y sus sabores a las buenas mesas del festival.<\/p>\n<p>Adem\u00e1s de los espect\u00e1culos pagos, el festival ha programado una buena cantidad de presentaciones gratuitas que tendr\u00e1n lugar en la Plaza de los Festivales y en la\u00a0 explanada de la Place des Arts, epicentro cultural de Montreal. Entre los shows figuran la<strong> Banda Pascale<\/strong> <strong>Picard<\/strong> (22 de febrero), <strong>Boogat<\/strong> (23 de febrero), <strong>Nicolas Pellerin et les Grands<\/strong> <strong>Hurleurs<\/strong> (27 de febrero), el legendario grupo de rock de Montreal <strong>GrimSkunk<\/strong> (28 de febrero), la <strong>banda Qualit\u00e9 Motel<\/strong> (1 de marzo) y <strong>David Usher<\/strong> (2 de marzo). Tambi\u00e9n habr\u00e1 shows para los ni\u00f1os como <strong>Les Petites Tounes<\/strong> (23 y 24 de febrero) y <strong>La Comtesse<\/strong> <strong>d\u2019Harmonia<\/strong> (2 y 3 de marzo).<\/p>\n<p>Finalmente y en adhesi\u00f3n a la gran vedette de esta edici\u00f3n el p\u00fablico podr\u00e1 apreciar la exposici\u00f3n de fotograf\u00eda <em>Buenos Aires en Im\u00e1genes <\/em>que incluye una visita fotogr\u00e1fica de sus caf\u00e9s, bares notables que pertenecen al patrimonio porte\u00f1o, as\u00ed como los espacios y eventos culturales que definen a esta ciudad como la capital cultural de Am\u00e9rica Latina.<\/p>\n<p>Para una programaci\u00f3n completa de todos los espect\u00e1culos y sus respectivos horarios, as\u00ed como todas las actividades adicionales que presenta el festival, el sitio web es <a href=\"http:\/\/www.montrealenlumiere.com\/\">www.montrealenlumiere.com<\/a>. Alternativamente se puede obtener informaci\u00f3n por tel\u00e9fono, discando el 514- 288-9955 y para los que viven fuera de Montreal el n\u00famero es 1-855-864-3737).<\/p>\n","protected":false},"excerpt":{"rendered":"<p>La pr\u00f3xima edici\u00f3n de Montr\u00e9al en Lumi\u00e8re que se realizar\u00e1 a partir del 21 de este mes hasta el 3 de marzo de 2013 homenajear\u00e1 a la ciudad de Buenos Aires a trav\u00e9s de diversos espect\u00e1culos.<\/p>\n","protected":false},"author":1,"featured_media":442893,"comment_status":"open","ping_status":"open","sticky":false,"template":"","format":"standard","meta":{"footnotes":""},"categories":[21,80],"tags":[9799],"class_list":["post-442892","post","type-post","status-publish","format-standard","has-post-thumbnail","hentry","category-canada","category-cine-2","tag-festival-luces-montreal"],"_links":{"self":[{"href":"https:\/\/diarioelpopular.com\/index.php\/wp-json\/wp\/v2\/posts\/442892","targetHints":{"allow":["GET"]}}],"collection":[{"href":"https:\/\/diarioelpopular.com\/index.php\/wp-json\/wp\/v2\/posts"}],"about":[{"href":"https:\/\/diarioelpopular.com\/index.php\/wp-json\/wp\/v2\/types\/post"}],"author":[{"embeddable":true,"href":"https:\/\/diarioelpopular.com\/index.php\/wp-json\/wp\/v2\/users\/1"}],"replies":[{"embeddable":true,"href":"https:\/\/diarioelpopular.com\/index.php\/wp-json\/wp\/v2\/comments?post=442892"}],"version-history":[{"count":2,"href":"https:\/\/diarioelpopular.com\/index.php\/wp-json\/wp\/v2\/posts\/442892\/revisions"}],"predecessor-version":[{"id":451447,"href":"https:\/\/diarioelpopular.com\/index.php\/wp-json\/wp\/v2\/posts\/442892\/revisions\/451447"}],"wp:featuredmedia":[{"embeddable":true,"href":"https:\/\/diarioelpopular.com\/index.php\/wp-json\/"}],"wp:attachment":[{"href":"https:\/\/diarioelpopular.com\/index.php\/wp-json\/wp\/v2\/media?parent=442892"}],"wp:term":[{"taxonomy":"category","embeddable":true,"href":"https:\/\/diarioelpopular.com\/index.php\/wp-json\/wp\/v2\/categories?post=442892"},{"taxonomy":"post_tag","embeddable":true,"href":"https:\/\/diarioelpopular.com\/index.php\/wp-json\/wp\/v2\/tags?post=442892"}],"curies":[{"name":"wp","href":"https:\/\/api.w.org\/{rel}","templated":true}]}}