{"id":443148,"date":"2013-02-10T19:14:29","date_gmt":"2013-02-11T00:14:29","guid":{"rendered":"http:\/\/diarioelpopular.com\/?p=443148"},"modified":"2013-02-10T19:14:29","modified_gmt":"2013-02-11T00:14:29","slug":"juanes-se-lleva-el-grammy-al-mejor-album-pop-latino","status":"publish","type":"post","link":"https:\/\/diarioelpopular.com\/index.php\/2013\/02\/10\/juanes-se-lleva-el-grammy-al-mejor-album-pop-latino\/","title":{"rendered":"Juanes se lleva el Grammy al mejor \u00e1lbum pop latino"},"content":{"rendered":"<div id=\"attachment_443149\" style=\"width: 580px\" class=\"wp-caption aligncenter\"><a href=\"https:\/\/diarioelpopular.com\/wp-content\/uploads\/2013\/02\/r-JUAN-GRAMMY-AWARDS-large570.jpeg\"><img loading=\"lazy\" decoding=\"async\" aria-describedby=\"caption-attachment-443149\" class=\"size-full wp-image-443149\" title=\"5th Annual GRAMMY In The Schools Live! - A Celebration Of Music &amp; Education\" src=\"https:\/\/diarioelpopular.com\/wp-content\/uploads\/2013\/02\/r-JUAN-GRAMMY-AWARDS-large570.jpeg\" alt=\"\" width=\"570\" height=\"238\" \/><\/a><p id=\"caption-attachment-443149\" class=\"wp-caption-text\">&quot;Esto significa mucho para m\u00ed&quot;, admiti\u00f3 el artista sobre el escenario del Teatro Nokia, de Los \u00c1ngeles<\/p><\/div>\n<p><strong><em>Los \u00c1ngeles (EE.UU.)<\/em><\/strong>, 10 feb.- El colombiano Juanes se ha hecho con el premio\u00a0Grammy\u00a0al mejor \u00e1lbum pop latino por &#8220;MTV Unplugged Deluxe Edition&#8221;, anunci\u00f3 la Academia de la Grabaci\u00f3n.<\/p>\n<div id=\"texto\">\n<div>\n<p>&#8220;Esto significa mucho para m\u00ed&#8221;, admiti\u00f3 el artista sobre el escenario del Teatro Nokia, de Los \u00c1ngeles, donde se celebr\u00f3 una gala previa en la que se reparte la mayor\u00eda de los galardones antes de la ceremonia en directo de los\u00a0Grammy, que comenz\u00f3 a las 17.00 hora local.<\/p>\n<p>&#8220;Quiero compartirlo con todo mi equipo y con Fonseca&#8221;, coment\u00f3 el cantante en alusi\u00f3n a su compatriota, tambi\u00e9n nominado en esa categor\u00eda. &#8220;Gracias al gran maestro Juan Luis Guerra, que fue productor del disco. Gracias a mi esposa, a mis hijos y, por supuesto, a Dios. Colombia, esto es para vosotros&#8221;, grit\u00f3 exultante.<\/p>\n<p>El galard\u00f3n al mejor \u00e1lbum de rock latino, urbano o alternativo fue a parar a &#8220;Imaginaries&#8221;, de Quetzal, mientras que el galard\u00f3n al mejor \u00e1lbum tropical latino se lo llev\u00f3 &#8220;Retro&#8221;, de Marlow Rosado y la Riquela.<\/p>\n<p>Asimismo el gram\u00f3fono dorado en el campo de mejor disco de m\u00fasica regional mexicana fue para Lila Downs por &#8220;Pecados y milagros&#8221;.<\/p>\n<p>&#8220;Me siento profundamente honrada y agradecida&#8221;, dijo emocionada la mexicana. &#8220;Creo en la m\u00fasica y en el arte. El poder del arte mueve monta\u00f1as. Quiero dar las gracias a mi mam\u00e1 por suministrarme a trav\u00e9s del cord\u00f3n umbilical la sabidur\u00eda y la fuerza para amar a trav\u00e9s de la m\u00fasica. \u00a1Viva M\u00e9xico!&#8221;, agreg\u00f3.<\/p>\n<p>Previamente se anunci\u00f3 que el mejor v\u00eddeo musical versi\u00f3n corta se lo llev\u00f3 Rihanna (&#8220;We Found Love&#8221;), en tanto que el galard\u00f3n a la versi\u00f3n larga tiene la firma de Mumford &amp; Sons, Edward Sharpe y The Magnetic Zeros and Old Crow Medicine Show por &#8220;Big Easy Express&#8221;.<\/p>\n<p>La 55 edici\u00f3n de los\u00a0Grammy\u00a0se celebr\u00f3 este domingo en el pabell\u00f3n Staples Center, de Los \u00c1ngeles. La emisi\u00f3n en directo para EE.UU. ser\u00e1 a trav\u00e9s del canal CBS, aunque tambi\u00e9n se puede seguir por la p\u00e1gina web de los\u00a0Grammy\u00a0y por su portal en Youtube.<\/p>\n<\/div>\n<\/div>\n","protected":false},"excerpt":{"rendered":"<p>El colombiano Juanes se ha hecho con el premio Grammy al mejor \u00e1lbum pop latino por &#8220;MTV Unplugged Deluxe Edition&#8221;, anunci\u00f3 la Academia de la Grabaci\u00f3n.<\/p>\n","protected":false},"author":1,"featured_media":443149,"comment_status":"open","ping_status":"open","sticky":false,"template":"","format":"standard","meta":{"footnotes":""},"categories":[23,24],"tags":[1671,3230,3820,9818,3168],"class_list":["post-443148","post","type-post","status-publish","format-standard","has-post-thumbnail","hentry","category-latinoamerica","category-mundo","tag-grammy","tag-juanes","tag-latino","tag-pop","tag-premios"],"_links":{"self":[{"href":"https:\/\/diarioelpopular.com\/index.php\/wp-json\/wp\/v2\/posts\/443148","targetHints":{"allow":["GET"]}}],"collection":[{"href":"https:\/\/diarioelpopular.com\/index.php\/wp-json\/wp\/v2\/posts"}],"about":[{"href":"https:\/\/diarioelpopular.com\/index.php\/wp-json\/wp\/v2\/types\/post"}],"author":[{"embeddable":true,"href":"https:\/\/diarioelpopular.com\/index.php\/wp-json\/wp\/v2\/users\/1"}],"replies":[{"embeddable":true,"href":"https:\/\/diarioelpopular.com\/index.php\/wp-json\/wp\/v2\/comments?post=443148"}],"version-history":[{"count":0,"href":"https:\/\/diarioelpopular.com\/index.php\/wp-json\/wp\/v2\/posts\/443148\/revisions"}],"wp:featuredmedia":[{"embeddable":true,"href":"https:\/\/diarioelpopular.com\/index.php\/wp-json\/"}],"wp:attachment":[{"href":"https:\/\/diarioelpopular.com\/index.php\/wp-json\/wp\/v2\/media?parent=443148"}],"wp:term":[{"taxonomy":"category","embeddable":true,"href":"https:\/\/diarioelpopular.com\/index.php\/wp-json\/wp\/v2\/categories?post=443148"},{"taxonomy":"post_tag","embeddable":true,"href":"https:\/\/diarioelpopular.com\/index.php\/wp-json\/wp\/v2\/tags?post=443148"}],"curies":[{"name":"wp","href":"https:\/\/api.w.org\/{rel}","templated":true}]}}