{"id":443152,"date":"2013-02-11T13:22:25","date_gmt":"2013-02-11T18:22:25","guid":{"rendered":"http:\/\/diarioelpopular.com\/?p=443152"},"modified":"2013-02-11T13:22:25","modified_gmt":"2013-02-11T18:22:25","slug":"asi-sera-el-conclave-que-elegira-al-sucesor-de-benedicto-xvi","status":"publish","type":"post","link":"https:\/\/diarioelpopular.com\/index.php\/2013\/02\/11\/asi-sera-el-conclave-que-elegira-al-sucesor-de-benedicto-xvi\/","title":{"rendered":"Ratzinger sorprende al mundo anunciando su renuncia porque le faltan fuerzas"},"content":{"rendered":"<div id=\"attachment_443153\" style=\"width: 710px\" class=\"wp-caption aligncenter\"><a href=\"https:\/\/diarioelpopular.com\/wp-content\/uploads\/2013\/02\/web.1pa.jpg\"><img loading=\"lazy\" decoding=\"async\" aria-describedby=\"caption-attachment-443153\" class=\"size-full wp-image-443153\" title=\"web.1pa\" src=\"https:\/\/diarioelpopular.com\/wp-content\/uploads\/2013\/02\/web.1pa.jpg\" alt=\"\" width=\"700\" height=\"420\" \/><\/a><p id=\"caption-attachment-443153\" class=\"wp-caption-text\">El c\u00f3nclave comenzar\u00e1 en la fecha que se fije, tras una misa solemne que se celebrar\u00e1 en la Bas\u00edlica de San Pedro del Vaticano<\/p><\/div>\n<p>Juan Lara<\/p>\n<div id=\"texto\">\n<div>\n<p><strong><em>Ciudad del Vaticano<\/em><\/strong>, 11 feb.- Benedicto XVI, de 85 a\u00f1os, sorprendi\u00f3 este lunes al mundo y a la Curia al anunciar, durante un consistorio de cardenales y hablando en lat\u00edn, que renuncia al papado por motivos de salud y dejar\u00e1 el Trono de Pedro a las 20 horas de Roma del 28 de febrero.<\/p>\n<p>Joseph Ratzinger entregar\u00e1 el papado casi ocho a\u00f1os despu\u00e9s ser elegido, el 19 de abril de 2005, como 265 sucesor de san Pedro, tras la muerte de Juan Pablo II.<\/p>\n<p>Los cardenales presentes en el consistorio, seg\u00fan cont\u00f3 el decano del Colegio Cardenalicio, Angelo Sodano, quedaron &#8220;desconcertados&#8221;.<\/p>\n<p>Desde 1294 no se hab\u00eda producido una renuncia al papado, cuando Celestino V, harto de las pompas y de las intrigas de la corte pontificia, se apart\u00f3 del cargo cien d\u00edas despu\u00e9s de su elecci\u00f3n.<\/p>\n<p>&#8220;Querid\u00edsimos hermanos. Os he convocado a este Consistorio, no s\u00f3lo para las tres causas de canonizaci\u00f3n, sino tambi\u00e9n para comunicaros una decisi\u00f3n de gran importancia para la vida de la Iglesia&#8221;, dijo Ratzinger a los cardenales en lat\u00edn.<\/p>\n<p>Y agreg\u00f3: &#8220;Despu\u00e9s de haber examinado ante Dios reiteradamente mi conciencia, he llegado a la certeza de que, por la edad avanzada, ya no tengo fuerzas para ejercer adecuadamente el ministerio petrino&#8221;.<\/p>\n<p>Ante el desconcierto de los presentes, Benedicto XVI, &#8220;tranquilo, en su l\u00ednea&#8221;, seg\u00fan dijo despu\u00e9s el portavoz vaticano, Federico Lombardi, sigui\u00f3 leyendo: &#8220;Soy muy consciente de que este ministerio, por su naturaleza espiritual, debe ser llevado a cabo no \u00fanicamente con obras y palabras, sino tambi\u00e9n y en no menor grado sufriendo y rezando&#8221;.<\/p>\n<p>&#8220;Sin embargo, en el mundo de hoy, sujeto a r\u00e1pidas transformaciones y sacudido por cuestiones de gran relieve para la vida de la fe, para gobernar la barca de san Pedro y anunciar el Evangelio, es necesario tambi\u00e9n el vigor tanto del cuerpo como del esp\u00edritu, vigor que, en los \u00faltimos meses, ha disminuido en m\u00ed de tal forma que he de reconocer mi incapacidad para ejercer bien el ministerio que me fue encomendado&#8221;, a\u00f1adi\u00f3 el papa, mientras aumentaba el desconcierto.<\/p>\n<p>&#8220;Por esto, siendo muy consciente de la seriedad de este acto, con plena libertad, declaro que renuncio al ministerio de Obispo de Roma, Sucesor de San Pedro, que me fue confiado por medio de los Cardenales el 19 de abril de 2005, de forma que, desde el 28 de febrero de 2013, a las 20.00 horas, la sede de Roma, la sede de San Pedro, quedar\u00e1 vacante y deber\u00e1 ser convocado, por medio de quien tiene competencias, el c\u00f3nclave para la elecci\u00f3n del nuevo Sumo Pont\u00edfice&#8221;, agreg\u00f3.<\/p>\n<p>Benedicto XVI dio las gracias a sus colaboradores y asegur\u00f3 que en el futuro quiere servir a la Iglesia &#8220;con una vida dedicada a la plegaria&#8221;.<\/p>\n<p>Tras conocerse la renuncia, que dio en pocos minutos la vuelta al mundo, el portavoz Lombardi se\u00f1al\u00f3 que el Papa ha tomado la decisi\u00f3n en plenas facultades mentales.<\/p>\n<p>El jesuita record\u00f3 que la renuncia de un Papa est\u00e1 prevista en el C\u00f3digo de Derecho Can\u00f3nico, que establece que para que sea v\u00e1lida es necesario que sea libre y precisa que no puede ser aceptada por nadie.<\/p>\n<p>Lombardi se\u00f1al\u00f3 tambi\u00e9n que el Papa es muy consciente del paso que ha dado y que no han influido temas como los esc\u00e1ndalos de curas pederastas.<\/p>\n<p>Al contrario, dijo el portavoz, cuando arreciaban estos esc\u00e1ndalos ya se\u00f1al\u00f3 que un pastor &#8220;nunca huye ante los lobos y deja el reba\u00f1o s\u00f3lo&#8221;.<\/p>\n<p>Ninguna enfermedad, agreg\u00f3, ha llevado a Benedicto XVI a renunciar al Pontificado, aunque reconoci\u00f3 que en los \u00faltimos meses hab\u00eda disminuido en \u00e9l las fuerzas f\u00edsicas, &#8220;algo normal en personas con esa edad&#8221;.<\/p>\n<p>Lombardi explic\u00f3 la decisi\u00f3n del papa de hacer firme la renuncia a las ocho de la tarde del 28 de febrero, &#8220;tal vez porque esa es la hora en la que acaba la jornada de trabajo&#8221;.<\/p>\n<p>Hasta ese d\u00eda, Benedicto XVI realizar\u00e1 su labor &#8220;como siempre&#8221;. Despu\u00e9s se trasladar\u00e1 hasta la residencia de Castel Gandolfo, a una treintena de kil\u00f3metros al sur de Roma.<\/p>\n<p>All\u00ed permanecer\u00e1 durante la Sede Vacante, el tiempo que transcurre desde que un papa fallece, o renuncia, como es su caso, y hasta que se elige al sucesor.<\/p>\n<p>Despu\u00e9s se retirar\u00e1 a un monasterio de monjas de clausura dentro del Vaticano, seg\u00fan anunci\u00f3 Lombardi.<\/p>\n<p>Durante el tiempo de Sede Vacante se realizar\u00e1n obras de acondicionamiento del apartamento papal.<\/p>\n<p>El c\u00f3nclave que elegir\u00e1 al sucesor de Benedicto XVI ser\u00e1 convocado una vez sea firme la renuncia y Lombardi no descart\u00f3 hoy que ya para la Semana Santa haya un Papa nuevo.<\/p>\n<p>Y antes del 28 de febrero, el Vaticano dar\u00e1 una despedida a Benedicto XVI, a la que espera asistan fieles de todo el mundo &#8220;y autoridades de muchos pa\u00edses&#8221;, seg\u00fan anunci\u00f3 el cardenal Sodano.<\/p>\n<\/div>\n<\/div>\n<p><strong><em>As\u00ed ser\u00e1 el C\u00f3nclave que elegir\u00e1 al sucesor de Benedicto XVI<\/em><\/strong><\/p>\n<p>Juan Lara<\/p>\n<div id=\"texto\">\n<div>\n<p><strong><em>Ciudad del Vaticano<\/em><\/strong>, 11 feb.- El pr\u00f3ximo\u00a0Papa\u00a0necesitar\u00e1 en todas las votaciones la mayor\u00eda de los dos tercio de los votos de los cardenales asistentes al C\u00f3nclave para ser elegido, que ser\u00e1 convocado a partir del 28 de febrero, una vez sea firme la renuncia de Benedicto XVI.<\/p>\n<p>As\u00ed lo contempla la Constituci\u00f3n Apost\u00f3lica &#8220;Universi Dominici Gregis&#8221;, que se\u00f1ala que si en el caso de que en la elecci\u00f3n delPapa\u00a0se perpetrara el delito de simon\u00eda (comprar los votos) todos los culpables ser\u00e1n excomulgados, pero el voto ser\u00e1 v\u00e1lido.<\/p>\n<p>Tambi\u00e9n se prev\u00e9 que los cardenales electores deber\u00e1n abstenerse de toda forma de pactos, acuerdos, promesas u otros compromisos de cualquier g\u00e9nero que les puedan obligar a dar o negar el voto a otros. Si eso sucediera, el compromiso adquirido ser\u00eda nulo y nadie estar\u00e1 obligado a observarlo.<\/p>\n<p>Los cardenales tampoco pueden hacer capitulaciones antes de la elecci\u00f3n.<\/p>\n<p>Hasta ahora, para elegir a un\u00a0Papa\u00a0eran necesarias en las primeras votaciones al menos dos tercios de los sufragios, pero si despu\u00e9s del d\u00e9cimo tercer d\u00eda, es decir en la 33 \u00f3 34 votaci\u00f3n, ning\u00fan candidato obten\u00eda la mayor\u00eda de los dos tercios se pasaba a la mayor\u00eda simple y el futuro\u00a0Papa\u00a0era elegido entre los dos cardenales m\u00e1s votados.<\/p>\n<p>El c\u00f3nclave comenzar\u00e1 en la fecha que se fije, tras una misa solemne que se celebrar\u00e1 en la Bas\u00edlica de San Pedro del Vaticano, llamado Misa votiva &#8220;Pro eligendo\u00a0Papa&#8221;, a la que asistir\u00e1n todos los fieles que lo deseen, as\u00ed como el Cuerpo Diplom\u00e1tico.<\/p>\n<p>Despu\u00e9s, a la hora prevista, los cardenales se dirigir\u00e1n desde la Capilla Paulina, en procesi\u00f3n, hacia la Capilla Sixtina, recitando las letan\u00edas.<\/p>\n<p>La Capilla Sixtina sigue siendo el lugar para la elecci\u00f3n y todo lo que se haga o diga all\u00ed durante el C\u00f3nclave es secreto.<\/p>\n<p>Los cardenales entrar\u00e1n recitando unas letan\u00edas y cantaron el &#8220;Veni Creator Spiritus&#8221;, con el que invocar\u00e1n la ayuda del Esp\u00edritu Santo. A continuaci\u00f3n se proceder\u00e1 al juramento por el que se comprometer\u00e1n a mantener el secreto de todo lo que se diga o haga en el C\u00f3nclave.<\/p>\n<p>Despu\u00e9s, el Maestro de Ceremonias Pontificias pronunciar\u00e1 la frase &#8220;extra omnes&#8221; y todos los ajenos al c\u00f3nclave saldr\u00e1n de la Capilla.<\/p>\n<p>Ya en ese primer d\u00eda puede realizarse la primera votaci\u00f3n. Si no se elige\u00a0papa, en los siguientes d\u00edas se procede a dos votaciones por la ma\u00f1ana y otras dos por la tarde.<\/p>\n<p>La normativa establece que despu\u00e9s de tres d\u00edas de escrutinios sin resultados positivos, las votaciones se suspendan durante un d\u00eda para hacer una pausa de oraci\u00f3n y coloquio entre los votantes.<\/p>\n<p>Tras ese d\u00eda de pausa volver\u00e1n a celebrarse otros siete escrutinios y si se sigue sin elegir\u00a0Papa\u00a0se efectuar\u00e1 otro descanso y se volver\u00e1n a hacer otros siete escrutinios. Si se sigue igual, habr\u00e1 nueva pausa y, de nuevo, otras siete votaciones. Y as\u00ed se llegaba al 33 o 34 escrutinio (dependiendo si el primer d\u00eda se vota o no).<\/p>\n<p>A partir de ese momento, hasta ahora, se pasaba a elegir\u00a0Papa\u00a0entre los dos cardenales que en el \u00faltimo escrutinio hubieran obtenido el mayor n\u00famero de votos. La normativa exig\u00eda que el elegido lo fuera por mayor\u00eda absoluta (la mitad m\u00e1s uno).<\/p>\n<p>Esto lo cambi\u00f3 hace varios a\u00f1os Benedicto XVI, que estableci\u00f3 que ya en el c\u00f3nclave que elija a su sucesor ser\u00e1n necesarios los dos tercios de los votos en todos los eventuales escrutinios.<\/p>\n<p>Tambi\u00e9n estableci\u00f3 que si se llega al voto entre los dos m\u00e1s votados, \u00e9stos no podr\u00e1n participar en la votaci\u00f3n.<\/p>\n<p>Una vez elegido, el cardenal decano en nombre de todo el colegio pide su consentimiento al elegido con las palabras: &#8220;\u00bfAceptas tu elecci\u00f3n can\u00f3nica para Sumo Pont\u00edfice?&#8221;.<\/p>\n<p>Dado el consentimiento se le pregunta c\u00f3mo quiere ser llamado y despu\u00e9s el Maestro de Ceremonias levanta acta.<\/p>\n<p>Finalmente se anunciar\u00e1 al mundo con la f\u00f3rmula: &#8220;Habemus Papam&#8221;.<\/p>\n<p>El Colegio Cardenalicio est\u00e1 compuesto por 209 miembros, de los que 118 tiene menos de 80 a\u00f1os, por lo que podr\u00e1n elegirpapa\u00a0en el pr\u00f3ximo c\u00f3nclave, y 91 octogenarios, que no pueden votar pero s\u00ed pueden ser elegidos Pont\u00edfice.<\/p>\n<\/div>\n<\/div>\n","protected":false},"excerpt":{"rendered":"<p>Benedicto XVI, de 85 a\u00f1os, sorprendi\u00f3 este lunes al mundo y a la Curia al anunciar, que renuncia al papado por motivos de salud <\/p>\n","protected":false},"author":1,"featured_media":443153,"comment_status":"open","ping_status":"open","sticky":false,"template":"","format":"standard","meta":{"footnotes":""},"categories":[24],"tags":[61,3664,419],"class_list":["post-443152","post","type-post","status-publish","format-standard","has-post-thumbnail","hentry","category-mundo","tag-papa","tag-renuncia","tag-vaticano"],"_links":{"self":[{"href":"https:\/\/diarioelpopular.com\/index.php\/wp-json\/wp\/v2\/posts\/443152","targetHints":{"allow":["GET"]}}],"collection":[{"href":"https:\/\/diarioelpopular.com\/index.php\/wp-json\/wp\/v2\/posts"}],"about":[{"href":"https:\/\/diarioelpopular.com\/index.php\/wp-json\/wp\/v2\/types\/post"}],"author":[{"embeddable":true,"href":"https:\/\/diarioelpopular.com\/index.php\/wp-json\/wp\/v2\/users\/1"}],"replies":[{"embeddable":true,"href":"https:\/\/diarioelpopular.com\/index.php\/wp-json\/wp\/v2\/comments?post=443152"}],"version-history":[{"count":0,"href":"https:\/\/diarioelpopular.com\/index.php\/wp-json\/wp\/v2\/posts\/443152\/revisions"}],"wp:featuredmedia":[{"embeddable":true,"href":"https:\/\/diarioelpopular.com\/index.php\/wp-json\/"}],"wp:attachment":[{"href":"https:\/\/diarioelpopular.com\/index.php\/wp-json\/wp\/v2\/media?parent=443152"}],"wp:term":[{"taxonomy":"category","embeddable":true,"href":"https:\/\/diarioelpopular.com\/index.php\/wp-json\/wp\/v2\/categories?post=443152"},{"taxonomy":"post_tag","embeddable":true,"href":"https:\/\/diarioelpopular.com\/index.php\/wp-json\/wp\/v2\/tags?post=443152"}],"curies":[{"name":"wp","href":"https:\/\/api.w.org\/{rel}","templated":true}]}}