{"id":443365,"date":"2013-02-15T10:23:16","date_gmt":"2013-02-15T15:23:16","guid":{"rendered":"http:\/\/diarioelpopular.com\/?p=443365"},"modified":"2013-06-17T18:30:09","modified_gmt":"2013-06-17T22:30:09","slug":"fernando-allende","status":"publish","type":"post","link":"https:\/\/diarioelpopular.com\/index.php\/2013\/02\/15\/fernando-allende\/","title":{"rendered":"Fernando Allende"},"content":{"rendered":"<p align=\"center\"><a href=\"https:\/\/diarioelpopular.com\/wp-content\/uploads\/2013\/02\/WEB.FDO-3.jpg\"><img loading=\"lazy\" decoding=\"async\" class=\"aligncenter size-full wp-image-443368\" title=\"WEB.FDO-3\" src=\"https:\/\/diarioelpopular.com\/wp-content\/uploads\/2013\/02\/WEB.FDO-3.jpg\" alt=\"\" width=\"700\" height=\"420\" \/><\/a>El actor Fernando Allende, quien protagoniz\u00f3 en 1972 \u00a0la primera versi\u00f3n de la pel\u00edcula \u2018Mar\u00eda\u2019 con el personaje de Efra\u00edn, cinta basada en la novela literaria del Siglo XIX \u00a0escrita por el autor colombiano Jorge Isaac, ahora como director cinematogr\u00e1fico presenta esta nueva versi\u00f3n que estar\u00e1 en m\u00e1s de 22 ciudades de M\u00e9xico.<\/p>\n<p>\u201cEsta pel\u00edcula fue la que me lanz\u00f3 a m\u00ed al estrellato hace cuatro d\u00e9cadas como actor y ahora la he producido y dirigido con mis dos hijos, uno delante de la c\u00e1mara que es Ad\u00e1n quien personifica al m\u00edtico personaje de Efra\u00edn y El\u00e1n, nuestro hijo mayor, encargado de toda la postproducci\u00f3n y edici\u00f3n. Ha sido bien interesante revivir un concepto que no pasa de \u00e9poca,\u00a0 el concepto del primer amor, ese que te exalta la pureza, la sinceridad y la entrega. \u2018Mar\u00eda\u2019, es una pel\u00edcula tierna, buena para toda la familia ya que te concentra frente a la pantalla en lugar de segregarte y est\u00e1 hecha por la familia Allende\u201d, asegura Fernando muy orgulloso.<a href=\"https:\/\/diarioelpopular.com\/wp-content\/uploads\/2013\/02\/WEB.FDO-2-GRUPO.jpg\"><img loading=\"lazy\" decoding=\"async\" class=\"aligncenter size-full wp-image-443369\" title=\"WEB.FDO-2-GRUPO\" src=\"https:\/\/diarioelpopular.com\/wp-content\/uploads\/2013\/02\/WEB.FDO-2-GRUPO.jpg\" alt=\"\" width=\"700\" height=\"420\" \/><\/a><\/p>\n<p align=\"center\"><strong>El\u00e1n -Jennifer Col\u00f3n- Fernando- Mar\u00eda \u2013<\/strong><strong> <\/strong><strong>Ad\u00e1n Allende<\/strong><\/p>\n<p>Y es que este galanazo es un hombre entregado a su familia y a su esposa, Mar\u00eda Mediavilla, con quien vive a plenitud su propia historia de amor. Su secreto para tantos a\u00f1os de feliz matrimonio es que siempre est\u00e1n juntos, trabajan juntos y se tienen mucha confianza. Al referirse a su Mari, Fernando lo hace con mucha admiraci\u00f3n.<\/p>\n<p>\u201cLo que m\u00e1s me gust\u00f3 era lo bien que trataba a mis admiradoras, con esto ella me mostr\u00f3 lo buen ser humano que era. Nos conocimos en Puerto Rico mientras rodaba una pel\u00edcula en mayo del 85. Nos casamos en Nueva York, por lo civil, el 31 de julio del 87, y por la Iglesia, en Cihuatl\u00e1n, Jalisco, el 21 de noviembre de ese mismo a\u00f1o. Es un privilegio enorme contar con seres de luz que me rodean como son mi esposa Mari, mis dos hijos, mi nuera Jennifer y ahora mis dos nietos maravillosos, Mar\u00eda Valentina y Fernando. Pienso que esto se debe a que lo he estado trabajando por mucho tiempo, esta es una labor de ponerle el cerebro, el cuerpo, la energ\u00eda y el alma para mantener una familia unida y que bueno que podamos iluminar a otras almas.\u201d<a href=\"https:\/\/diarioelpopular.com\/wp-content\/uploads\/2013\/02\/FDO-MARIA.jpg\"><img loading=\"lazy\" decoding=\"async\" class=\"aligncenter size-full wp-image-443367\" title=\"FDO-MARIA\" src=\"https:\/\/diarioelpopular.com\/wp-content\/uploads\/2013\/02\/FDO-MARIA.jpg\" alt=\"\" width=\"700\" height=\"420\" \/><\/a><\/p>\n<p align=\"center\"><strong>Fernando Allende &#8211; Mar\u00eda Mediavilla<\/strong><\/p>\n<p>El tambi\u00e9n interprete explica lo que significa haber sido nombrado \u201cEmbajador del Mariachi ante el mundo\u201d, por el presidente de la Asociaci\u00f3n Mexicana del Mariachi, Chucho L\u00f3pez.<\/p>\n<p>\u201cYo me siento muy orgulloso, muy satisfecho y muy humilde. Recuerda que estos premios son galardones que te ofrecen, el artista no est\u00e1 trabajando por conseguirlos, pero lo que si te dicen estos reconocimientos es que el camino que has tomado, el que has elegido, ha sido el correcto\u201d.<\/p>\n<p>Ahora Allende se encuentra trabajando en su nuevo \u00e1lbum con mariachi en donde le rinde tributo a la m\u00fasica mexicana.<\/p>\n<p>\u201cEste es el segundo volumen y ya estamos en la producci\u00f3n. Continuaremos grabando m\u00e1s discos porque la m\u00fasica mexicana es basta, compleja, hermosa y sobre todo hay un gran material de donde escoger. Siempre he mencionado que la m\u00fasica buena, sin importar su g\u00e9nero, siempre ha tenido a trav\u00e9s del tiempo y del espacio esa capacidad para perdurar. M\u00e9xico ha sido siempre un trampol\u00edn y no solamente para las estrellas mexicanas sino para las internacionales, y se ha convertido en una plataforma de lanzamiento de alto calibre, se ve por los muchos artistas que han pasado. Asi que me siento muy orgulloso de ser parte de esa plataforma, de este pa\u00eds y de esa alma que se abre ante el talento que se acerca a nosotros desde cualquier parte del mundo\u201d.<\/p>\n<p>Fernando Allende tambi\u00e9n se da la oportunidad de actuar en la pel\u00edcula \u201cLo Peor Pasa al Atardecer\u2019, dirigida por Lino Von Saenger y en la obra de teatro \u2018Qu\u00e9 rico mambo\u2019, producida por Rub\u00e9n Navarro, un musical que nos remonta a la d\u00e9cada de los sesenta.<\/p>\n<p>\u201cEste es un exitoso proyecto con Maribel Guardia, Lorena Herrera, Alejandro Suarez, un grupo de comediantes, La Sonora Santanera y la orquesta de P\u00e9rez Prado. En \u2018Qu\u00e9 rico mambo\u2019 igual te puede salir un mago, una cantante o una bailarina, es un formato bien interesante que se ha nombrado \u00faltimamente como el nuevo teatro musical mexicano, un t\u00e9rmino que aunque no es nuevo est\u00e1 generando mucho inter\u00e9s, es teatro de revista, de variedades y nos estaremos presentando este jueves 14 de febrero en el Teatro Blanquita en M\u00e9xico para luego continuar en el norte de la Rep\u00fablica y asi permitirnos estar con nuestro p\u00fablico como ya lo hicimos anteriormente\u201d.<\/p>\n<p>No solo reconocimiento le debe Fernando Allende a la actuaci\u00f3n, a sus producciones, ahora tambi\u00e9n como compositor y me refiero al tema, \u201cQuiero bailar contigo\u2019, que compuso en coautor\u00eda con su hijo El\u00e1n para la telenovela que ha tenido mucho \u00e9xito en el extranjero, Esperanza del Coraz\u00f3n<strong><em>, <\/em><\/strong>en donde gracias a su personaje de Orlando Duarte, es nominado como Mejor Actor de Televisi\u00f3n.<\/p>\n<p>Para el 14 de febrero, un regalo con mucho coraz\u00f3n y pueden escucharlo visitando,<strong><em> <\/em><\/strong><a href=\"http:\/\/www.youtube.com\/watch?v=h2f5rQDFgfc\">http:\/\/www.youtube.com\/watch?v=h2f5rQDFgfc<\/a><strong><em><\/em><\/strong><\/p>\n","protected":false},"excerpt":{"rendered":"<p>Pone el cerebro, el cuerpo, la energ\u00eda y el alma para mantener una familia unida.<\/p>\n","protected":false},"author":1,"featured_media":443368,"comment_status":"open","ping_status":"open","sticky":false,"template":"","format":"standard","meta":{"footnotes":""},"categories":[80,81],"tags":[5669,9830],"class_list":["post-443365","post","type-post","status-publish","format-standard","has-post-thumbnail","hentry","category-cine-2","category-columnistas","tag-allende","tag-fernanado"],"_links":{"self":[{"href":"https:\/\/diarioelpopular.com\/index.php\/wp-json\/wp\/v2\/posts\/443365","targetHints":{"allow":["GET"]}}],"collection":[{"href":"https:\/\/diarioelpopular.com\/index.php\/wp-json\/wp\/v2\/posts"}],"about":[{"href":"https:\/\/diarioelpopular.com\/index.php\/wp-json\/wp\/v2\/types\/post"}],"author":[{"embeddable":true,"href":"https:\/\/diarioelpopular.com\/index.php\/wp-json\/wp\/v2\/users\/1"}],"replies":[{"embeddable":true,"href":"https:\/\/diarioelpopular.com\/index.php\/wp-json\/wp\/v2\/comments?post=443365"}],"version-history":[{"count":2,"href":"https:\/\/diarioelpopular.com\/index.php\/wp-json\/wp\/v2\/posts\/443365\/revisions"}],"predecessor-version":[{"id":451446,"href":"https:\/\/diarioelpopular.com\/index.php\/wp-json\/wp\/v2\/posts\/443365\/revisions\/451446"}],"wp:featuredmedia":[{"embeddable":true,"href":"https:\/\/diarioelpopular.com\/index.php\/wp-json\/"}],"wp:attachment":[{"href":"https:\/\/diarioelpopular.com\/index.php\/wp-json\/wp\/v2\/media?parent=443365"}],"wp:term":[{"taxonomy":"category","embeddable":true,"href":"https:\/\/diarioelpopular.com\/index.php\/wp-json\/wp\/v2\/categories?post=443365"},{"taxonomy":"post_tag","embeddable":true,"href":"https:\/\/diarioelpopular.com\/index.php\/wp-json\/wp\/v2\/tags?post=443365"}],"curies":[{"name":"wp","href":"https:\/\/api.w.org\/{rel}","templated":true}]}}