{"id":444647,"date":"2013-02-21T22:30:43","date_gmt":"2013-02-22T03:30:43","guid":{"rendered":"http:\/\/diarioelpopular.com\/?p=444647"},"modified":"2013-02-21T22:30:43","modified_gmt":"2013-02-22T03:30:43","slug":"hablemos-de-cine-43","status":"publish","type":"post","link":"https:\/\/diarioelpopular.com\/index.php\/2013\/02\/21\/hablemos-de-cine-43\/","title":{"rendered":"HABLEMOS DE CINE"},"content":{"rendered":"<div id=\"attachment_444648\" style=\"width: 710px\" class=\"wp-caption aligncenter\"><a href=\"https:\/\/diarioelpopular.com\/wp-content\/uploads\/2013\/02\/WEB.BARB_.jpg\"><img loading=\"lazy\" decoding=\"async\" aria-describedby=\"caption-attachment-444648\" class=\"size-full wp-image-444648\" title=\"WEB.BARB\" src=\"https:\/\/diarioelpopular.com\/wp-content\/uploads\/2013\/02\/WEB.BARB_.jpg\" alt=\"\" width=\"700\" height=\"420\" \/><\/a><p id=\"caption-attachment-444648\" class=\"wp-caption-text\">Nina Hoss en BARBARA<\/p><\/div>\n<p align=\"center\"><strong>Por Jorge Gutman<\/strong><\/p>\n<p align=\"center\"><strong>\u00a0<\/strong>El cine alem\u00e1n vuelve a revivir las vicisitudes atravesadas por la gente de Alemania Oriental durante la d\u00e9cada del 80, poco antes de la ca\u00edda del muro de Berl\u00edn. Aunque <strong>Barbara<\/strong> no alcance la dimensi\u00f3n dram\u00e1tica del excelente film \u201c<em>The Lives of Others<\/em>\u201d (2006) que vers\u00f3 sobre un tema similar, Christian Petzold \u00a0utilizando aqu\u00ed un enfoque diferente logr\u00f3 un film de calidad.<\/p>\n<p>El personaje central es Barbara (Nina Hoss), una doctora en medicina que ejerc\u00eda en \u00a0\u00a0Berl\u00edn. Al cometer \u00a0el error de solicitar una visa de salida de Alemania Oriental, como castigo es transferida a un peque\u00f1o hospital de un pueblo provincial. En su nuevo puesto,\u00a0 desde el primer d\u00eda adopta una actitud de\u00a0 aislamiento frente a sus colegas porque no conf\u00eda en nadie. \u00a0\u00a0Precisamente por ello, muestra recelo frente a la amabilidad demostrada por Andr\u00e9 (Ronald Zehfeld), uno de sus colegas quien trata de brindarle afecto para que se sienta a gusto; sin embargo, ella adopta\u00a0 una actitud reservada porque est\u00e1\u00a0 convencida de que \u00e9l informa a un oficial (Rainer Bock) de la Stasi (la polic\u00eda de seguridad del estado) sobre su conducta y los movimientos que efect\u00faa.<\/p>\n<p>Simult\u00e1neamente el film expone la manera en que Barbara interact\u00faa con sus pacientes demostrando su honestidad y conocimiento profesional en el cumplimiento de sus funciones. En \u00a0tal sentido,\u00a0 el relato enfatiza su devoci\u00f3n hacia \u00a0Stella (Jasna Fritzi Bauer); se trata de una jovencita enferma de meningitis que hab\u00eda escapado de un centro de detenci\u00f3n juvenil y que ahora. al haber quedado embarazada, anhela para su futuro hijo un porvenir mejor en Alemania Occidental.<\/p>\n<p>A medida que progresa la acci\u00f3n, el relato adquiere la naturaleza de un thriller, en parte motivado por la decisi\u00f3n que la protagonista debe adoptar con relaci\u00f3n a su futuro y su vida sentimental. Con un desenlace abierto, lo que importa destacar es la forma sutil y a la vez escudri\u00f1adora en que Petzold analiza el \u00a0clima social\u00a0 imperante en el para\u00edso comunista de Alemania Oriental. Tomando a Barbara como ejemplo, su arrinconamiento y ostracismo permite \u00a0reflejar \u00a0el \u00e1nimo sombr\u00edo y deprimente de una peque\u00f1a comunidad sojuzgada por un r\u00e9gimen \u00a0que \u00a0alienta el espionaje entre vecinos con \u00a0la delaci\u00f3n consiguiente, as\u00ed como el abuso de los m\u00e1s d\u00e9biles e indefensos que desean liberarse de esa malsana opresi\u00f3n.<\/p>\n<p>El director que merecidamente obtuvo el Oso de Plata en el Festival de Berl\u00edn del a\u00f1o pasado ofrece un tenso\u00a0 documento social que concentra en todo momento el inter\u00e9s de la audiencia. Aunque el homog\u00e9neo elenco se desempe\u00f1a muy bien, es remarcable la valiosa interpretaci\u00f3n de Nina Hos, cuyo personaje \u00a0transmite hondamente las vicisitudes de una mujer prisionera de un represivo sistema pol\u00edtico pero preservando un admirable sentimiento de dignidad.<\/p>\n<p>Con la colaboraci\u00f3n de la excelente fotograf\u00eda de Hans Fromm captando las im\u00e1genes de claustrofobia del ambiente en que transcurre la acci\u00f3n, el realizador involucra al espectador haci\u00e9ndole sentir y vivir las emociones reprimidas del personaje principal.\u00a0 Como la \u00a0\u00a0familia de Petzold \u00a0logr\u00f3 huir de la Rep\u00fablica Democr\u00e1tica de Alemania, esa circunstancia debi\u00f3 haber influido en \u00e9l \u00a0para ofrecer un trabajo de notable autenticidad.<\/p>\n<div id=\"attachment_444649\" style=\"width: 710px\" class=\"wp-caption aligncenter\"><a href=\"https:\/\/diarioelpopular.com\/wp-content\/uploads\/2013\/02\/WEB.HOME_.jpg\"><img loading=\"lazy\" decoding=\"async\" aria-describedby=\"caption-attachment-444649\" class=\"size-full wp-image-444649\" title=\"WEB.HOME\" src=\"https:\/\/diarioelpopular.com\/wp-content\/uploads\/2013\/02\/WEB.HOME_.jpg\" alt=\"\" width=\"700\" height=\"420\" \/><\/a><p id=\"caption-attachment-444649\" class=\"wp-caption-text\">Corinna Harfouch en HOME FOR THE WEEKEND<\/p><\/div>\n<p><strong>HOME FOR THE WEEKEND<\/strong>. Alemania, 2012. Un film de Hans-Christian Schmid<\/p>\n<p>Este convincente drama familiar no agrega mucho m\u00e1s a otros ya explorados por el cine; con todo, su inter\u00e9s radica \u00a0en la buena narraci\u00f3n del director Hans-Christian Schmid y la convincente descripci\u00f3n de personajes del gui\u00f3n de Bernd Lange analizando la din\u00e1mica de las relaciones familiares enfrentando la \u00a0enfermedad de uno de sus integrantes.<\/p>\n<p>El t\u00edtulo en ingl\u00e9s de \u201cUn Hogar Para el Fin de Semana\u201d es m\u00e1s explicatorio que su original alem\u00e1n \u201cLo que Queda\u201d(Was Bleibt) puesto que se trata de una reuni\u00f3n familiar navide\u00f1a que tiene lugar en el hogar del matrimonio integrado por Patriarch G\u00fcnter (Ernst St\u00f6tzner) \u2013un editor de excelente situaci\u00f3n econ\u00f3mica- y su esposa Gitte (Corinna Harfouch). En la amplia y moderna mansi\u00f3n que poseen en los alrededores de Bohn,\u00a0 llegan procedentes de Berl\u00edn el hijo\u00a0 escritor de la pareja, Marko (Lars Eidinger acompa\u00f1ado de su peque\u00f1o de 8 a\u00f1os Zowie (Egon Merten); tambi\u00e9n forman\u00a0 parte del grupo familiar, Jakob (Sebastian Zimmler), el hermano mayor de Marko -que es dentista y vive con sus padres- acompa\u00f1ado de su novia Ella (Picco Von Groote) que estudia en Berl\u00edn.<\/p>\n<p>El comienzo apacible y tranquilo de la reuni\u00f3n familiar se ve alterado cuando Gitte, que sufre de problemas mentales, comunica a los suyos que hace dos meses suspendi\u00f3 de tomar sus medicamentos antidepresivos. Este anuncio produce una serie de efectos imprevistos al ir revel\u00e1ndose secretos que van fracturando la aparente armon\u00eda preexistente. As\u00ed, la decisi\u00f3n de Gitte obstaculiza los planes de Patriarch quien deb\u00eda viajar al Medio Oriente en un trabajo de investigaci\u00f3n para un libro que deb\u00eda editar;\u00a0 al propio tiempo\u00a0 se va develando lo que signific\u00f3 para \u00e9l la experiencia de una vida conyugal conviviendo con una persona man\u00edaca depresiva, motivando a que encontrara solaz en una relaci\u00f3n amorosa con otra mujer (Birge Schade). Por su parte, cada uno de sus hijos reacciona de manera opuesta frente a la decisi\u00f3n maternal; mientras que Marko al no vivir permanentemente en el mismo lugar que sus padres se adhiere a su madre, Jakob reprueba su actitud porque conoce de cerca cu\u00e1les ser\u00e1n las consecuencias futuras al no estar medicada. Al cuadro general existente se agregan los problemas financieros de Jakob cuyo consultorio dental no le redit\u00faa los ingresos necesarios como para seguir manteni\u00e9ndolo.<\/p>\n<p>Con un giro inesperado en la \u00faltima parte del relato, \u00e9ste cobra un car\u00e1cter m\u00e1s dram\u00e1tico creando una situaci\u00f3n surrealista no del todo lograda y que conduce a un desenlace que deja la sensaci\u00f3n de algo inconcluso. A pesar de esta observaci\u00f3n, el film satisface al abordar un melodrama absorbente que no \u00a0desborda en artificiosos arranques emocionales. El\u00a0 reparto es excelente y la buena fotograf\u00eda de Bogumil Godefrejow\u00a0 con c\u00e1mara en mano contribuye a que el espectador pueda inmiscuirse m\u00e1s f\u00e1cilmente en la intimidad de este retrato de familia.<\/p>\n<p><strong>ENCUENTRO CON EL CINE DE QUEBEC<\/strong><\/p>\n<p>Dentro de la producci\u00f3n cinematogr\u00e1fica de Canad\u00e1 la provincia de Quebec es la que m\u00e1s se destaca tanto en calidad como en cantidad. A pesar de que en 2012 se registr\u00f3 una baja considerable del p\u00fablico local dispuesto a ver su cine, hay que considerar\u00a0 la buena repercusi\u00f3n que tiene fuera del pa\u00edsl con la presentaci\u00f3n de filmes y distinciones obtenidas en los m\u00e1s prestigiosos festivales del mundo as\u00ed como la importancia de las ventas internacionales realizadas.<\/p>\n<p>A los factores mencionados habr\u00e1 que a\u00f1adir que la creatividad del cine de Quebec se ha puesto en evidencia al haber sido incluido en la lista de los 5 filmes nominados para optar al Oscar de la mejor pel\u00edcula extranjera en los \u00faltimos 3 a\u00f1os con \u201cIncendies\u201d (2011) de Denis Villeneuve, \u201cMonsieur Lazhar\u201d (2012) de Philippe Falardeau y \u201cRebelle\u201d (2013) de Kim Nguyen. No menos importante es el Premio Alfred Bauer adjudicado al film \u201cVic + Flo ont vu un ours\u201d de Denis C\u00f4te,\u00a0 \u00a0en la ceremonia de clausura del Festival de Berl\u00edn del domingo pasado.<\/p>\n<p>Los comentarios precedentes vienen al caso porque todos los a\u00f1os en esta misma \u00e9poca tiene lugar lo que se denomina \u201c<strong>Les Rendez-Vous du Cin\u00e9ma Qu\u00e9b\u00e9cois<\/strong>\u201d y que como su nombre lo explicita se trata de un encuentro con el cine quebequense que se desarrolla durante un per\u00edodo de 11 d\u00edas. El evento tiene como prop\u00f3sito demostrar la diversidad y riqueza de lo que acontece con la cinematograf\u00eda de Quebec a trav\u00e9s de diferentes manifestaciones art\u00edsticas.<\/p>\n<p>Durante esta trig\u00e9simo primera edici\u00f3n que comenz\u00f3 ayer y se prolongar\u00e1 hasta el 3 de marzo m\u00e1s de 300 filmes ser\u00e1n proyectados de los cuales 41 corresponden a largometrajes de ficci\u00f3n, 155 a cortometrajes narrativos, experimentales y\/o de animaci\u00f3n, incluyendo tambi\u00e9n 79 documentales, 23 filmes realizados por estudiantes de cine y una proyecci\u00f3n especial de cine concierto que est\u00e1 integrada por 6 cortos mudos realizados el a\u00f1o pasado y cuyos tramos sonoros ser\u00e1n ejecutados por un conjunto de c\u00e1mara de Montreal.<\/p>\n<div id=\"attachment_444650\" style=\"width: 710px\" class=\"wp-caption aligncenter\"><a href=\"https:\/\/diarioelpopular.com\/wp-content\/uploads\/2013\/02\/web.roche_.jpg\"><img loading=\"lazy\" decoding=\"async\" aria-describedby=\"caption-attachment-444650\" class=\"size-full wp-image-444650\" title=\"web.roche\" src=\"https:\/\/diarioelpopular.com\/wp-content\/uploads\/2013\/02\/web.roche_.jpg\" alt=\"\" width=\"700\" height=\"420\" \/><\/a><p id=\"caption-attachment-444650\" class=\"wp-caption-text\">Roy Dupuis en ROCHE PAPIER CISEAUX<\/p><\/div>\n<p>Entre los filmes de ficci\u00f3n que por primera vez se exhiben en Canad\u00e1 se encuentra \u00a0<strong>Roche Papier Ciseaux<\/strong>, primer largometraje de Yan Lanouette Turgeon con Roy Dupuis que ayer abri\u00f3 este encuentro, <strong>Finissant(e)s<\/strong> del realizador Rafa\u00ebl Ouellet, <strong>Les man\u00e8ges humains<\/strong> de Martin Laroche que trata el delicado tema de la mutilaci\u00f3n genital de una chica africana que emigr\u00f3 a Quebec y <strong>Le m\u00e9t\u00e9ore<\/strong> de Fran\u00e7ois Delisle que clausurar\u00e1 el festival. En materia de documentales, se proyectar\u00e1n como primicia canadiense, entre otros filmes,\u00a0 <strong>A contre courant <\/strong>de Lisa Sfriso, <strong>L\u2019Ange des Grondines <\/strong>de Christian Mathieu Fournier, <strong>Anne des vingts <\/strong>tours de Michel Langlois y <strong>Que vive la mer Morte<\/strong> de Germ\u00e1n Guti\u00e9rrez, realizador colombiano radicado en Montreal.<\/p>\n<p>El festival tambi\u00e9n acostumbra pasar revista a los filmes estrenados el a\u00f1o anterior y dentro de la selecci\u00f3n efectuada figuran t\u00edtulos que han sido presentados exitosamente en Cannes, Berl\u00edn y Toronto.\u00a0 Entre los t\u00edtulos m\u00e1s importantes se encuentran <strong>Laurence Anyways<\/strong> de Xavier, <strong>Rebelle<\/strong> de Kim Nguyen, <strong>Bestiaire <\/strong>de Denis C\u00f4t\u00e9, <strong>L\u2019Affaire Dumont<\/strong> de Podz, <strong>Rom\u00e9o<\/strong> <strong>Onze<\/strong> de Ivan Grbovic y <strong>Tout ce que tu poss\u00e8des<\/strong> de Bernard \u00c9mond.<\/p>\n<p>Este a\u00f1o el festival \u00a0rinde homenaje al \u00a0veterano realizador de Quebec Andr\u00e9 Melan\u00e7on de quien se ver\u00e1 su \u00faltimo film <strong>Les trains de la vie<\/strong>.<\/p>\n<p>Adem\u00e1s de la proyecci\u00f3n de filmes, habr\u00e1 \u00a025 eventos gratuitos que permitir\u00e1n a los cin\u00e9filos disfrutar de los mismos.<\/p>\n<p>Las proyecciones son realizadas en el cine Imperial, Cinemateca de Quebec, el complejo Quartier Latin y la Grand Biblioth\u00e8que de Montreal. La total programaci\u00f3n se encuentra en el sitio web\u00a0 <a href=\"http:\/\/www.rvcq.com\/\">www.rvcq.com<\/a><\/p>\n<div id=\"attachment_444651\" style=\"width: 710px\" class=\"wp-caption aligncenter\"><a href=\"https:\/\/diarioelpopular.com\/wp-content\/uploads\/2013\/02\/WEB.LE-PRE.jpg\"><img loading=\"lazy\" decoding=\"async\" aria-describedby=\"caption-attachment-444651\" class=\"size-full wp-image-444651\" title=\"WEB.LE-PRE\" src=\"https:\/\/diarioelpopular.com\/wp-content\/uploads\/2013\/02\/WEB.LE-PRE.jpg\" alt=\"\" width=\"700\" height=\"420\" \/><\/a><p id=\"caption-attachment-444651\" class=\"wp-caption-text\">Charles Berling y Patrick Bruel en WHAT\u2019S IN A NAME?<\/p><\/div>\n<p>&nbsp;<\/p>\n<p><strong>VIDEO<\/strong><\/p>\n<p align=\"center\"><strong>\u00a0<\/strong><strong>WHAT\u2019S IN A NAME? <\/strong>(<strong>Le pr\u00e9nom<\/strong>). Francia, 2012. Direcci\u00f3n: Alexandre de La Patelli\u00e8re y Matthieu Delaporte. Distribuci\u00f3n: Entertainment One (2013)<\/p>\n<p>En base a la exitosa obra teatral de Matthieu Delaporte, este film por \u00e9l realizado junto a Alexandre de La Patelli\u00e8re trata de lograr la risa de la audiencia a trav\u00e9s de un hecho anodino y pintoresco como lo es la elecci\u00f3n del nombre de un futuro beb\u00e9.<\/p>\n<p>Vincent (Patrick Bruel), un exitoso hombre de negocios, es invitado junto con su esposa Anna (Judith El Zein) a cenar a la casa de su hermana Elizabeth (Val\u00e9rie Benguigui) y de su cu\u00f1ado Pierre (Charles Berling); un tercer invitado es Claude (Guillaume de Tonquedec), un m\u00fasico amigo de infancia de la familia. El motivo de la reuni\u00f3n es celebrar la futura paternidad de Vincent y Anna.<\/p>\n<p>Lo que promete ser una agradable reuni\u00f3n de amigos desemboca en algo muy diferente cuando al pregunt\u00e1rsele el nombre que tendr\u00e1 la criatura por nacer, Vincent responde que se llamar\u00e1 Adolphe y\u00a0 que fon\u00e9ticamente se pronuncia Adolf. Los anfitriones, no pueden disimular el espanto que les produce el hecho de que el futuro sobrino portar\u00e1 el mismo nombre que Adolfo Hitler.<\/p>\n<p>El nombre es la excusa para que se genere una discusi\u00f3n ca\u00f3tica entre los miembros del grupo \u00a0en donde las emociones no pueden ser controladas y los trapitos sucios comienzan a surgir por arte de magia; as\u00ed, las \u00a0frustraciones, los resentimientos no confesados hasta ese momento y algunas revelaciones perturbadoras con verdades no f\u00e1ciles de admitir convierten a los comensales en protagonistas de una guerra sin cuartel.<\/p>\n<p>Si bien la pieza teatral es en esencia una hilarante comedia \u00e1cida, la versi\u00f3n cinematogr\u00e1fica no alcanza el mismo impacto porque su poca inspirada adaptaci\u00f3n la transforma en teatro filmado sin alcanzar un ritmo fluido; con todo, su eficiente reparto y algunos buenos di\u00e1logos permiten que el film se aprecie como un moderado entretenimiento.<\/p>\n<p>Carente de material adicional, el DVD se presenta en la versi\u00f3n original francesa o\u00a0 doblada al ingl\u00e9s. Subt\u00edtulos opcionales en ingl\u00e9s.<\/p>\n","protected":false},"excerpt":{"rendered":"<p> El cine alem\u00e1n vuelve a revivir las vicisitudes atravesadas por la gente de Alemania Oriental durante la d\u00e9cada del 80, poco antes de la ca\u00edda del muro de Berl\u00edn.<\/p>\n","protected":false},"author":1,"featured_media":444648,"comment_status":"open","ping_status":"open","sticky":false,"template":"","format":"standard","meta":{"footnotes":""},"categories":[21,81,434],"tags":[9907,2202,2442,2499],"class_list":["post-444647","post","type-post","status-publish","format-standard","has-post-thumbnail","hentry","category-canada","category-columnistas","category-hablemos-de-cine","tag-barbara","tag-cine-3","tag-de","tag-hablemos"],"_links":{"self":[{"href":"https:\/\/diarioelpopular.com\/index.php\/wp-json\/wp\/v2\/posts\/444647","targetHints":{"allow":["GET"]}}],"collection":[{"href":"https:\/\/diarioelpopular.com\/index.php\/wp-json\/wp\/v2\/posts"}],"about":[{"href":"https:\/\/diarioelpopular.com\/index.php\/wp-json\/wp\/v2\/types\/post"}],"author":[{"embeddable":true,"href":"https:\/\/diarioelpopular.com\/index.php\/wp-json\/wp\/v2\/users\/1"}],"replies":[{"embeddable":true,"href":"https:\/\/diarioelpopular.com\/index.php\/wp-json\/wp\/v2\/comments?post=444647"}],"version-history":[{"count":0,"href":"https:\/\/diarioelpopular.com\/index.php\/wp-json\/wp\/v2\/posts\/444647\/revisions"}],"wp:featuredmedia":[{"embeddable":true,"href":"https:\/\/diarioelpopular.com\/index.php\/wp-json\/"}],"wp:attachment":[{"href":"https:\/\/diarioelpopular.com\/index.php\/wp-json\/wp\/v2\/media?parent=444647"}],"wp:term":[{"taxonomy":"category","embeddable":true,"href":"https:\/\/diarioelpopular.com\/index.php\/wp-json\/wp\/v2\/categories?post=444647"},{"taxonomy":"post_tag","embeddable":true,"href":"https:\/\/diarioelpopular.com\/index.php\/wp-json\/wp\/v2\/tags?post=444647"}],"curies":[{"name":"wp","href":"https:\/\/api.w.org\/{rel}","templated":true}]}}