{"id":445489,"date":"2013-03-01T10:31:08","date_gmt":"2013-03-01T15:31:08","guid":{"rendered":"http:\/\/diarioelpopular.com\/?p=445489"},"modified":"2013-06-17T18:30:08","modified_gmt":"2013-06-17T22:30:08","slug":"hablemos-de-cine-44","status":"publish","type":"post","link":"https:\/\/diarioelpopular.com\/index.php\/2013\/03\/01\/hablemos-de-cine-44\/","title":{"rendered":"HABLEMOS DE CINE"},"content":{"rendered":"<div id=\"attachment_445490\" style=\"width: 710px\" class=\"wp-caption aligncenter\"><a href=\"https:\/\/diarioelpopular.com\/wp-content\/uploads\/2013\/02\/web.the-gate.jpg\"><img loading=\"lazy\" decoding=\"async\" aria-describedby=\"caption-attachment-445490\" class=\"size-full wp-image-445490\" title=\"web.the-gate\" src=\"https:\/\/diarioelpopular.com\/wp-content\/uploads\/2013\/02\/web.the-gate.jpg\" alt=\"\" width=\"700\" height=\"420\" \/><\/a><p id=\"caption-attachment-445490\" class=\"wp-caption-text\">Los seis ex directores del Shin Bet protagonistas de THE GTATEKEEPERS<\/p><\/div>\n<p align=\"center\"><strong>Por Jorge Gutman<\/strong><\/p>\n<p>Bajo cualquier \u00e1ngulo que se lo analice, este documental es audaz, sorprendente y absolutamente cautivante al referirse a un tema \u00e1lgido que preocupa a Israel, a sus vecinos y al mundo entero. No resulta frecuente que personajes como los protagonistas de este relato suelan efectuar declaraciones tan honestas como crudas que llegan a asombrar porque su contenido pertenecen nada m\u00e1s ni nada menos que a quienes tuvieron como delicada misi\u00f3n la de resguardar la seguridad interna y externa de Israel; as\u00ed tambi\u00e9n es loable c\u00f3mo el realizador israel\u00ed Dror Moreh con la colaboraci\u00f3n del editor Oron Adar, logr\u00f3 que <strong>The Gatekeepers <\/strong>se convierta en un documento esclarecedor, altamente relevante y f\u00e1cilmente accesible al p\u00fablico espectador.<\/p>\n<p>Lo que lo distingue de otros trabajos similares es que este film es analizado desde la perspectiva singular de\u00a0 seis ex directores del Shin Bet &#8211; agencia del Servicio de Seguridad de Israel-\u00a0 a saber: Avraham Shalom, Yaakov Peri, Carmi Gillon, Ami Ayalon, Avi Dichter y Yuval Diskin quienes ejercieron sus funciones en diferentes per\u00edodos entre 1980 y 2011.<\/p>\n<p>El\u00a0 documental pasa revista al dram\u00e1tico y sangriento conflicto existente entre israel\u00edes y palestinos comenzando con la Guerra de los Seis D\u00edas de 1967 y la consiguiente ocupaci\u00f3n israel\u00ed de los territorios palestinos y haciendo referencia a algunos otros acontecimientos que se produjeron posteriormente; entre los mismos figuran el\u00a0 conocido asesinato de los terroristas que fueron capturados despu\u00e9s del secuestro de un autob\u00fas en su ruta de Tel Aviv a Ashkelon en 1984, el surgimiento de la primera Intifada, los Acuerdos de Oslo de 1993 entre el gobierno de Israel y la OLP alentando\u00a0 grandes esperanzas de paz,\u00a0 el asesinato del Primer Ministro Yitzhak Rabin en 1995 por un fan\u00e1tico jud\u00edo de la derecha radical israel\u00ed, las negociaciones de Ehud Barak y Yasser Arafat de Camp David en 2000 que hab\u00edan sido auspiciadas por el presidente Clinton, los atentados de los m\u00e1rtires suicidas palestinos hasta llegar al momento actual de estancamiento entre las partes en pugna.<\/p>\n<p>Sin \u00a0ofrecer excusas o disculpas de ninguna clase, los entrevistados \u2013siempre actuando bajo la autoridad del Primer Ministro- no han tenido empacho alguno en se\u00f1alar que han utilizado la fuerza para exterminar a los enemigos indicados por el gobierno as\u00ed como no hubo titubeos en hacer referencia a la controversial pr\u00e1ctica de \u201cseleccionados asesinatos\u201d de los prisioneros capturados. Todo ello crea una cierta sensaci\u00f3n de incomodidad para quienes los est\u00e1n escuchando, al tener que ponderar hasta qu\u00e9 punto las discutibles t\u00e9cnicas de interrogaci\u00f3n, los asesinatos realizados y las pr\u00e1cticas de torturas para sonsacar informaci\u00f3n eran necesarios para defender la vida de los israel\u00edes, dejando a un costado las connotaciones morales, \u00e9ticas y legales\u00a0 de estas acciones.<\/p>\n<p>Adem\u00e1s de haber reunido importante material de archivo, lo m\u00e1s importante del film es que el director haya logrado entrevistar a estas figuras claves y que sin tomar posici\u00f3n alguna, los dejara en completa libertad de acci\u00f3n para que los entrevistados manifiesten sus puntos de vista en funci\u00f3n de la experiencia reunida en el ejercicio de sus funciones. En tal sentido, impresiona la inmutabilidad de sus rostros como queriendo no reflejar\u00a0 emoci\u00f3n alguna en las manifestaciones realizadas, as\u00ed como la franqueza y\u00a0 sinceridad de sus opiniones.<\/p>\n<p>Ahora bien, si el documental arroja alg\u00fan mensaje eso debe encontrarse en su parte final donde todo este confesionario conduce a un desenlace inesperado. Aunque queda claro que ninguno de los entrevistados guarda simpat\u00eda alguna con sus colegas palestinos, lo cierto es que con menores diferencias los seis exdirectores coinciden en afirmar que el dominio de los territorios ocupados y el establecimiento de nuevos asentamientos israel\u00edes\u00a0 no ha proporcionado\u00a0 ning\u00fan beneficio a Israel; por otra parte el uso de la\u00a0 fuerza militar ha fracasado al no haber ofrecido resultados positivos\u00a0 y que tampoco creen\u00a0 que se lograr\u00e1 en el futuro. En consecuencia, la \u00fanica soluci\u00f3n que sustentan es que Israel debe reabrir las negociaciones de paz con los palestinos para lograr una convivencia pac\u00edfica donde puedan convivir dos estados: Israel y Palestina. En todo caso, el realizador de este film mantiene un marcado escepticismo porque cree que el conflicto ha llegado a un punto de no retorno.<\/p>\n<p><strong><em>Conclusi\u00f3n: Este es un s\u00f3lido y provocativo documento que trata de presentar en forma equilibrada una visi\u00f3n de lo que acontece en este infernal conflicto, a trav\u00e9s del \u00edntimo confesionario de individuos que estuvieron directamente involucrados en la\u00a0 feroz lucha entre israel\u00edes y palestinos y que ahora comprenden que el uso de la fuerza brutal o de la inacci\u00f3n a nada bueno conducir\u00e1 para el porvenir de Israel y sus vecinos palestinos.<\/em><\/strong><\/p>\n<div id=\"attachment_445492\" style=\"width: 710px\" class=\"wp-caption aligncenter\"><a href=\"https:\/\/diarioelpopular.com\/wp-content\/uploads\/2013\/02\/web.ernest1.jpg\"><img loading=\"lazy\" decoding=\"async\" aria-describedby=\"caption-attachment-445492\" class=\"size-full wp-image-445492\" title=\"web.ernest\" src=\"https:\/\/diarioelpopular.com\/wp-content\/uploads\/2013\/02\/web.ernest1.jpg\" alt=\"\" width=\"700\" height=\"420\" \/><\/a><p id=\"caption-attachment-445492\" class=\"wp-caption-text\">Una escena de la ratita y el oso en ERNEST ET CELESTINE<\/p><\/div>\n<p><strong><em><\/em><\/strong><strong>ERNEST ET C\u00c9LESTINE<\/strong><strong>. Francia-B\u00e9lgica-Luxemburgo, 2012. Un film de Benjamin Renner, St\u00e9phane Auber y Vincent Patar<\/strong><\/p>\n<p><strong>Este film de animaci\u00f3n es uno de los m\u00e1s logrados de los \u00faltimos tiempos. Toda vez que el cine toma prestado una obra literaria afronta el desaf\u00edo de lograr que la transposici\u00f3n a la pantalla respete el esp\u00edritu de la obra original. En tal sentido los responsables de este film han ganado la partida. Tanto el novel director franc\u00e9s Benjamin Renner como sus colegas belgas St\u00e9phane Auber y Vincent Patar -quienes son dos figuras emblem\u00e1ticas de la cultura de su pa\u00eds- demostraron tener la necesaria habilidad para que <\/strong><strong>Ernest et C\u00e9lestine <\/strong><strong>se convierta en una deliciosa f\u00e1bula de animaci\u00f3n,\u00a0\u00a0 capaz de atraer la atenci\u00f3n de grandes y chicos.<\/strong><\/p>\n<p><strong>La pel\u00edcula est\u00e1 basada en los libros infantiles creados por la\u00a0 desaparecida escritora e ilustradora Gabrielle Vincent y que gozaron de gran popularidad por un per\u00edodo de dos d\u00e9cadas. Para lograr que este \u00e9xito se reflejara cinematogr\u00e1ficamente se confi\u00f3 a Daniel Pennac la tarea de preparar un gui\u00f3n que conservara el mismo nivel de calidad que la de los trabajos elaborados por Vincent; en tal sentido, la escritura ha sido meticulosa y esmerada permitiendo que la sencilla trama narrada adquiriese resonancia.<\/strong><\/p>\n<p><strong>El cuento se centra en el v\u00ednculo que se habr\u00e1 de forjar entre Ernest, un gran oso r\u00fastico con afici\u00f3n a la m\u00fasica \u00a0y una avispada e inteligente ratita llamada C\u00e9lestine; como ser\u00eda natural suponer, en principio resulta improbable que pudiera producirse comunicaci\u00f3n alguna entre estas dos almas solitarias, pero la forma c\u00f3mo ambos se conocen y las circunstancias adversas que\u00a0 les toca vivir en conjunto permiten que surja entre ellos\u00a0 una\u00a0 amistad tan entra\u00f1able como convincente. <\/strong><\/p>\n<p><strong>Adem\u00e1s de la ternura que emana la narraci\u00f3n de esta f\u00e1bula, es necesario resaltar la labor de los realizadores al brindar una producci\u00f3n de excepcional nivel realzado por la excelencia de una animaci\u00f3n bell\u00edsima que visualmente despierta admiraci\u00f3n a trav\u00e9s de una t\u00e9cnica de l\u00e1piz y papel muy bien combinada. <\/strong><\/p>\n<p><strong>Tanto Lamber Wilson como Pauline Brunner prestando sus voces a la de los dos personajes principales constituyen otro acierto que prestigia al film. As\u00ed resulta sumamente sencillo sintonizar con el marginado oso de Ernest\u00a0 as\u00ed como con la simp\u00e1tica Celestine que prefiere ser artista antes que dedicarse a ser dentista para continuar con la tradici\u00f3n familiar.<\/strong><\/p>\n<p><strong><em>Conclusi\u00f3n: Bello y encantador film que constituye a la vez un buen tributo a su inspiradora\u00a0 Gabrielle Vincent; de haber seguido con vida ella lo habr\u00eda aprobado sin reparo alguno.<\/em><\/strong><\/p>\n<p align=\"center\"><strong>VIDEO<\/strong><\/p>\n<div id=\"attachment_445493\" style=\"width: 710px\" class=\"wp-caption aligncenter\"><a href=\"https:\/\/diarioelpopular.com\/wp-content\/uploads\/2013\/02\/web.ben_.jpg\"><img loading=\"lazy\" decoding=\"async\" aria-describedby=\"caption-attachment-445493\" class=\"size-full wp-image-445493\" title=\"web.ben\" src=\"https:\/\/diarioelpopular.com\/wp-content\/uploads\/2013\/02\/web.ben_.jpg\" alt=\"\" width=\"700\" height=\"420\" \/><\/a><p id=\"caption-attachment-445493\" class=\"wp-caption-text\">. Ben Affleck portando el Oscar de ARGO<\/p><\/div>\n<p><strong>ARGO<\/strong>. Estados Unidos, 2012. Direcci\u00f3n: Ben Affleck. Distribuci\u00f3n: Warner Bros (2013)<\/p>\n<p><strong>\u00a0<\/strong><\/p>\n<p>A pesar de que a\u00fan el film sigue en la cartelera, ya apareci\u00f3 el video de <strong>Argo<\/strong>, que a esta hora todo el mundo\u00a0 sabe que el domingo pasado ha obtenido el premio m\u00e1s prestigioso de la industria del cine; as\u00ed, con el Oscar a la mejor producci\u00f3n del a\u00f1o, esta pel\u00edcula ha hecho historia porque hace dos meses atr\u00e1s nadie habr\u00eda imaginado este desenlace; eso se debi\u00f3 a \u00a0que su\u00a0 director Ben Affleck no hab\u00eda sido nominado en su categor\u00eda y por lo general el premio al film y al mejor director siempre van de la mano. Pero en todo caso teniendo en cuenta que previamente al Oscar ya hab\u00eda recibido los honores de la prensa extranjera de Hollywood (Golden Globes), la de las asociaciones de productores, directores, actores y guionistas, adem\u00e1s de haber recibido las distinciones internacionales de Bafta de Gran Breta\u00f1a y C\u00e9sar de Francia, <strong>Argo <\/strong>era n\u00famero fijo para el Oscar y as\u00ed result\u00f3.<\/p>\n<p>Como ya se\u00f1al\u00f3 EL POPULAR\u00a0 en oportunidad de su estreno en el mes de octubre pasado, la pel\u00edcula se basa en la crisis de los rehenes americanos que se origin\u00f3 con \u00a0el asalto armado que estudiantes activistas efectuaron en la embajada de Estados Unidos en Ir\u00e1n\u00a0 el 4 de noviembre de 1979\u00a0 El film <strong>\u00a0<\/strong>es un muy buen thriller pol\u00edtico, expresado con inteligencia, sutileza y excelente humor, permitiendo que la genuina emoci\u00f3n del relato se traduzca en dos horas de eficaz entretenimiento.<\/p>\n<p>Para quien no lo haya visto en sala o\u00a0 desee volver a verlo en su hogar, la edici\u00f3n lanzada al mercado la semana pasada viene en combo con dos discos, uno para el formato\u00a0 Blu-Ray y el otro para el DVD, adem\u00e1s de la copia digital ultravioleta; igualmente, est\u00e1 disponible separadamente.<\/p>\n<p>Entre algunos de los materiales adicionales que acompa\u00f1an a la pel\u00edcula, en el formato DVD\u00a0 se incluye un corto de 16 minutos con declaraciones del agente especial de la CIA\u00a0 Tony M\u00e9ndez que fue el autor del\u00a0 audaz plan que permiti\u00f3 la repatriaci\u00f3n de los 6 empleados de la embajada de los Estados Unidos refugiados en la residencia del embajador canadiense en Teher\u00e1n, del presidente Jimmy Carter\u00a0 y de algunos de los protagonistas reales que al haber estado embarcados en esta odisea narran\u00a0 las dram\u00e1ticas experiencias que tuvieron que afrontar. En el formato Blu-ray se agregan otros cortos interesantes donde en uno de los mismos Affleck explica el modo en que fue recreada la crisis de los rehenes para ofrecer completa autenticidad al relato; en otro corto el realizador y M\u00e9ndez exponen detalles\u00a0 sobre c\u00f3mo se concibi\u00f3 la falsa pel\u00edcula de ciencia ficci\u00f3n; no menos interesante es el extenso documento contenido con comentarios adicionales de Affleck y del escritor Chris Terrio quien obtuvo el Oscar por el mejor gui\u00f3n adaptado.<\/p>\n<p>La transposici\u00f3n al video es pr\u00e1cticamente irreprochable con respecto a sonido e im\u00e1genes y resulta clara la reproducci\u00f3n de di\u00e1logos en las escenas ca\u00f3ticas y\/o\u00a0 de considerable multitud. La banda audio es en ingl\u00e9s y doblada al franc\u00e9s (Blu-Ray) como tambi\u00e9n al espa\u00f1ol (DVD); \u00a0ambos formatos tienen subt\u00edtulos opcionales en espa\u00f1ol, franc\u00e9s e ingl\u00e9s.<\/p>\n<p>&nbsp;<\/p>\n","protected":false},"excerpt":{"rendered":"<p>Bajo cualquier \u00e1ngulo que se lo analice, este documental es audaz, sorprendente y absolutamente cautivante al referirse a un tema \u00e1lgido que preocupa a Israel, a sus vecinos y al mundo entero.<\/p>\n","protected":false},"author":1,"featured_media":445491,"comment_status":"open","ping_status":"open","sticky":false,"template":"","format":"standard","meta":{"footnotes":""},"categories":[21,80,81,434],"tags":[2202,2442,2499],"class_list":["post-445489","post","type-post","status-publish","format-standard","has-post-thumbnail","hentry","category-canada","category-cine-2","category-columnistas","category-hablemos-de-cine","tag-cine-3","tag-de","tag-hablemos"],"_links":{"self":[{"href":"https:\/\/diarioelpopular.com\/index.php\/wp-json\/wp\/v2\/posts\/445489","targetHints":{"allow":["GET"]}}],"collection":[{"href":"https:\/\/diarioelpopular.com\/index.php\/wp-json\/wp\/v2\/posts"}],"about":[{"href":"https:\/\/diarioelpopular.com\/index.php\/wp-json\/wp\/v2\/types\/post"}],"author":[{"embeddable":true,"href":"https:\/\/diarioelpopular.com\/index.php\/wp-json\/wp\/v2\/users\/1"}],"replies":[{"embeddable":true,"href":"https:\/\/diarioelpopular.com\/index.php\/wp-json\/wp\/v2\/comments?post=445489"}],"version-history":[{"count":2,"href":"https:\/\/diarioelpopular.com\/index.php\/wp-json\/wp\/v2\/posts\/445489\/revisions"}],"predecessor-version":[{"id":451444,"href":"https:\/\/diarioelpopular.com\/index.php\/wp-json\/wp\/v2\/posts\/445489\/revisions\/451444"}],"wp:featuredmedia":[{"embeddable":true,"href":"https:\/\/diarioelpopular.com\/index.php\/wp-json\/"}],"wp:attachment":[{"href":"https:\/\/diarioelpopular.com\/index.php\/wp-json\/wp\/v2\/media?parent=445489"}],"wp:term":[{"taxonomy":"category","embeddable":true,"href":"https:\/\/diarioelpopular.com\/index.php\/wp-json\/wp\/v2\/categories?post=445489"},{"taxonomy":"post_tag","embeddable":true,"href":"https:\/\/diarioelpopular.com\/index.php\/wp-json\/wp\/v2\/tags?post=445489"}],"curies":[{"name":"wp","href":"https:\/\/api.w.org\/{rel}","templated":true}]}}