{"id":446842,"date":"2013-03-11T15:49:06","date_gmt":"2013-03-11T19:49:06","guid":{"rendered":"http:\/\/diarioelpopular.com\/?p=446842"},"modified":"2013-03-11T15:49:06","modified_gmt":"2013-03-11T19:49:06","slug":"este-martes-comienza-el-segundo-conclave-del-siglo-xxi","status":"publish","type":"post","link":"https:\/\/diarioelpopular.com\/index.php\/2013\/03\/11\/este-martes-comienza-el-segundo-conclave-del-siglo-xxi\/","title":{"rendered":"Este martes comienza el segundo c\u00f3nclave del siglo XXI"},"content":{"rendered":"<p><a href=\"https:\/\/diarioelpopular.com\/wp-content\/uploads\/2013\/03\/web.1.conclave.jpg\"><img loading=\"lazy\" decoding=\"async\" class=\"aligncenter size-full wp-image-446843\" title=\"web.1.conclave\" src=\"https:\/\/diarioelpopular.com\/wp-content\/uploads\/2013\/03\/web.1.conclave.jpg\" alt=\"\" width=\"2000\" height=\"1296\" \/><\/a>Juan Lara<\/p>\n<div id=\"texto\">\n<div>\n<p><strong><em>Ciudad del Vaticano.-<\/em><\/strong> Un total de 115 cardenales procedentes de 50 pa\u00edses se encerrar\u00e1n a partir de este martes 12 de marzo, para elegir al 266papa\u00a0de la historia de la Iglesia, en el segundo c\u00f3nclave del tercer milenio que comienza sin un candidato favorito y en medio de la divisi\u00f3n de los purpurados.<\/p>\n<p>Los cardenales entrar\u00e1n en la Capilla Sixtina, lugar de la elecci\u00f3n, a la que Juan Pablo II llam\u00f3 &#8220;santuario de la teolog\u00eda del cuerpo humano&#8221;, a las 16.30 horas local (15.30 GMT) y tras las letan\u00eda y el canto del &#8220;Veni Creator Spiritus&#8221;, con el que invocar\u00e1n la ayuda del Esp\u00edritu Santo, proceder\u00e1n al juramento por el que se comprometer\u00e1n a mantener el secreto de todo lo que se diga o haga.<\/p>\n<p>Tambi\u00e9n a defender fervientemente los derechos espirituales y temporales de la Iglesia en caso de salir elegido.<\/p>\n<p>Despu\u00e9s, el Maestro de Ceremonias Pontificias, Guido Marini, pronunciar\u00e1 la frase &#8220;extra omnes&#8221; y todos los ajenos al c\u00f3nclave saldr\u00e1n de la capilla.<\/p>\n<p>Antes de comenzar a votar est\u00e1 prevista una meditaci\u00f3n por parte del anciano cardenal malt\u00e9s octogenario Prosper Grech, sobre los problemas de la Iglesia y la elecci\u00f3n del\u00a0Papa.<\/p>\n<p>Despu\u00e9s se proceder\u00e1 a votar, aunque no es obligatorio en esa primera jornada.<\/p>\n<p>No obstante, seg\u00fan el esquema facilitado por el Vaticano ya este mismo martes se proceder\u00e1 a la primera votaci\u00f3n y habr\u00e1 primera &#8220;fumata&#8221;, el humo que anuncia al mundo si hay o no\u00a0papa. Si hay pont\u00edfice es blanco y en caso contrario negro.<\/p>\n<p>El portavoz vaticano, Federico Lombardi, dijo que lo que se espera, como es normal, en esa primera votaci\u00f3n es que salga &#8220;fumata negra&#8221;.<\/p>\n<p>Si es as\u00ed, para este mi\u00e9rcoles, 13 de marzo, est\u00e1n previstas dos votaciones por la ma\u00f1ana y otras dos por la tarde.<\/p>\n<p>Para ser elegido\u00a0Papa\u00a0es necesario alcanzar dos tercios de los votos de los cardenales electores en todas las votaciones. Al ser 115, se necesitar\u00e1n 77 votos.<\/p>\n<p>Benedicto XVI fue elegido el 19 de marzo de 2005 en la cuarta votaci\u00f3n; Juan Pablo II el 16 de octubre de 1978 en la octava y Juan Pablo I el 26 de agosto de 1978 en la cuarta.<\/p>\n<p>Sobre cu\u00e1nto tiempo durar\u00e1 el c\u00f3nclave, ning\u00fan cardenal se atreve a responder, aunque una gran mayor\u00eda espera que sea breve.<\/p>\n<p>Lombardi resalt\u00f3 que los \u00faltimos c\u00f3nclaves han durado dos, tres o cuatro d\u00edas, es decir han sido breves. Un c\u00f3nclave que durase muchos m\u00e1s d\u00edas pondr\u00eda en evidencia -subray\u00f3- &#8220;una situaci\u00f3n bloqueada, una falta de consenso, aunque no hay motivos para pensar que se pueda llegar a esa situaci\u00f3n&#8221;.<\/p>\n<p>El c\u00f3nclave se celebra sin que destaque un candidato fuerte, aunque todas las miradas est\u00e1n puestas en purpurados de iglesias din\u00e1micas y j\u00f3venes, como la africana y la latinoamericana y son muchos los que aseguran que el futuro\u00a0papa\u00a0no ser\u00e1 italiano, debido al lastre del esc\u00e1ndalo &#8220;Vatileaks&#8221;.<\/p>\n<p>Seg\u00fan los observadores vaticanos, hay una fuerte fragmentaci\u00f3n en el Colegio Cardenalicio e incluso grupos fuertes, como son tradicionalmente los italianos, est\u00e1n divididos.<\/p>\n<p>En los d\u00edas previos, los &#8220;papables&#8221; que m\u00e1s suenan son el italiano Angelo Scola, de 71 a\u00f1os, arzobispo de Mil\u00e1n; el brasile\u00f1o Pedro Odilo Scherer, de 63 a\u00f1os, arzobispo de Sao Paulo; el canadiense Marc Ouellet, de 69 a\u00f1os, y el arzobispo de Boston, el capuchino Sean O&#8217;Malley.<\/p>\n<p>Este martes por la ma\u00f1ana, antes del ingreso en la capilla Sixtina, los cardenales concelebrar\u00e1n a las diez (09.00 GMT) en la bas\u00edlica de San Pedro la misa votiva &#8220;Pro eligendo Pontifice&#8221;.<\/p>\n<p>La oficiar\u00e1 el cardenal decano, Angelo Sodano, que al tener 85 a\u00f1os, no podr\u00e1 entrar en la Sixtina y tampoco podr\u00e1 preguntar al elegido si acepta ser\u00a0papa. Tampoco podr\u00e1 hacerlo el vicedecano, el cardenal franc\u00e9s Roger Etchegary, que tambi\u00e9n es octogenario. El turno pasar\u00e1 al cardenal Giovanni Battista Re, que si es elector.<\/p>\n<p>Durante el c\u00f3nclave, los cardenales se alojar\u00e1n en la Residencia Santa Marta, dentro del Vaticano, desde la que ser\u00e1n trasladados todos los d\u00edas hasta la Capilla Sixtina. La distancia es de un kil\u00f3metro y los purpurados que lo desean la podr\u00e1n hacer a pie, los otros ser\u00e1n llevados en autob\u00fas.<\/p>\n<p>El Vaticano garantizar\u00e1 que durante el c\u00f3nclave estar\u00e1n aislados, para ello no se permitir\u00e1 a nadie que se les acerque y las zonas por donde pasen, entre ellas los accesos al patio de San D\u00e1maso, que lleva a la Capilla Sixtina, estar\u00e1n precintados.<\/p>\n<p>En la Sixtina todo est\u00e1 ya a punto: las doce mesas en las que se sentar\u00e1n los 115 cardenales, la mesa donde se recoger\u00e1n las papeletas, el atril con el Evangelio donde jurar\u00e1n los cardenales y la estufa desde la que saldr\u00e1n las &#8220;fumatas&#8221;.<\/p>\n<p>Para garantizar el secretismo, especialistas de la Gendarmer\u00eda Vaticana han hecho estrictos controles para que en la capilla no sean instalados medios audiovisuales de grabaci\u00f3n y trasmisi\u00f3n exterior, como establece la normativa vaticana.<\/p>\n<p>Poco antes de que comience el c\u00f3nclave se har\u00e1 un &#8220;barrido electr\u00f3nico&#8221; para garantizar la incomunicaci\u00f3n de los purpurados con el exterior.<\/p>\n<\/div>\n<\/div>\n","protected":false},"excerpt":{"rendered":"<p>Un total de 115 cardenales procedentes de 50 pa\u00edses se encerrar\u00e1n a partir de este martes12 de marzo, para elegir al 266papa de la historia de la Iglesia.<\/p>\n","protected":false},"author":1,"featured_media":446843,"comment_status":"open","ping_status":"open","sticky":false,"template":"","format":"standard","meta":{"footnotes":""},"categories":[24],"tags":[10131,10132,2696,2515,4037,10133,10134,10135,10136],"class_list":["post-446842","post","type-post","status-publish","format-standard","has-post-thumbnail","hentry","category-mundo","tag-comienza","tag-conclave","tag-del","tag-el","tag-este","tag-martes","tag-segundo","tag-siglo","tag-xxi"],"_links":{"self":[{"href":"https:\/\/diarioelpopular.com\/index.php\/wp-json\/wp\/v2\/posts\/446842","targetHints":{"allow":["GET"]}}],"collection":[{"href":"https:\/\/diarioelpopular.com\/index.php\/wp-json\/wp\/v2\/posts"}],"about":[{"href":"https:\/\/diarioelpopular.com\/index.php\/wp-json\/wp\/v2\/types\/post"}],"author":[{"embeddable":true,"href":"https:\/\/diarioelpopular.com\/index.php\/wp-json\/wp\/v2\/users\/1"}],"replies":[{"embeddable":true,"href":"https:\/\/diarioelpopular.com\/index.php\/wp-json\/wp\/v2\/comments?post=446842"}],"version-history":[{"count":0,"href":"https:\/\/diarioelpopular.com\/index.php\/wp-json\/wp\/v2\/posts\/446842\/revisions"}],"wp:featuredmedia":[{"embeddable":true,"href":"https:\/\/diarioelpopular.com\/index.php\/wp-json\/"}],"wp:attachment":[{"href":"https:\/\/diarioelpopular.com\/index.php\/wp-json\/wp\/v2\/media?parent=446842"}],"wp:term":[{"taxonomy":"category","embeddable":true,"href":"https:\/\/diarioelpopular.com\/index.php\/wp-json\/wp\/v2\/categories?post=446842"},{"taxonomy":"post_tag","embeddable":true,"href":"https:\/\/diarioelpopular.com\/index.php\/wp-json\/wp\/v2\/tags?post=446842"}],"curies":[{"name":"wp","href":"https:\/\/api.w.org\/{rel}","templated":true}]}}