{"id":447062,"date":"2013-03-13T14:53:28","date_gmt":"2013-03-13T18:53:28","guid":{"rendered":"http:\/\/diarioelpopular.com\/?p=447062"},"modified":"2013-03-13T14:53:28","modified_gmt":"2013-03-13T18:53:28","slug":"la-iglesia-catolica-ya-tiene-nuevo-papa","status":"publish","type":"post","link":"https:\/\/diarioelpopular.com\/index.php\/2013\/03\/13\/la-iglesia-catolica-ya-tiene-nuevo-papa\/","title":{"rendered":"El cardenal argentino Jorge Mario Bergoglio ha sido elegido nuevo Papa"},"content":{"rendered":"<div id=\"attachment_447067\" style=\"width: 780px\" class=\"wp-caption aligncenter\"><a href=\"https:\/\/diarioelpopular.com\/wp-content\/uploads\/2013\/03\/web.Cardenal-Jorge-Mario-Bergoglio-Buenos_TINIMA20130219_1018_5.jpg\"><img loading=\"lazy\" decoding=\"async\" aria-describedby=\"caption-attachment-447067\" class=\"size-full wp-image-447067\" title=\"web.Cardenal-Jorge-Mario-Bergoglio-Buenos_TINIMA20130219_1018_5\" src=\"https:\/\/diarioelpopular.com\/wp-content\/uploads\/2013\/03\/web.Cardenal-Jorge-Mario-Bergoglio-Buenos_TINIMA20130219_1018_5.jpg\" alt=\"\" width=\"770\" height=\"480\" \/><\/a><p id=\"caption-attachment-447067\" class=\"wp-caption-text\">El nuevo pont\u00edfice, jesuita de 76 a\u00f1os, es el 266 Papa de la Iglesia Cat\u00f3lica y el primero de Am\u00e9rica Latina.<\/p><\/div>\n<p><strong><em>Ciudad del Vaticano.-<\/em><\/strong> El cardenal argentino Jorge Mario Bergoglio ha sido elegido Papa y ha escogido el nombre de Francisco.<\/p>\n<div id=\"texto\">\n<div>\n<p>El nuevo pont\u00edfice, jesuita de 76 a\u00f1os, es el 266 Papa de la Iglesia Cat\u00f3lica y el primero de Am\u00e9rica Latina.<\/p>\n<p>Sucede a Benedicto XVI, quien renunci\u00f3 el pasado febrero.<\/p>\n<p>El anuncio de la elecci\u00f3n del 266 papa de la historia de la Iglesia lo hizo el primer cardenal de los di\u00e1conos (el Protodi\u00e1cono), el franc\u00e9s Jean Louis Tauran.<\/p>\n<p>El nuevo pont\u00edfice fue el segundo m\u00e1s votado en el c\u00f3nclave de 2005, en el que fue elegido el alem\u00e1n Joseph Ratzinger, Benedicto XVI.<\/p>\n<\/div>\n<\/div>\n<p><strong><em>La reforma de la curia, entre los retos del papa Francisco<\/em><\/strong><\/p>\n<div id=\"texto\">\n<div>\n<p>Juan Lara<\/p>\n<p>Ciudad del Vaticano.- El papa Francisco tiene que afrontar importantes retos dentro de la Iglesia, como son una mayor colegialidad, la reforma de la curia, para hacerla m\u00e1s eficaz y transparente, y potenciar la nueva evangelizaci\u00f3n en un mundo cada vez secularizado.<\/p>\n<p>El pont\u00edfice debe proseguir con el desarrollo del Concilio Vaticano II, que no est\u00e1 agotado, y potenciar el ecumenismo en aras de la unidad de los cristianos.<\/p>\n<p>Debe afrontar, asimismo, los casos de cl\u00e9rigos pederastas, siguiendo las l\u00edneas de tolerancia cero adoptada por Benedicto XVI, la escasez de vocaciones, el celibato sacerdotal, una mayor presencia de la mujer en las instituciones de la Iglesia y la mejora de las relaciones con el Islam y, sobre todo, con los jud\u00edos.<\/p>\n<p>En un mundo cada vez m\u00e1s secularizado, donde la religi\u00f3n, como denunci\u00f3 en numerosas ocasiones el papa Ratzinger, se pretende relegar al \u00e1mbito privado, el 266 sucesor de san Pedro tiene que trazar las l\u00edneas para recuperar ese espacio y contar con una mayor participaci\u00f3n laica.<\/p>\n<p>La descristianizaci\u00f3n de Occidente, sobre todo de Europa, llev\u00f3 a Benedicto XVI a crear un dicasterio para la Nueva Evangelizaci\u00f3n y para ello convoc\u00f3 un s\u00ednodo de obispos.<\/p>\n<p>El papa Francisco debe canalizar las propuestas de los prelados, entre ellas una catequesis adecuada y el uso de nuevos lenguajes para mostrar a Cristo.<\/p>\n<p>La Iglesia que se encuentra tiene pendiente el asunto de la colegialidad, es decir la relaci\u00f3n entre la Curia y los episcopados nacionales, uno de los puntos que quedaron sin resolver en el papado anterior.<\/p>\n<p>Numerosos obispos consideran que hay que potenciar el gobierno com\u00fan de la Iglesia y aumentar las atribuciones de las conferencias episcopales, mientras que en la curia vaticana son muchos los que piensan que debe prevalecer el Gobierno central de la Iglesia.<\/p>\n<p>El camino hacia la colegialidad es largo y seg\u00fan el te\u00f3logo heterodoxo Hans Kung, Roma sigue exhibiendo una Iglesia fuerte, absolutista, que re\u00fane en sus manos los poderes legislativos, ejecutivos y judicial, que no tiene en cuenta la universalidad de la misma.<\/p>\n<p>La reforma de la curia romana es urgente, sobre todo tras estallar el esc\u00e1ndalo Vatileaks, que desvel\u00f3 intrigas y enfrentamientos en la curia, y tras comprobarse como no funcion\u00f3 cuando Benedicto XVI levant\u00f3 la excomuni\u00f3n al obispo lefebvriano Richard Williamson, cuando era conocido su negacionismo del Holocausto, y \u00e9l lo desconoc\u00eda.<\/p>\n<p>Otro punto es la escasez de vocaciones y la consiguiente disminuci\u00f3n de sacerdotes. Cada d\u00eda hay m\u00e1s parroquias sin sacerdotes y \u00e9stos tienen que cubrir varios pueblos.<\/p>\n<p>Ante este problema, vuelve a surgir el asunto del celibato.<\/p>\n<p>Benedicto XVI defendi\u00f3 el celibato sacerdotal y mantuvo cerradas las puertas del sacerdocio a los homosexuales, aunque concedi\u00f3 m\u00e1s dispensas que su predecesor a cl\u00e9rigos para que se casasen.<\/p>\n<p>El papel de la mujer es otro punto pendiente. Benedicto XVI, como Juan Pablo II, resalt\u00f3 en numerosas ocasiones la labor de la mujer, pero ah\u00ed qued\u00f3 e insisti\u00f3 en que no puede ser ordenada sacerdote.<\/p>\n<p>Visto que no parece que los tiempos est\u00e9n maduros para el sacerdocio femenino, las mujeres exigen una mayor participaci\u00f3n en las tareas de la parroquia, al igual que los laicos.<\/p>\n<p>Otro problema pendiente es la admisi\u00f3n a los sacramentos de los cat\u00f3licos divorciados y que se han vuelto a casar.<\/p>\n<p>Seg\u00fan el Consejo Pontificio para los Textos Legislativos esa prohibici\u00f3n es &#8220;ley divina&#8221;, es decir que ni siquiera la Iglesia puede modificar.<\/p>\n<p>La moral sexual es otro punto candente. La Iglesia es contraria a las relaciones prematrimoniales y al uso de anticonceptivos.Tambi\u00e9n rechaza el uso de preservativos contra el sida y considera la homosexualidad como una desviaci\u00f3n.<\/p>\n<p>Las relaciones con el Islam sufrieron un retroceso con Benedicto XVI, tras recoger en un discurso la cita del emperador bizantino Manuel II Pale\u00f3logo &#8220;Mahoma no hab\u00eda tra\u00eddo nada novedoso excepto la orden de extender la fe mediante la espada&#8221;.<\/p>\n<p>Con los jud\u00edos las relaciones se deterioraron tras la decisi\u00f3n de Benedicto XVI de revocar la excomuni\u00f3n al obispo que niega el Holocausto jud\u00edo, tras declarar &#8220;Venerable&#8221; -primer paso a la santidad- a P\u00edo XII, al que acusan de haber callado ante el Holocausto, y la recuperaci\u00f3n de la plegaria del Viernes Santo en la que se ped\u00eda, antes del Concilio Vaticano, la &#8220;conversi\u00f3n&#8221; de los jud\u00edos.<\/p>\n<p>El papa Francisco debe proseguir, por expreso deseo de Benedicto XVI, las negociaciones con los lefebvrianos, que desataron un cisma en 1988, al ordenar a cuatro obispos sin el permiso del pont\u00edfice y que no reconocen el Concilio Vaticano II.<\/p>\n<p>Tambi\u00e9n tiene que seguir el camino de Benedicto XVI en defensa de la naturaleza. Ratzinger ha sido uno de los pont\u00edfices que ha mostrado mayor sensibilidad por la ecolog\u00eda, denunciando la erosi\u00f3n, la deforestaci\u00f3n, el expolio de los recursos minerales y de los oc\u00e9anos.<\/p>\n<p>(Biograf\u00eda)<\/p>\n<p><strong><em>Jorge Mario Bergoglio, el cardenal argentino que ser\u00e1 el papa Francisco I<\/em><\/strong><\/p>\n<div id=\"texto\">\n<div>\n<p>Ciudad del Vaticano.- El cardenal argentino Jorge Mario Bergoglio, arzobispo de Buenos Aires, se convirti\u00f3 en el pont\u00edfice n\u00famero 266 de la Iglesia Cat\u00f3lica, en sustituci\u00f3n del ya papa em\u00e9rito Benedicto XVI, quien hizo efectiva su renuncia el pasado 28 de febrero.<\/p>\n<p>Bergoglio naci\u00f3 el 17 de diciembre de 1936 en la capital argentina, en el seno de un matrimonio de italianos formado por Mario Bergoglio, un empleado ferroviario, y Regina.<\/p>\n<p>Creci\u00f3 en la capital argentina y fue ah\u00ed donde comenz\u00f3 a estudiar y se diplom\u00f3 como t\u00e9cnico qu\u00edmico, pero poco despu\u00e9s eligi\u00f3 el sacerdocio, decisi\u00f3n que le hizo acceder al seminario del barrio bonaerense Villa Devoto.<\/p>\n<p>En 1958 comenz\u00f3 el noviciado en la Compa\u00f1\u00eda de Jes\u00fas, por lo que se traslad\u00f3 a Santiago de Chile, donde llev\u00f3 a cabo estudios human\u00edsticos, y en 1964 regres\u00f3 a Buenos Aires para dedicarse a la docencia de Literatura y Psicolog\u00eda en el colegio de El Salvador.<\/p>\n<p>Curs\u00f3 estudios de Teolog\u00eda entre 1967 y 1970 en la Facultad de Teolog\u00eda del colegio de San Jos\u00e9, en San Miguel de Tucum\u00e1n (norte de Argentina).<\/p>\n<p>Su sacerdocio comenz\u00f3 el 13 de diciembre de 1969, a\u00f1o en el que se desplaz\u00f3 a Espa\u00f1a para cumplir su tercer &#8220;probandato&#8221; (periodo que sirve para preparar intelectualmente a los j\u00f3venes sacerdotes) en la Universidad Alcal\u00e1 de Henares de Madrid.<\/p>\n<p>La docencia desempe\u00f1\u00f3 un papel muy importante en la biograf\u00eda del cardenal Bergoglio, ya que imparti\u00f3 lecciones en multitud de colegios, seminarios y facultades.<\/p>\n<p>En 1972 regres\u00f3 a Argentina, despu\u00e9s de su \u00e9poca en Espa\u00f1a, para comenzar como maestro de novicios en Villa Barilari, en la localidad de San Miguel, al norte del pa\u00eds.<\/p>\n<p>Adem\u00e1s, entre 1980 y 1986, fue profesor en la Facultad de Teolog\u00eda de San Miguel y rector del colegio m\u00e1ximo de la Facultad de Filosof\u00eda y Teolog\u00eda, cargos que comparti\u00f3 con el de p\u00e1rroco de la iglesia Patriarca San Jos\u00e9, tambi\u00e9n en la localidad de San Miguel.<\/p>\n<p>En 1986 regres\u00f3 a Europa, concretamente a Alemania para ultimar su tesis doctoral, pero fue trasladado a la ciudad de C\u00f3rdoba para ejercer como director espiritual y confesor de la Compa\u00f1\u00eda de Jes\u00fas.<\/p>\n<p>Su nombramiento como obispo lleg\u00f3 el 20 de mayo de 1992, cuando el papa Juan Pablo II le design\u00f3 obispo de la Di\u00f3cesis de Auca y obispo auxiliar de la di\u00f3cesis de Buenos Aires.<\/p>\n<p>Cinco a\u00f1os m\u00e1s tarde, en 1997, fue nombrado arzobispo coauditor de Buenos Aires y en 1998, tras la muerte del arzobispo y cardenal Quarracino, se convirti\u00f3 en el arzobispo de Buenos Aires.<\/p>\n<p>Bergoglio ha tenido una gran presencia en la Conferencia Episcopal Argentina, instituci\u00f3n que ha presidido durante seis a\u00f1os, de 2005 a 2011, y entre sus publicaciones m\u00e1s conocidas se encuentran &#8220;Meditaciones para religiosos&#8221; (1982), &#8220;Reflexiones sobre la vida apost\u00f3lica&#8221; (1986) y &#8220;Reflexiones de esperanza&#8221; (1992).<\/p>\n<p>El cardenal argentino, quien recibi\u00f3 la p\u00farpura de manos de Juan Pablo II el 21 de febrero de 2001, es miembro de la Congregaci\u00f3n para el Culto Divino y la Disciplina de los Sacramentos, del Consejo Pontificio por la Familia y de la Comisi\u00f3n Pontificia por Am\u00e9rica Latina.<\/p>\n<\/div>\n<\/div>\n<\/div>\n<\/div>\n","protected":false},"excerpt":{"rendered":"<p>El cardenal argentino Jorge Mario Bergoglio ha sido elegido hoy Papa y ha escogido el nombre de Francisco.<\/p>\n","protected":false},"author":1,"featured_media":447067,"comment_status":"open","ping_status":"open","sticky":false,"template":"","format":"standard","meta":{"footnotes":""},"categories":[24],"tags":[2711,7577,2611,2673,61,9913,10182],"class_list":["post-447062","post","type-post","status-publish","format-standard","has-post-thumbnail","hentry","category-mundo","tag-catolica","tag-iglesia","tag-la","tag-nuevo","tag-papa","tag-tiene","tag-ya"],"_links":{"self":[{"href":"https:\/\/diarioelpopular.com\/index.php\/wp-json\/wp\/v2\/posts\/447062","targetHints":{"allow":["GET"]}}],"collection":[{"href":"https:\/\/diarioelpopular.com\/index.php\/wp-json\/wp\/v2\/posts"}],"about":[{"href":"https:\/\/diarioelpopular.com\/index.php\/wp-json\/wp\/v2\/types\/post"}],"author":[{"embeddable":true,"href":"https:\/\/diarioelpopular.com\/index.php\/wp-json\/wp\/v2\/users\/1"}],"replies":[{"embeddable":true,"href":"https:\/\/diarioelpopular.com\/index.php\/wp-json\/wp\/v2\/comments?post=447062"}],"version-history":[{"count":0,"href":"https:\/\/diarioelpopular.com\/index.php\/wp-json\/wp\/v2\/posts\/447062\/revisions"}],"wp:featuredmedia":[{"embeddable":true,"href":"https:\/\/diarioelpopular.com\/index.php\/wp-json\/"}],"wp:attachment":[{"href":"https:\/\/diarioelpopular.com\/index.php\/wp-json\/wp\/v2\/media?parent=447062"}],"wp:term":[{"taxonomy":"category","embeddable":true,"href":"https:\/\/diarioelpopular.com\/index.php\/wp-json\/wp\/v2\/categories?post=447062"},{"taxonomy":"post_tag","embeddable":true,"href":"https:\/\/diarioelpopular.com\/index.php\/wp-json\/wp\/v2\/tags?post=447062"}],"curies":[{"name":"wp","href":"https:\/\/api.w.org\/{rel}","templated":true}]}}