{"id":4475,"date":"2011-07-11T22:13:55","date_gmt":"2011-07-12T02:13:55","guid":{"rendered":"http:\/\/retrolab.ca\/elpopular\/?p=4475"},"modified":"2011-07-11T22:13:55","modified_gmt":"2011-07-12T02:13:55","slug":"maradona-sufre-un-leve-accidente-de-trafico","status":"publish","type":"post","link":"https:\/\/diarioelpopular.com\/index.php\/2011\/07\/11\/maradona-sufre-un-leve-accidente-de-trafico\/","title":{"rendered":"Maradona sufre un leve accidente de tr\u00e1fico"},"content":{"rendered":"<div id=\"attachment_4476\" style=\"width: 310px\" class=\"wp-caption alignright\"><a href=\"http:\/\/retrolab.ca\/elpopular\/wp-content\/uploads\/2011\/07\/Maradona.jpg\"><img loading=\"lazy\" decoding=\"async\" aria-describedby=\"caption-attachment-4476\" class=\"size-medium wp-image-4476\" title=\"Maradona\" src=\"http:\/\/retrolab.ca\/elpopular\/wp-content\/uploads\/2011\/07\/Maradona-300x180.jpg\" alt=\"\" width=\"300\" height=\"180\" \/><\/a><p id=\"caption-attachment-4476\" class=\"wp-caption-text\">El exfutbolista Diego Armando Maradona y su pareja Ver\u00f3nica Ojeda salen el pasado vienes de la cl\u00ednica donde se encuentra ingresada la madre de Maradona, Dalma Salvadora Franco, en Buenos Aires. Foto: Mart\u00edn Quintana \/ Efe<\/p><\/div>\n<p><em>Efe. Buenos Aires.-<\/em> Diego Armando\u00a0Maradona\u00a0sufri\u00f3 este lunes un leve accidente de tr\u00e1fico en las afueras de Buenos Aires, pero se encuentra en &#8220;perfecto estado&#8221;, seg\u00fan inform\u00f3 el director del hospital al que se traslad\u00f3 despu\u00e9s por precauci\u00f3n.<\/p>\n<p>Maradona\u00a0viajaba con su mujer, Ver\u00f3nica Ojeda, cuando choc\u00f3 con su auto contra un autob\u00fas en la localidad de Ezeiza, en el conurbano bonaerense, donde reside.<\/p>\n<p>&#8220;Ha sido felizmente un accidente sin mayor complicaci\u00f3n&#8221; y tanto\u00a0Maradona\u00a0como su mujer &#8220;se encuentran en perfecto estado&#8221;, se\u00f1al\u00f3 el director del Hospital de Ezeiza, Oscar Sico, en declaraciones a Radio 10 de Buenos Aires.<\/p>\n<p>Sico explic\u00f3 que\u00a0Maradona\u00a0y Ojeda se trasladaron al centro m\u00e9dico por su propios medios para realizarse una revisi\u00f3n preventiva, a pesar de que no presentaban &#8220;pr\u00e1cticamente ning\u00fan tipo de traumatismo&#8221;.<\/p>\n<p>&#8220;Se le hicieron estudios a Ver\u00f3nica, que arrojaron todos negativos, as\u00ed que est\u00e1n en condiciones de volver a casa&#8221;, a\u00f1adi\u00f3 el m\u00e9dico.<\/p>\n<p>Maradona\u00a0est\u00e1 atravesando estos d\u00edas un dif\u00edcil momento ya que su madre, Dalma Salvadora Franco, conocida como &#8220;Do\u00f1a Tota&#8221;, permanece internada en un hospital de la capital argentina en grave estado.<\/p>\n<p>&#8220;Mi vieja est\u00e1 muy mal, s\u00f3lo le pido a Dios que no me la lleve&#8221;, hab\u00eda afirmado el astro este s\u00e1bado.<\/p>\n","protected":false},"excerpt":{"rendered":"<p>Diego Armando Maradona sufri\u00f3 un leve accidente de tr\u00e1fico en las afueras de Buenos Aires, pero se encuentra en &#8220;perfecto estado&#8221;, seg\u00fan inform\u00f3 el director del hospital al que se traslad\u00f3 despu\u00e9s por precauci\u00f3n.<\/p>\n","protected":false},"author":1,"featured_media":4476,"comment_status":"closed","ping_status":"open","sticky":false,"template":"","format":"standard","meta":{"footnotes":""},"categories":[28],"tags":[297,43,2084,942],"class_list":["post-4475","post","type-post","status-publish","format-standard","has-post-thumbnail","hentry","category-deportes","tag-accidente","tag-argentina","tag-buenos-aires","tag-maradona"],"_links":{"self":[{"href":"https:\/\/diarioelpopular.com\/index.php\/wp-json\/wp\/v2\/posts\/4475","targetHints":{"allow":["GET"]}}],"collection":[{"href":"https:\/\/diarioelpopular.com\/index.php\/wp-json\/wp\/v2\/posts"}],"about":[{"href":"https:\/\/diarioelpopular.com\/index.php\/wp-json\/wp\/v2\/types\/post"}],"author":[{"embeddable":true,"href":"https:\/\/diarioelpopular.com\/index.php\/wp-json\/wp\/v2\/users\/1"}],"replies":[{"embeddable":true,"href":"https:\/\/diarioelpopular.com\/index.php\/wp-json\/wp\/v2\/comments?post=4475"}],"version-history":[{"count":0,"href":"https:\/\/diarioelpopular.com\/index.php\/wp-json\/wp\/v2\/posts\/4475\/revisions"}],"wp:featuredmedia":[{"embeddable":true,"href":"https:\/\/diarioelpopular.com\/index.php\/wp-json\/"}],"wp:attachment":[{"href":"https:\/\/diarioelpopular.com\/index.php\/wp-json\/wp\/v2\/media?parent=4475"}],"wp:term":[{"taxonomy":"category","embeddable":true,"href":"https:\/\/diarioelpopular.com\/index.php\/wp-json\/wp\/v2\/categories?post=4475"},{"taxonomy":"post_tag","embeddable":true,"href":"https:\/\/diarioelpopular.com\/index.php\/wp-json\/wp\/v2\/tags?post=4475"}],"curies":[{"name":"wp","href":"https:\/\/api.w.org\/{rel}","templated":true}]}}