{"id":447758,"date":"2013-03-22T01:32:47","date_gmt":"2013-03-22T05:32:47","guid":{"rendered":"http:\/\/diarioelpopular.com\/?p=447758"},"modified":"2013-03-22T01:32:47","modified_gmt":"2013-03-22T05:32:47","slug":"hablemos-de-cine-47","status":"publish","type":"post","link":"https:\/\/diarioelpopular.com\/index.php\/2013\/03\/22\/hablemos-de-cine-47\/","title":{"rendered":"HABLEMOS DE CINE"},"content":{"rendered":"<div id=\"attachment_447759\" style=\"width: 710px\" class=\"wp-caption aligncenter\"><a href=\"https:\/\/diarioelpopular.com\/wp-content\/uploads\/2013\/03\/web.no_.jpg\"><img loading=\"lazy\" decoding=\"async\" aria-describedby=\"caption-attachment-447759\" class=\"size-full wp-image-447759\" title=\"web.no\" src=\"https:\/\/diarioelpopular.com\/wp-content\/uploads\/2013\/03\/web.no_.jpg\" alt=\"\" width=\"700\" height=\"420\" \/><\/a><p id=\"caption-attachment-447759\" class=\"wp-caption-text\">Gael Garc\u00eda Bernal en NO<\/p><\/div>\n<p align=\"center\"><strong>Por Jorge Gutman<\/strong><strong>\u00a0<\/strong><\/p>\n<p>Despu\u00e9s de la c\u00e1lida recepci\u00f3n cr\u00edtica recibida en mayo pasado en oportunidad de su estreno internacional en el Festival de Cannes, este film de Pablo Larra\u00edn sigui\u00f3 acumulando elogios en otros festivales, fue nominado al Oscar de la mejor pel\u00edcula extranjera y de hecho se convirti\u00f3 en la pel\u00edcula latinoamericana m\u00e1s comentada de los \u00faltimos meses. Hay dos buenas razones que justifican el hecho; por un lado su tema de indudable importancia social y, adem\u00e1s, por su buena realizaci\u00f3n. Completando una trilog\u00eda de cine pol\u00edtico que comenz\u00f3 con <em>Tony Manero<\/em> (2008) y prosigui\u00f3 con <em>Post Mortem<\/em> (2010), <strong>No <\/strong>es el m\u00e1s logrado de los tres.<\/p>\n<p>Basado en dram\u00e1ticos acontecimientos vividos en Chile durante la sangrienta dictadura militar que comenz\u00f3 en 1973 y se prolong\u00f3 hasta 1990, el nudo central del relato gira en torno del plebiscito que en 1988 tuvo lugar y cuyo resultado determinar\u00eda si el r\u00e9gimen del general Pinochet continuar\u00eda o no gobernando el pa\u00eds. Aunque es sabido que el resultado de dicha consulta fue un rotundo \u201cNO\u201d, el excelente gui\u00f3n de Pedro Peirano -basado en la pieza <em>Refer\u00e9ndum<\/em> de Antonio Skarmeta- \u00a0permite mantener la intriga hasta el final.<\/p>\n<p>Larrain entremezcla material de archivo documental con la filmaci\u00f3n restante a trav\u00e9s de la c\u00e1mara video U-matic, muy popular en esa \u00e9poca. Es posible que dicho procedimiento t\u00e9cnico pueda producir cierta incomodidad de visi\u00f3n; sin embargo, esta situaci\u00f3n est\u00e1 ampliamente compensada porque \u00a0en t\u00e9rminos de desarrollo dram\u00e1tico crea\u00a0 un clima de aut\u00e9ntica veracidad donde el espectador participa de los acontecimientos como si los estuviese viviendo personalmente.<\/p>\n<p>En la ficci\u00f3n de los hechos, el relato presenta a Ren\u00e9 Saavedra (Gael Garc\u00eda Bernal) un ejecutivo de publicidad que reci\u00e9n llegado del exilio en M\u00e9xico trabaja ahora en una importante compa\u00f1\u00eda de su especialidad preparando spots publicitarios para la televisi\u00f3n.<\/p>\n<p>Dado que el padre de Ren\u00e9 hab\u00eda sido un disidente exilado, un viejo amigo suyo socialista (Luis Gnecco) lo convence para que se ocupe de dise\u00f1ar una campa\u00f1a tendiente al triunfo del \u201cNo\u201d. A partir de all\u00ed, vuelca todos sus esfuerzos para elaborar una estrategia que permita llegar al teleespectador tratando de aprovechar de la mejor forma posible el espacio de 15 minutos diarios que el gobierno otorga al espectro opositor. El desaf\u00edo que enfrenta este publicitario es muy grande porque por una parte es necesario adoptar una t\u00e1ctica que no pueda irritar al r\u00e9gimen evitando referencias al terror que el pueblo estaba sufriendo; por la otra es necesario un m\u00e9todo cuyo mensaje llegue claramente al p\u00fablico en forma din\u00e1mica y divertida; en consecuencia y adoptando el lema de \u201cChile, la felicidad est\u00e1 en camino\u201d, Ren\u00e9 utiliza su imaginaci\u00f3n para crear efectivos cortos publicitarios impregnados de optimismo y sazonados con coloridos n\u00fameros musicales.<\/p>\n<p>En la vida personal, Ren\u00e9 vive solo pero comparte a su peque\u00f1o hijo (Pascal Montero) con Ver\u00f3nica (Antonia Zegers), su ex mujer, una activista pol\u00edtica de izquierda quien no cree en el compromiso en el que \u00e9l est\u00e1 implicado. Por otra parte, el joven ejecutivo tampoco se siente muy c\u00f3modo teniendo en cuenta que su jefe (Alfredo Castro) est\u00e1 al frente de la campa\u00f1a opuesta conducente al \u201cS\u00ed\u201d, lo que agrega una complicaci\u00f3n m\u00e1s a su estado emocional. A medida que los d\u00edas de la votaci\u00f3n se acercan y el \u201cNo\u201d parece estar \u00a0ganando m\u00e1s adeptos, la tensi\u00f3n dram\u00e1tica se va acumulando cuando Ren\u00e9 y su equipo van recibiendo peligrosas amenazas.<\/p>\n<p>El film cuenta con un elenco que se desempe\u00f1a con absoluta naturalidad en sus respectivos personajes; en especial cabe remarcar el desempe\u00f1o de \u00a0Garc\u00eda Bernal transmitiendo con convicci\u00f3n la imagen de un individuo que aunque en principio le interesa ofrecer un buen servicio a sus clientes, progresivamente el rumbo de los acontecimientos motivan que la causa en la que est\u00e1 embarcado adquiera conciencia social en su persona.<\/p>\n<p><strong><em>Conclusi\u00f3n: Larrain ha logrado un s\u00f3lido documento que a pesar de su trasfondo dram\u00e1tico adopta un tono de s\u00e1tira pol\u00edtica con momentos hilarantes muy bien logrados que conducen a un\u00a0 ambivalente final feliz.<\/em><\/strong><\/p>\n<div id=\"attachment_447760\" style=\"width: 786px\" class=\"wp-caption aligncenter\"><a href=\"https:\/\/diarioelpopular.com\/wp-content\/uploads\/2013\/03\/web.NEW-WORLD.jpg\"><img loading=\"lazy\" decoding=\"async\" aria-describedby=\"caption-attachment-447760\" class=\"size-full wp-image-447760\" title=\"web.NEW-WORLD\" src=\"https:\/\/diarioelpopular.com\/wp-content\/uploads\/2013\/03\/web.NEW-WORLD.jpg\" alt=\"\" width=\"776\" height=\"1164\" \/><\/a><p id=\"caption-attachment-447760\" class=\"wp-caption-text\">Choi Min-sik en una escena de NEW WORLD<\/p><\/div>\n<p><strong><em>\u00a0<\/em><\/strong><strong>NEW WORLD<\/strong>. \u00a0Corea del Sur, 2013. \u00a0Un film escrito y dirigido por Park Hoon Jeong<\/p>\n<p>A pocas semanas de haberse conocido el thriller de espionaje de Corea del Sur <em>The<\/em> <em>Berlin File<\/em> llega una nueva producci\u00f3n de ese pa\u00eds que re\u00fane varios aspectos que se le asemejan. <strong>New World <\/strong>es un film de suspenso donde el mundo de los esp\u00edas es reemplazado aqu\u00ed por el de los <em>topos<\/em> o informantes que deben adoptar una falsa identidad para el cumplimiento de sus funciones.<\/p>\n<p>El director Park Hoon Jeong aborda un tema bastante familiar puesto que el cine de Hong Kong lo trat\u00f3 en <em>!nternal Affairs<\/em> (2002) y posteriormente lo consider\u00f3 Martin Scorcese en <em>The Departed<\/em> (2006). En todo caso, lo importante es c\u00f3mo est\u00e1 relatado y en tal sentido el resultado es satisfactorio.<\/p>\n<p>La historia gira en torno del crimen organizado de Corea del Sur y la polic\u00eda que trata de desenmascarar a sus integrantes. Cuando el padrino de la mafia m\u00e1s importante del pa\u00eds muere s\u00fabitamente, surge una sensaci\u00f3n de sospecha e incomodidad entre sus integrantes porque no quedan muy claras las causas en que el deceso se produjo. El paso inmediato es tratar de llenar el puesto donde dos importantes subordinados del desaparecido jefe ans\u00edan reemplazarlo. Uno de ellos es Lee Joong-goo (Park Seong-woong) y el otro es Jeong Cheong (Hwang Jeong-min); este \u00faltimo, tiene como principal asistente a Lee Ja-seong (Lee Jeong-jae), quien adem\u00e1s de merecerle la m\u00e1xima confianza lo trata como si fuese un familiar directo. Lo que Cheong ignora es que Lee es un encubierto polic\u00eda que trabaj\u00f3 durante 8 a\u00f1os bajo la atenta mirada del jefe policial Kang (Choi Min-sik). Precisamente, en este momento clave en que debe elegirse un nuevo l\u00edder, Kang trata de utilizarlo para que le suministre los m\u00e1ximos detalles sobre lo que acontece en la organizaci\u00f3n durante esos momentos decisivos \u00a0a fin de tratar de influir en la misma para da\u00f1ar las relaciones existentes entre los contendientes al codiciado puesto.<\/p>\n<p>El realizador logra crear un clima de efectiva tensi\u00f3n a medida que los dos altos ejecutivos mafiosos tratan de moverse para que cada uno de ellos resulte elegido.\u00a0 Pero con todo, la nota m\u00e1s dram\u00e1tica se produce con respecto al conflicto que la doble identidad produce a Ja-seong, donde su se\u00f1ora \u2013recientemente embarazada- ignora el doble juego en el que est\u00e1 envuelto y d\u00f3nde no vislumbra el modo c\u00f3mo desligarse de esta situaci\u00f3n; algo que le queda claro es que est\u00e1 arriesgando su vida porque si surge la menor sospecha sobre su colaboraci\u00f3n policial, el sindicato del crimen lo eliminar\u00e1 en forma inmediata. Para peor, no puede exponer su problema a persona alguna porque sabe que cualquier comentario que hiciera no har\u00eda m\u00e1s que agravar su seguridad personal.<\/p>\n<p>Lo que diferencia este film de otros t\u00edpicos del g\u00e9nero es la excelente descripci\u00f3n de personajes que cobran vida a trav\u00e9s de buenas actuaciones; adem\u00e1s cuenta con una intriga que ofrece la emoci\u00f3n necesaria para que la historia no pierda inter\u00e9s, culminando con un imprevisible desenlace que ofrece cierto margen para la reflexi\u00f3n.<\/p>\n<p><strong><em>Conclusi\u00f3n: Un interesante film que aborda el conflicto de la doble personalidad, as\u00ed como otros aspectos vinculados con la \u00a0duplicidad, lealtad, traici\u00f3n y\u00a0 supervivencia humana.<\/em><\/strong><\/p>\n<div id=\"attachment_447761\" style=\"width: 710px\" class=\"wp-caption aligncenter\"><a href=\"https:\/\/diarioelpopular.com\/wp-content\/uploads\/2013\/03\/web.lore_.jpg\"><img loading=\"lazy\" decoding=\"async\" aria-describedby=\"caption-attachment-447761\" class=\"size-full wp-image-447761\" title=\"web.lore\" src=\"https:\/\/diarioelpopular.com\/wp-content\/uploads\/2013\/03\/web.lore_.jpg\" alt=\"\" width=\"700\" height=\"420\" \/><\/a><p id=\"caption-attachment-447761\" class=\"wp-caption-text\">Saskia Rosendahl en LORE<\/p><\/div>\n<p><strong>LORE<\/strong>. Australia-Gran Breta\u00f1a-Alemania, 2012. Un film de Cate Shortland.<\/p>\n<p>Una absorbente pel\u00edcula ambientada en los \u00faltimos d\u00edas del nazismo es lo que se aprecia en <strong>Lore<\/strong>. Despu\u00e9s de haber logrado un exitoso debut con <em>Somersault<\/em> (2004), la realizadora Cate Shortland ofrece un drama de supervivencia mostrando c\u00f3mo la transmisi\u00f3n de monstruosas ideas de padres a hijos pueden generar traum\u00e1ticos sinsabores.<\/p>\n<p>El gui\u00f3n escrito por la directora y Robin Mukherjee en base a la novela <em>The Dark<\/em> <em>Room<\/em> (2001) de Rachel Seiffert, se ubica en abril de 1945 durante los \u00faltimos d\u00edas del r\u00e9gimen nazi cuando las fuerzas aliadas ya controlan el poder. Dentro de ese contexto observamos c\u00f3mo\u00a0 Lore (Saskia Rosendahl) de 14 a\u00f1os de edad, sus cuatro hermanos menores, de los cuales uno de ellos es una criatura de escasos meses, as\u00ed como su madre (Ursina Lardi) celebran el regreso del padre (Hans-Jochen Wagner) \u2013un alto oficial de la SS- del frente de guerra alem\u00e1n. Despu\u00e9s de eliminar cualquier evidencia de documentaci\u00f3n o fotograf\u00edas comprometedoras\u00a0 que delaten la participaci\u00f3n que les cupo en la causa nazi, el padre es arrestado y enviado a prisi\u00f3n en tanto que la traumatizada madre decide partir para\u00a0 entregarse a los aliados y de esta manera salvaguardar a sus hijos; antes de hacerlo, urge a Lore para que se encargue de cuidar a sus hermanitos y que se dirijan a la casa de la abuela que vive en Hamburgo, tratando de evitar cualquier contacto con los \u201cenemigos\u201d aliados.\u00a0 Pr\u00e1cticamente abandonados\u00a0 y sin dinero ni documentaci\u00f3n alguna,\u00a0 comienza para estos hermanos un largo camino de 900 kil\u00f3metros que los separa desde Baviera, donde viven, hasta el lugar de destino.<\/p>\n<p>De este modo, el relato adopta el car\u00e1cter de un \u201croad movie\u201d a trav\u00e9s de la Selva Negra alemana \u00a0donde se va contemplando una Alemania que yace en ruinas en tanto que Lore y los peque\u00f1os buscan la forma de\u00a0 sobrevivir frente a los problemas de\u00a0 alimentaci\u00f3n y la necesidad de encontrar refugio. Prontamente los chicos enfrentan el primer\u00a0 escollo al encontrarse con tropas americanas que le demandan identificaci\u00f3n sin tenerla;\u00a0 la oportuna intervenci\u00f3n de Thomas (Kai Malina), un joven provisto de documentaci\u00f3n jud\u00eda, los salva de ser detenidos al hacerles aparecer como sus hermanos.<\/p>\n<p>La relaci\u00f3n ambivalente que va surgiendo entre\u00a0 Thomas y Lore es uno de los aspectos m\u00e1s interesantes del relato. A pesar de la atracci\u00f3n que la adolescente despierta en el muchacho, \u00e9l no puede ignorar la circunstancia de que Lore est\u00e1 imbuida de la insidiosa ideolog\u00eda nazi que ha sido inculcada por sus padres y que en principio ella podr\u00eda odiarlo por ser jud\u00edo.<\/p>\n<p>A trav\u00e9s de la muy expresiva actuaci\u00f3n de Rosendahl, el film realiza una buena exploraci\u00f3n del universo adolescente permitiendo que la joven actriz exprese convincentemente el proceso de madurez y la p\u00e9rdida de inocencia de Lore tratando de sobrellevar el pesado legado nazi recibido de sus padres para finalmente tener que admitir una verdad que le fue ocultada durante muchos a\u00f1os. De alg\u00fan modo, la suerte de esta adolescente es la de muchos alemanes que vivieron enceguecidos por la influencia de un r\u00e9gimen insano y criminal que condujo al pa\u00eds a un desastroso desenlace.<\/p>\n","protected":false},"excerpt":{"rendered":"<p>Despu\u00e9s de la c\u00e1lida recepci\u00f3n cr\u00edtica recibida en mayo pasado en oportunidad de su estreno internacional en el Festival de Cannes, este film de Pablo Larra\u00edn sigui\u00f3 acumulando elogios en otros festivales.<\/p>\n","protected":false},"author":1,"featured_media":447759,"comment_status":"open","ping_status":"open","sticky":false,"template":"","format":"standard","meta":{"footnotes":""},"categories":[21,81,434],"tags":[2202,2442,2499],"class_list":["post-447758","post","type-post","status-publish","format-standard","has-post-thumbnail","hentry","category-canada","category-columnistas","category-hablemos-de-cine","tag-cine-3","tag-de","tag-hablemos"],"_links":{"self":[{"href":"https:\/\/diarioelpopular.com\/index.php\/wp-json\/wp\/v2\/posts\/447758","targetHints":{"allow":["GET"]}}],"collection":[{"href":"https:\/\/diarioelpopular.com\/index.php\/wp-json\/wp\/v2\/posts"}],"about":[{"href":"https:\/\/diarioelpopular.com\/index.php\/wp-json\/wp\/v2\/types\/post"}],"author":[{"embeddable":true,"href":"https:\/\/diarioelpopular.com\/index.php\/wp-json\/wp\/v2\/users\/1"}],"replies":[{"embeddable":true,"href":"https:\/\/diarioelpopular.com\/index.php\/wp-json\/wp\/v2\/comments?post=447758"}],"version-history":[{"count":0,"href":"https:\/\/diarioelpopular.com\/index.php\/wp-json\/wp\/v2\/posts\/447758\/revisions"}],"wp:featuredmedia":[{"embeddable":true,"href":"https:\/\/diarioelpopular.com\/index.php\/wp-json\/"}],"wp:attachment":[{"href":"https:\/\/diarioelpopular.com\/index.php\/wp-json\/wp\/v2\/media?parent=447758"}],"wp:term":[{"taxonomy":"category","embeddable":true,"href":"https:\/\/diarioelpopular.com\/index.php\/wp-json\/wp\/v2\/categories?post=447758"},{"taxonomy":"post_tag","embeddable":true,"href":"https:\/\/diarioelpopular.com\/index.php\/wp-json\/wp\/v2\/tags?post=447758"}],"curies":[{"name":"wp","href":"https:\/\/api.w.org\/{rel}","templated":true}]}}