{"id":447935,"date":"2013-03-24T16:23:20","date_gmt":"2013-03-24T20:23:20","guid":{"rendered":"http:\/\/diarioelpopular.com\/?p=447935"},"modified":"2013-03-24T16:23:20","modified_gmt":"2013-03-24T20:23:20","slug":"miles-rememoran-la-entrada-de-cristo-en-jerusalen-donde-las-piedras-hablan","status":"publish","type":"post","link":"https:\/\/diarioelpopular.com\/index.php\/2013\/03\/24\/miles-rememoran-la-entrada-de-cristo-en-jerusalen-donde-las-piedras-hablan\/","title":{"rendered":"Miles rememoran la entrada de Cristo en Jerusal\u00e9n, donde &#8220;las piedras hablan&#8221;"},"content":{"rendered":"<div id=\"attachment_447936\" style=\"width: 1610px\" class=\"wp-caption aligncenter\"><a href=\"https:\/\/diarioelpopular.com\/wp-content\/uploads\/2013\/03\/Jerusalem_Dome_of_the_rock_BW_1.jpg\"><img loading=\"lazy\" decoding=\"async\" aria-describedby=\"caption-attachment-447936\" class=\"size-full wp-image-447936\" title=\"Jerusalem_Dome_of_the_rock_BW_1\" src=\"https:\/\/diarioelpopular.com\/wp-content\/uploads\/2013\/03\/Jerusalem_Dome_of_the_rock_BW_1.jpg\" alt=\"\" width=\"1600\" height=\"1072\" \/><\/a><p id=\"caption-attachment-447936\" class=\"wp-caption-text\">Agraciada con un sol generoso y un cielo claro, la colorida procesi\u00f3n arranc\u00f3 a primera hora de la tarde de la iglesia franciscana de Betfag\u00e9, en el Monte de los Olivos, que descendi\u00f3 lentamente hasta la Iglesia de Santa Ana, en la V\u00eda Dolorosa de la antigua ciudadela amurallada.<\/p><\/div>\n<p>Antonio Pita<\/p>\n<div id=\"texto\">\n<div>\n<p><strong><em>Jerusal\u00e9n.-<\/em><\/strong> Una marea cristiana con palmas y ramas de olivo rememor\u00f3 este domingo entre c\u00e1nticos y rezos festivos la entrada triunfal de Cristo en Jerusal\u00e9n, en una ceremonia que marca el inicio de la Pascua en Tierra Santa.<\/p>\n<p>Agraciada con un sol generoso y un cielo claro, la colorida procesi\u00f3n arranc\u00f3 a primera hora de la tarde de la iglesia franciscana de Betfag\u00e9, en el Monte de los Olivos, que descendi\u00f3 lentamente hasta la Iglesia de Santa Ana, en la V\u00eda Dolorosa de la antigua ciudadela amurallada.<\/p>\n<p>Los fieles, una mezcla de palestinos locales y peregrinos venidos de lugares tan dispares como Venezuela, Corea del Sur o Estados Unidos, cubrieron el recorrido entre &#8220;hosannas&#8221;, c\u00e1nticos y ritmos, pasando junto a los escenarios de la Pasi\u00f3n en el Getseman\u00ed.<\/p>\n<p>En la procesi\u00f3n, dirigida por los monjes franciscanos de la Custodia de Tierra Santa, pod\u00eda verse a palestinos con cruces en el cuello, religiosos ataviados con sus h\u00e1bitos, muchos peregrinos y alg\u00fan que otro curioso tomando im\u00e1genes de la fotog\u00e9nica marcha.<\/p>\n<p>Una bandera palestina preced\u00eda a un grupo de cristianos locales que entonaban aleluyas al un\u00edsono, al que segu\u00eda el grupo de cat\u00f3licos de habla hebrea, que animaba la marcha con m\u00fasica.<\/p>\n<p>Pese a su diversidad de lenguas y tradiciones, un sentimiento parec\u00eda unir a todos los presentes: la alegr\u00eda y unicidad de vivir la jornada m\u00e1s festiva de la Pascua precisamente en el lugar donde hace dos milenios tuvo lugar el acontecimiento que se rememora.<\/p>\n<p>&#8220;Estas piedras hablan. Testimoniaron la vida terrena de Jes\u00fas. Ahora lo celebramos en la fe en todo el mundo y es tambi\u00e9n importante, pero en este lugar las piedras hablan de la historia de Jes\u00fas&#8221;, asegura frente a la iglesia de Betfag\u00e9 el cura portugu\u00e9s Johnny Freire.<\/p>\n<p>Para Freire, que trabaja con personas discapacitadas desde hace cuatro a\u00f1os en una congregaci\u00f3n religiosa de la ciudad, el mensaje espiritual de estos d\u00edas es que &#8220;Jes\u00fas se ofreci\u00f3 por los hombres para mostrar hasta d\u00f3nde puede llegar el amor de Dios&#8221;.<\/p>\n<p>Cinco d\u00edas antes de su condena a muerte, Jes\u00fas entr\u00f3 en la ciudad entre alabanzas a lomos de un humilde pollino que nadie antes hab\u00eda montado, seg\u00fan se recoge en el Nuevo Testamento.<\/p>\n<p>&#8220;Muchos tend\u00edan sus mantos por el camino y otros cortaban ramas de los \u00e1rboles y las tend\u00edan por el camino. Y los que iban delante y los que ven\u00edan detr\u00e1s daban voces diciendo: \u00a1Hosanna! \u00a1Bendito el que viene en el nombre del Se\u00f1or! \u00a1Bendito el reino de nuestro padre David que viene! \u00a1Hosanna en las alturas! Y entr\u00f3 Jes\u00fas en Jerusal\u00e9n y en el templo&#8221;, narra Mateo en su Evangelio.<\/p>\n<p>En Betfag\u00e9, una aldea palestina que hace dos milenios estaba fuera de la urbe, se encuentra la piedra en que se ayud\u00f3 Jes\u00fas para montar el animal.<\/p>\n<p>All\u00ed comienza la marcha y, a pocos metros, la estadounidense Rachel, de 26 a\u00f1os, siente como una &#8220;gran bendici\u00f3n&#8221; poder &#8220;hacer reales los Evangelios&#8221;.<\/p>\n<p>&#8220;En el sitio donde estoy tenemos un par de burros y el otro d\u00eda me sub\u00ed a uno. Parece incre\u00edble pensar que Jes\u00fas hizo lo mismo aqu\u00ed, en este lugar justo donde estamos pisando. Estamos viviendo lo mismo que vivi\u00f3 Jes\u00fas y viendo que algunas cosas cambian y muchas otras no&#8221;, se\u00f1ala esta voluntaria desde hace siete meses en el proyecto de los Legionarios de Cristo en Magdala, en la Galilea.<\/p>\n<p>Rebeca Garc\u00eda, en cambio, no vive en Tierra Santa. Con apenas 14 a\u00f1os ha venido desde muy lejos, M\u00e9xico DF, para cumplir su sue\u00f1o de pasar la Pascua en Tierra Santa.<\/p>\n<p>&#8220;Me siento muy bendecida por Jes\u00fas porque s\u00e9 que esta es una experiencia \u00fanica que no se puede repetir en toda la vida. Me siento muy cercana. Siempre ha sido mi sue\u00f1o venir y estar cerca de Jes\u00fas&#8221;, se\u00f1ala Garc\u00eda, rodeada de sus compa\u00f1eros de la academia Overbrook, del movimiento de apostolado Regnum Christi.<\/p>\n<p>Las celebraciones de Pascua que comenzaron este domingo alcanzar\u00e1n su cenit con el V\u00eda Crucis del Viernes Santo, procesi\u00f3n que reproduce el itinerario que recorri\u00f3 Jesucristo por la V\u00eda Dolorosa hasta el lugar de su crucifixi\u00f3n, y el S\u00e1bado de Gloria.<\/p>\n<\/div>\n<\/div>\n","protected":false},"excerpt":{"rendered":"<p>Una marea cristiana con palmas y ramas de olivo rememor\u00f3 este domingo entre c\u00e1nticos y rezos festivos la entrada triunfal de Cristo en Jerusal\u00e9n, en una ceremonia que marca el inicio de la Pascua en Tierra Santa.<\/p>\n","protected":false},"author":1,"featured_media":447936,"comment_status":"open","ping_status":"open","sticky":false,"template":"","format":"standard","meta":{"footnotes":""},"categories":[24],"tags":[10313,2442,10314,78,5421,10315,2746,2611,2503,3124,4641,10316],"class_list":["post-447935","post","type-post","status-publish","format-standard","has-post-thumbnail","hentry","category-mundo","tag-cristo","tag-de","tag-donde","tag-en","tag-entrada","tag-hablan","tag-jerusalen","tag-la","tag-las","tag-miles","tag-piedras","tag-rememoran"],"_links":{"self":[{"href":"https:\/\/diarioelpopular.com\/index.php\/wp-json\/wp\/v2\/posts\/447935","targetHints":{"allow":["GET"]}}],"collection":[{"href":"https:\/\/diarioelpopular.com\/index.php\/wp-json\/wp\/v2\/posts"}],"about":[{"href":"https:\/\/diarioelpopular.com\/index.php\/wp-json\/wp\/v2\/types\/post"}],"author":[{"embeddable":true,"href":"https:\/\/diarioelpopular.com\/index.php\/wp-json\/wp\/v2\/users\/1"}],"replies":[{"embeddable":true,"href":"https:\/\/diarioelpopular.com\/index.php\/wp-json\/wp\/v2\/comments?post=447935"}],"version-history":[{"count":0,"href":"https:\/\/diarioelpopular.com\/index.php\/wp-json\/wp\/v2\/posts\/447935\/revisions"}],"wp:featuredmedia":[{"embeddable":true,"href":"https:\/\/diarioelpopular.com\/index.php\/wp-json\/"}],"wp:attachment":[{"href":"https:\/\/diarioelpopular.com\/index.php\/wp-json\/wp\/v2\/media?parent=447935"}],"wp:term":[{"taxonomy":"category","embeddable":true,"href":"https:\/\/diarioelpopular.com\/index.php\/wp-json\/wp\/v2\/categories?post=447935"},{"taxonomy":"post_tag","embeddable":true,"href":"https:\/\/diarioelpopular.com\/index.php\/wp-json\/wp\/v2\/tags?post=447935"}],"curies":[{"name":"wp","href":"https:\/\/api.w.org\/{rel}","templated":true}]}}