{"id":447938,"date":"2013-03-24T17:55:57","date_gmt":"2013-03-24T21:55:57","guid":{"rendered":"http:\/\/diarioelpopular.com\/?p=447938"},"modified":"2013-03-24T17:55:57","modified_gmt":"2013-03-24T21:55:57","slug":"al-atardecer-de-este-lunes-comienza-la-pascua-judia","status":"publish","type":"post","link":"https:\/\/diarioelpopular.com\/index.php\/2013\/03\/24\/al-atardecer-de-este-lunes-comienza-la-pascua-judia\/","title":{"rendered":"Al Atardecer de este lunes Comienza la Pascua Jud\u00eda"},"content":{"rendered":"<p><a href=\"https:\/\/diarioelpopular.com\/wp-content\/uploads\/2013\/03\/web.1famlia2.jpg\"><img loading=\"lazy\" decoding=\"async\" class=\"aligncenter size-full wp-image-447950\" title=\"web.1famlia\" src=\"https:\/\/diarioelpopular.com\/wp-content\/uploads\/2013\/03\/web.1famlia2.jpg\" alt=\"\" width=\"700\" height=\"420\" \/><\/a>La noche de este lunes 25, con la salida de la primera estrella, comenzar\u00e1 Pesaj, la festividad m\u00e1s antigua del calendario lit\u00fargico jud\u00edo, que conmemora la salida de este pueblo de Egipto. \u201cFuimos esclavos y luchamos\u00a0<a id=\"_GPLITA_0\" title=\"Click to Continue &gt; by CouponDropDown\" href=\"http:\/\/blog.m633.com\/2010\/03\/israel-celebracion-de-pesaj-passover.html#\">para<\/a>conseguir la libertad, que siempre debe defenderse y celebrarse&#8221;, dijo a AIM el rabino de la comunidad en Paran\u00e1, Sebasti\u00e1n Vainstein.<\/p>\n<p>En Pesaj se celebran dos hechos: la liberaci\u00f3n de la esclavitud de Egipto, con el consiguiente nacimiento de la historia nacional del pueblo jud\u00edo, y la cosecha de la cebada, s\u00edmbolo de la relaci\u00f3n existente entre la tierra e Israel. Aunque en Israel la celebraci\u00f3n durar\u00e1 siete d\u00edas, en la di\u00e1spora ser\u00e1 de ocho, explic\u00f3 el rabino.<\/p>\n<p>La fecha marca adem\u00e1s el inicio de la primavera en Medio Oriente y por lo tanto, es entendida adem\u00e1s c\u00f3mo un momento apropiado para el cambio o la revitalizaci\u00f3n. Es a la vez la celebraci\u00f3n m\u00e1s complicada ya que rigen muchas reglas diet\u00e9ticas.<\/p>\n<p>Por ejemplo, durante los ocho d\u00edas que dura la celebraci\u00f3n no se pueden comer harinas leudantes ni derivados del trigo, avena o centeno. Adem\u00e1s, \u201cla cocci\u00f3n de algunos alimentos en particular debe realizarse en vajillas que no hayan tenido contacto con estos cereales\u201d.<\/p>\n<p>En di\u00e1logo con esta Agencia, el rabino destac\u00f3 que la preparaci\u00f3n familiar comienza 15 d\u00edas antes, oportunidad en que se realiza una limpieza minuciosa de la casa para eliminar todo lo que est\u00e9 relacionado con los alimentos prohibidos en estos d\u00edas. \u201cSe hace una limpieza minuciosa, un cambio de vajilla, y por eso desde hoy ya se utiliza la vajilla correspondiente para Pesaj\u201d. Pero para Vainstein no es un rito de purificaci\u00f3n, sino de limpieza.<\/p>\n<p><strong><em>La historia<\/em><\/strong><\/p>\n<p>La historia se remonta m\u00e1s de 3,000 a\u00f1os. La Biblia llama a la festividad con dos nombres, uno es Pesaj (Pascua) en recuerdo al sacrificio pascual, ya que seg\u00fan cuenta el relato, Dios salte\u00f3 las casas hebreas castigando \u00fanicamente a los primog\u00e9nitos egipcios. El otro, Jag HaMatzot, fiesta de los panes \u00e1zimos que recuerda c\u00f3mo los jud\u00edos que hu\u00edan de la barbarie del Fara\u00f3n de Egipto debieron salir antes que el pan leude. Es por ello que una de las consignas es no comer pan, y en su lugar las finas matz\u00e1 hechas sin levadura.<\/p>\n<p>Tanto en la sinagoga como en los hogares la celebraci\u00f3n cobra una significaci\u00f3n especial, y el \u00e1nimo reflexivo se combina con alegr\u00eda en un clima familiar.<\/p>\n<p>La costumbre es reunirse en torno a una mesa con algunos elementos comestibles de diversas simbolog\u00edas, entonar canciones, realizar\u00a0<a id=\"FALINK_1_0_0\" href=\"http:\/\/blog.m633.com\/2010\/03\/israel-celebracion-de-pesaj-passover.html#\">lecturas<\/a>\u00a0y transmitir as\u00ed de generaci\u00f3n en generaci\u00f3n la experiencia del \u00e9xodo. Con mayor o menor rigurosidad religiosa esta es una tradici\u00f3n que se mantiene y se respeta.<\/p>\n<p><strong><em>El seder<a href=\"https:\/\/diarioelpopular.com\/wp-content\/uploads\/2013\/03\/web.1-plato2.jpg\"><img loading=\"lazy\" decoding=\"async\" class=\"aligncenter size-full wp-image-447951\" title=\"web.1-plato\" src=\"https:\/\/diarioelpopular.com\/wp-content\/uploads\/2013\/03\/web.1-plato2.jpg\" alt=\"\" width=\"788\" height=\"890\" \/><\/a><\/em><\/strong><\/p>\n<p>M\u00e1s all\u00e1 de esta tradici\u00f3n, el P\u00e9saj es una de las celebraciones m\u00e1s coloridas de la cultura hebrea, en la cual el hogar jud\u00edo es un protagonista fundamental. La ceremonia central, repleta de profundos simbolismos, es hogare\u00f1a y consiste en una cena festiva familiar que tiene un orden establecido (Seder).<\/p>\n<p>La cena recibe el nombre de &#8220;seder&#8221;, que significa orden. \u201cIndica que ordenadamente nos relatar\u00e1n como fue la salida del pueblo jud\u00edo desde Egipto y por supuesto, el mismo texto tiene una integraci\u00f3n bastante actual sobre cu\u00e1l es el rol de la familia o de los padres\u201d, explic\u00f3 el rabino.<\/p>\n<p>Adem\u00e1s del relato de la epopeya, se beben cuatro copas de vino, los m\u00e1s peque\u00f1os formulan cuatro preguntas acerca del significado de la festividad, se bendice la presencia eterna de Jerusalem y se reza por la paz. \u201cLo importante en el relato es que hablan los protagonistas: hablan los padres pero los\u00a0<a id=\"_GPLITA_1\" title=\"Click to Continue &gt; by CouponDropDown\" href=\"http:\/\/blog.m633.com\/2010\/03\/israel-celebracion-de-pesaj-passover.html#\">chicos<\/a>\u00a0tambi\u00e9n preguntan para conocer\u201d.<\/p>\n<p>El brindis da comienzo a un las comidas t\u00edpicas elaboradas por \u201cmanos expertas\u201d y transcurrir muchas horas en un reencuentro guiado por comentarios al estilo de \u201cmi bobe (abuela en idish) lo hac\u00eda mejor\u201d.<a href=\"https:\/\/diarioelpopular.com\/wp-content\/uploads\/2013\/03\/web.1-vino.jpg\"><img loading=\"lazy\" decoding=\"async\" class=\"aligncenter size-full wp-image-447941\" title=\"web.1-vino\" src=\"https:\/\/diarioelpopular.com\/wp-content\/uploads\/2013\/03\/web.1-vino.jpg\" alt=\"\" width=\"700\" height=\"420\" \/><\/a><\/p>\n<p>Las velas marcan el inicio de la fiesta. En la mesa no puede faltar la bandeja en donde se colocan distintos elementos, como una pata de cordero o un hueso asado para recordar el sacrificio pascual; un huevo duro que simboliza la vida y el destino; una manzana rallada con canela con la que se recuerda el color de la arcilla, utilizada para construir pir\u00e1mides y ciudades egipcias.; verduras verdes, algunas de ellas amargas. Los dem\u00e1s elementos son: maror, karpas y jazeret, hierbas que recuerdan la amargura y sufrimiento de los antepasados.<\/p>\n<p>Lo mismo que el matz\u00e1, pan \u00e1zimo, sin levadura, un s\u00edmbolo central. Con cada alimento se intenta hacer lo mismo que vivieron los antepasados.<\/p>\n<p><strong><em>Reflexi\u00f3n<\/em><\/strong><\/p>\n<p>Para Marta B. (50), integrante de la comunidad jud\u00eda, \u201cel trabajo como comunidad en Pesaj es integrar a los j\u00f3venes para que el d\u00eda de ma\u00f1ana tomen la posta. Esto tiene que ver con la pertenencia y la continuidad; el seder de P\u00e9saj es justamente la clase m\u00e1s magistral de lo que constantemente hacemos en nuestro trabajo, que es generar la inquietud de ni\u00f1os y adolescentes. Relatarles nuestra historia, nuestras costumbres, es hacer propia cada una de las experiencias como pueblo y transmitirlos para generar la inquietud, el cuestionamiento y la duda. As\u00ed, en el ida y vuelta, hacer propia una experiencia de miles de a\u00f1os\u201d.<\/p>\n<p>La mujer explic\u00f3 a AIM que esta celebraci\u00f3n sirve para que, \u201cen lugar de vernos como individuos, se piense m\u00e1s socialmente, con una mirada m\u00e1s abierta, para ver el sufrimiento, el dolor, la carencia de otro semejante, justamente porque fuimos esclavos y entendemos este dolor. En esta celebraci\u00f3n volvemos a serlo: en este juego es retomar la sensibilidad que debemos tener por el dolor y el sufrimiento que en definitiva nos causamos entre todos como sociedad. En definitiva, la solidaridad es el valor fundamental de esta celebraci\u00f3n\u201d.<\/p>\n<p>Fuente: AIMDigital<\/p>\n","protected":false},"excerpt":{"rendered":"<p>La noche de este lunes 25, con la salida de la primera estrella, comenzar\u00e1 Pesaj, la festividad m\u00e1s antigua del calendario lit\u00fargico jud\u00edo, que conmemora&hellip;<\/p>\n","protected":false},"author":1,"featured_media":447950,"comment_status":"open","ping_status":"open","sticky":false,"template":"","format":"standard","meta":{"footnotes":""},"categories":[24],"tags":[3001,10317,10131,2442,4037,10318,2611,5578,2804,10319],"class_list":["post-447938","post","type-post","status-publish","format-standard","has-post-thumbnail","hentry","category-mundo","tag-al","tag-atardecer","tag-comienza","tag-de","tag-este","tag-judia","tag-la","tag-lunes","tag-pascua","tag-pesaj"],"_links":{"self":[{"href":"https:\/\/diarioelpopular.com\/index.php\/wp-json\/wp\/v2\/posts\/447938","targetHints":{"allow":["GET"]}}],"collection":[{"href":"https:\/\/diarioelpopular.com\/index.php\/wp-json\/wp\/v2\/posts"}],"about":[{"href":"https:\/\/diarioelpopular.com\/index.php\/wp-json\/wp\/v2\/types\/post"}],"author":[{"embeddable":true,"href":"https:\/\/diarioelpopular.com\/index.php\/wp-json\/wp\/v2\/users\/1"}],"replies":[{"embeddable":true,"href":"https:\/\/diarioelpopular.com\/index.php\/wp-json\/wp\/v2\/comments?post=447938"}],"version-history":[{"count":0,"href":"https:\/\/diarioelpopular.com\/index.php\/wp-json\/wp\/v2\/posts\/447938\/revisions"}],"wp:featuredmedia":[{"embeddable":true,"href":"https:\/\/diarioelpopular.com\/index.php\/wp-json\/"}],"wp:attachment":[{"href":"https:\/\/diarioelpopular.com\/index.php\/wp-json\/wp\/v2\/media?parent=447938"}],"wp:term":[{"taxonomy":"category","embeddable":true,"href":"https:\/\/diarioelpopular.com\/index.php\/wp-json\/wp\/v2\/categories?post=447938"},{"taxonomy":"post_tag","embeddable":true,"href":"https:\/\/diarioelpopular.com\/index.php\/wp-json\/wp\/v2\/tags?post=447938"}],"curies":[{"name":"wp","href":"https:\/\/api.w.org\/{rel}","templated":true}]}}