{"id":448075,"date":"2013-03-28T17:31:11","date_gmt":"2013-03-28T21:31:11","guid":{"rendered":"http:\/\/diarioelpopular.com\/?p=448075"},"modified":"2013-03-28T17:31:11","modified_gmt":"2013-03-28T21:31:11","slug":"papa-oficio-la-misa-de-jueves-santo-en-una-carcel-y-lavo-los-pies-a-musulmana","status":"publish","type":"post","link":"https:\/\/diarioelpopular.com\/index.php\/2013\/03\/28\/papa-oficio-la-misa-de-jueves-santo-en-una-carcel-y-lavo-los-pies-a-musulmana\/","title":{"rendered":"Papa ofici\u00f3 la misa de Jueves Santo en una c\u00e1rcel y lav\u00f3 los pies a musulmana"},"content":{"rendered":"<div id=\"attachment_448076\" style=\"width: 934px\" class=\"wp-caption aligncenter\"><a href=\"https:\/\/diarioelpopular.com\/wp-content\/uploads\/2013\/03\/924x530.jpg\"><img loading=\"lazy\" decoding=\"async\" aria-describedby=\"caption-attachment-448076\" class=\"size-full wp-image-448076\" title=\"924x530\" src=\"https:\/\/diarioelpopular.com\/wp-content\/uploads\/2013\/03\/924x530.jpg\" alt=\"\" width=\"924\" height=\"530\" \/><\/a><p id=\"caption-attachment-448076\" class=\"wp-caption-text\">El pont\u00edfice asegur\u00f3 que el lavatorio de los pies &quot;es una caricia de Jes\u00fas&quot; y subray\u00f3: &quot;entre nosotros quienes est\u00e1 m\u00e1s alto debe estar al servicio de los otros y eso es lo que hago yo lavando los pies, un deber como obispo y como sacerdote&quot;.<\/p><\/div>\n<p>Juan Lara<\/p>\n<div id=\"texto\">\n<div>\n<p>Ciudad del Vaticano.- Francisco ofici\u00f3 en la c\u00e1rcel romana de menores de Casal del Marmo la Misa de la Cena del Se\u00f1or del Jueves Santo, durante la cual lav\u00f3 los pies a doce j\u00f3venes all\u00ed recluidos, entre ellos dos muchachas, una cat\u00f3lica y otra musulmana, imitando lo hecho por Jes\u00fas con los doce ap\u00f3stoles.<\/p>\n<p>&#8220;Esto es lo que Jes\u00fas nos ense\u00f1a y esto es lo que yo hago. Es mi deber, me sale del coraz\u00f3n y amo hacerlo&#8221;, dijo el papa Bergoglio cuando se dispon\u00eda a lavar los pies a los doce muchachos.<\/p>\n<p>El pont\u00edfice asegur\u00f3 que el lavatorio de los pies &#8220;es una caricia de Jes\u00fas&#8221; y subray\u00f3: &#8220;entre nosotros quienes est\u00e1 m\u00e1s alto debe estar al servicio de los otros y eso es lo que hago yo lavando los pies, un deber como obispo y como sacerdote&#8221;.<\/p>\n<p>El Obispo de Roma lav\u00f3 los pies arrodillado, despu\u00e9s los sec\u00f3 y los bes\u00f3. Durante el intercambio de la paz, bes\u00f3 a los doce j\u00f3venes. Tambi\u00e9n dio personalmente la comuni\u00f3n.<\/p>\n<p>Francisco dijo sentirse &#8220;feliz&#8221; entre los muchachos y dijo que &#8220;las cosas del coraz\u00f3n son as\u00ed&#8221; y dirigi\u00e9ndose directamente a ellos les dijo: &#8220;No dejaros robar la esperanza, siempre con la esperanza por delante, \u00bfentendido?&#8221;.<\/p>\n<p>Esta ha sido la primera vez que un papa oficia la misa del Jueves Santo en una c\u00e1rcel y no en la bas\u00edlica de san Juan de Letr\u00e1n, que es la catedral de Roma y la que le pertenece como obispo de la misma.<\/p>\n<p>Visto que Francisco, elegido papa el 13 de marzo, todav\u00eda no ha tomado posesi\u00f3n de San Juan de Letr\u00e1n (lo har\u00e1 el 7 de abril), en un principio el Vaticano anunci\u00f3 que celebrar\u00eda los oficios del Jueves Santo en la bas\u00edlica de San Pedro.<\/p>\n<p>Pero el papa Bergoglio ha preferido hacerlo en este reformatorio de menores, que ya visit\u00f3 en 1980 Juan Pablo II y en 2007 Benedicto XVI, en el que se encuentran recluidos 46 j\u00f3venes, de ellos 35 varones y once mujeres de entre 14 y 21 a\u00f1os.<\/p>\n<p>Los italianos son ocho y el resto extranjeros, en su mayor\u00eda norteafricanos y eslavos, as\u00ed como un ecuatoriano.<\/p>\n<p>La misa la ofici\u00f3 en la capilla del reformatorio y por expresa voluntad suya fue &#8220;muy sencilla&#8221;. Durante la homil\u00eda pidi\u00f3 a los muchachos olvidar las ofensas y dijo que las personas tienen que ayudarse unas a otros.<\/p>\n<p>&#8220;Olvidar los enfados y si os piden un favor, hacedlo. Ayudaros los unos a los otros. Eso es lo que Jes\u00fas nos ense\u00f1a. Ayudaros siempre, as\u00ed se hace el bien&#8221;, manifest\u00f3.<\/p>\n<p>Despu\u00e9s Francisco procedi\u00f3 al lavatorio de los pies.<\/p>\n<p>Los elegidos fueron doce muchachos de diferentes religiones y nacionalidad, dos de ellos mujeres, una italiana cat\u00f3lica y una serbia de religi\u00f3n musulmana, otro gesto del papa que ha llamado la atenci\u00f3n, visto que los doce ap\u00f3stoles fueron todos hombres.<\/p>\n<p>El pont\u00edfice se coloc\u00f3 para el lavatorio un delantal confeccionado por la Comunidad Villa San Francisco, del norte de Italia, que acoge a j\u00f3venes con problemas familiares y personales, con hilos provenientes de Betania y Jeric\u00f3, en Palestina.<\/p>\n<p>Las lecturas de la misa y las plegarias corrieron a cargo de los j\u00f3venes.<\/p>\n<p>El papa Bergoglio concelebr\u00f3 con el cardenal vicario de Roma, Agostino Vallini; el capell\u00e1n del reformatorio, Gaetano Greco; el Sustituto de la Secretaria de Estado (&#8220;n\u00famero tres&#8221; del Vaticano, Angelo Becciu.<\/p>\n<p>Tras la misa, se reuni\u00f3 con el medio centenar de detenidos y el personal de centro (unas 150 personas) en el gimnasio del reformatorio.<\/p>\n<p>Los j\u00f3venes regalaron a Francisco un crucifijo y un reclinatorio de madera, fabricados por ellos en el taller de artesan\u00eda de Casal del Marmo, mientras que el papa les llev\u00f3 los tradicionales &#8220;Huevos de Pascua&#8221; y &#8220;Paloma Pascual&#8221;, los dulces que se comen en Italia durante la Pascua.<\/p>\n<p>A la misa asistieron la ministra italiana de Justicia en funciones, Paola Severino, y la Jefa del Departamento de Justicia de Menores, Caterina Chinnici.<\/p>\n<p>Visto que se trata de un reformatorio de menores, el Vaticano no transmiti\u00f3 por televisi\u00f3n el acto.<\/p>\n<p>Francisco ofici\u00f3 tambi\u00e9n hoy en el Vaticano la Misa Crismal, que marca el comienzo del Triduo Pascual, en cuya homil\u00eda dijo que el sacerdote no puede ser un gestor, tiene que salir a la &#8220;periferia&#8221;, donde hay sufrimiento, hay sangre derramada, ceguera que desea ver, donde hay cautivos de tantos malos patrones&#8221;.<\/p>\n<p>El papa oficiar\u00e1 este, Viernes Santo, en la bas\u00edlica de san Pedro, la Pasi\u00f3n del Se\u00f1or y por la noche presidir\u00e1 en el Coliseo de Roma el V\u00eda Crucis.<\/p>\n<\/div>\n<\/div>\n","protected":false},"excerpt":{"rendered":"<p>Francisco ofici\u00f3 en la c\u00e1rcel romana de menores de Casal del Marmo la Misa de la Cena del Se\u00f1or del Jueves Santo, durante la cual lav\u00f3 los pies a doce j\u00f3venes all\u00ed recluidos.<\/p>\n","protected":false},"author":1,"featured_media":448076,"comment_status":"open","ping_status":"open","sticky":false,"template":"","format":"standard","meta":{"footnotes":""},"categories":[24],"tags":[2574,352,10388,78,2611,10389,3010,10390,10391,10392,61,10393,3925,9920,2878],"class_list":["post-448075","post","type-post","status-publish","format-standard","has-post-thumbnail","hentry","category-mundo","tag-a","tag-carcel","tag-dejueves","tag-en","tag-la","tag-lavo","tag-los","tag-misa","tag-musulmana","tag-oficio","tag-papa","tag-pies","tag-santo","tag-una","tag-y"],"_links":{"self":[{"href":"https:\/\/diarioelpopular.com\/index.php\/wp-json\/wp\/v2\/posts\/448075","targetHints":{"allow":["GET"]}}],"collection":[{"href":"https:\/\/diarioelpopular.com\/index.php\/wp-json\/wp\/v2\/posts"}],"about":[{"href":"https:\/\/diarioelpopular.com\/index.php\/wp-json\/wp\/v2\/types\/post"}],"author":[{"embeddable":true,"href":"https:\/\/diarioelpopular.com\/index.php\/wp-json\/wp\/v2\/users\/1"}],"replies":[{"embeddable":true,"href":"https:\/\/diarioelpopular.com\/index.php\/wp-json\/wp\/v2\/comments?post=448075"}],"version-history":[{"count":0,"href":"https:\/\/diarioelpopular.com\/index.php\/wp-json\/wp\/v2\/posts\/448075\/revisions"}],"wp:featuredmedia":[{"embeddable":true,"href":"https:\/\/diarioelpopular.com\/index.php\/wp-json\/"}],"wp:attachment":[{"href":"https:\/\/diarioelpopular.com\/index.php\/wp-json\/wp\/v2\/media?parent=448075"}],"wp:term":[{"taxonomy":"category","embeddable":true,"href":"https:\/\/diarioelpopular.com\/index.php\/wp-json\/wp\/v2\/categories?post=448075"},{"taxonomy":"post_tag","embeddable":true,"href":"https:\/\/diarioelpopular.com\/index.php\/wp-json\/wp\/v2\/tags?post=448075"}],"curies":[{"name":"wp","href":"https:\/\/api.w.org\/{rel}","templated":true}]}}