{"id":448093,"date":"2013-03-29T11:07:58","date_gmt":"2013-03-29T15:07:58","guid":{"rendered":"http:\/\/diarioelpopular.com\/?p=448093"},"modified":"2013-03-29T11:07:58","modified_gmt":"2013-03-29T15:07:58","slug":"cruces-de-madera-y-forcejeos-en-el-via-crucis","status":"publish","type":"post","link":"https:\/\/diarioelpopular.com\/index.php\/2013\/03\/29\/cruces-de-madera-y-forcejeos-en-el-via-crucis\/","title":{"rendered":"Cruces de madera y forcejeos en el V\u00eda Crucis"},"content":{"rendered":"<div id=\"attachment_448094\" style=\"width: 650px\" class=\"wp-caption aligncenter\"><a href=\"https:\/\/diarioelpopular.com\/wp-content\/uploads\/2013\/03\/tierra-santa.jpg\"><img loading=\"lazy\" decoding=\"async\" aria-describedby=\"caption-attachment-448094\" class=\"size-full wp-image-448094\" title=\"tierra-santa\" src=\"https:\/\/diarioelpopular.com\/wp-content\/uploads\/2013\/03\/tierra-santa.jpg\" alt=\"\" width=\"640\" height=\"428\" \/><\/a><p id=\"caption-attachment-448094\" class=\"wp-caption-text\">Los hechos se produjeron en una plaza aleda\u00f1a a la principal entrada a la bas\u00edlica, pr\u00f3xima a la Novena Estaci\u00f3n, aquella en la que Jes\u00fas cay\u00f3 con la cruz por tercera vez.<\/p><\/div>\n<p>Daniela Brik<\/p>\n<div id=\"texto\">\n<div>\n<p><strong><em>Jerusal\u00e9n.-<\/em><\/strong> La procesi\u00f3n del Viernes Santo por la V\u00eda Dolorosa de Jerusal\u00e9n fue testigo sin quererlo, de un momento de inusitada tensi\u00f3n con forcejeos, pu\u00f1etazos y empujones incluidos, a escasos metros del Santo Sepulcro.<\/p>\n<p>Los hechos se produjeron en una plaza aleda\u00f1a a la principal entrada a la bas\u00edlica, pr\u00f3xima a la Novena Estaci\u00f3n, aquella en la que Jes\u00fas cay\u00f3 con la cruz por tercera vez.<\/p>\n<p>Una congregaci\u00f3n de palestinos adscrita al Patriarcado Latino de Jerusal\u00e9n y que participaba en los actos procesionales aguardaba su turno para entrar en el santuario frente a una docena de polic\u00edas israel\u00edes que formaban un cord\u00f3n que regulaba el paso de entrada de los diferentes grupos del V\u00eda Crucis.<\/p>\n<p>Tras unos diez minutos de espera, los \u00e1nimos se caldearon entre los feligreses, muchos de ellos j\u00f3venes, y se desencaden\u00f3 un forcejeo entre los palestinos y los agentes israel\u00edes, que no dispon\u00edan de material antidisturbios.<\/p>\n<p>El choque desemboc\u00f3 en empujones, enfrentamientos a golpes y pu\u00f1etazos entre los palestinos y los agentes del orden israel\u00edes, mientras parte del p\u00fablico que observaba la procesi\u00f3n logr\u00f3 sortear el vallado policial y se introdujo en la v\u00eda.<\/p>\n<p>La tensi\u00f3n se redujo posteriormente tras la intervenci\u00f3n de los l\u00edderes del grupo religioso palestino, que calmaron los \u00e1nimos y consiguieron que los congregados pudiesen entrar finalmente en la bas\u00edlica en medio de los aplausos de los asistentes.<\/p>\n<p>Los agentes israel\u00edes se llevaron al menos a uno de los palestinos detenidos.<\/p>\n<p>Salvando este incidente, centenares de personas participaron hoy en diferentes procesiones que recorrieron las catorce estaciones de la cruz que se encuentran en la ciudad vieja de Jerusal\u00e9n, encabezadas por el patriarca latino, Fuad Tual, y el custodio franciscano de Tierra Santa, Pierre Battista Pizaballa.<\/p>\n<p>La marcha, amorfa en estructura porque cada grupo y parroquia reza a su propio ritmo y en su propio idioma, comenz\u00f3 poco antes del mediod\u00eda en la parte baja de la ciudadela con dos cruces de madera de olivo, \u00fanica iconograf\u00eda de la Semana Santa de Jerusal\u00e9n.<\/p>\n<p>Una de ellas apenas era visible entre la multitud de feligreses que la rodeaba y transportaba al mismo tiempo.<\/p>\n<p>Frailes franciscanos, grupos de boyscouts palestinos, monjas de diferentes \u00f3rdenes y peregrinos de distintas nacionalidades, algunos con gorras distintivas, formaban los diferentes grupos de la procesi\u00f3n que oraban al un\u00edsono en idiomas como \u00e1rabe, lat\u00edn, castellano o ingl\u00e9s.<\/p>\n<p>El zoco palestino, con sus multicolores tejidos, artesan\u00edas de cuero y objetos relacionados con las tres religiones monote\u00edstas adem\u00e1s de imaginer\u00eda religiosa cat\u00f3lica, se convirti\u00f3 por unas horas en testigo mudo del deambular y cantar de los marchantes.<\/p>\n<p>Para Alicia Gram, una filipina cat\u00f3lica que vive desde hace d\u00e9cadas en Carolina del Norte (EEUU), el poder vivir de cerca el V\u00eda Crucis en el lugar donde todo transcurri\u00f3 es una vivencia \u00fanica.<\/p>\n<p>&#8220;Este es un viaje \u00fanico en la vida, es importante estar aqu\u00ed el Viernes Santo en Tierra Santa. No tengo palabras para describir la experiencia de estar aqu\u00ed y recordar a toda mi familia&#8221;, explic\u00f3 esta peregrina.<\/p>\n<p>La procesi\u00f3n, que no lleg\u00f3 a las dos horas de duraci\u00f3n, concluy\u00f3 en el Santo Sepulcro, que alberga las \u00faltimas estaciones del V\u00eda Crucis, incluido el G\u00f3lgota o Calvario, la Piedra de la Unci\u00f3n y el propio sepulcro vac\u00edo de Cristo, donde tienen lugar las \u00faltimas plegarias.<\/p>\n<p>La de hoy es considerada la procesi\u00f3n m\u00e1s importante de la semana pascual en Tierra Santa.<\/p>\n<p>A lo largo del d\u00eda tienen lugar otros ritos que marcan el Viernes Santo como la apertura a las 8.00 de la ma\u00f1ana del Santo Sepulcro tras permanecer clausurado desde ayer, cuando el patriarca latino oficia una misa en recuerdo de la Pasi\u00f3n de Cristo, o una procesi\u00f3n funeral encabezada por el custodio a \u00faltima hora de la tarde.<\/p>\n<p>Pese a ser una de las jornadas m\u00e1s importantes para el cristianismo, Jes\u00fas sigue sin ser profeta en su propia tierra como lo demuestra el hecho de que muchos musulmanes y jud\u00edos ignoran lo se\u00f1alado del d\u00eda.<\/p>\n<p>Un gu\u00eda tur\u00edstico israel\u00ed que se top\u00f3 con el cord\u00f3n policial junto al Santo Sepulcro interpelaba a los agentes: &#8220;hacedme el favor, tengo un grupo de extranjeros que no habla palabra de hebreo y debo acceder a la V\u00eda Dolorosa. Qu\u00e9 sucede aqu\u00ed, \u00bfde qu\u00e9 es esta marcha?&#8221;, a lo que una periodista contesta en tono ilustrativo: Viernes Santo en Jerusal\u00e9n.<\/p>\n<\/div>\n<\/div>\n","protected":false},"excerpt":{"rendered":"<p>La procesi\u00f3n del Viernes Santo por la V\u00eda Dolorosa de Jerusal\u00e9n fue testigo sin quererlo, de un momento de inusitada tensi\u00f3n con forcejeos, pu\u00f1etazos y empujones incluidos, a escasos metros del Santo Sepulcro.<\/p>\n","protected":false},"author":1,"featured_media":448094,"comment_status":"open","ping_status":"open","sticky":false,"template":"","format":"standard","meta":{"footnotes":""},"categories":[24],"tags":[10396,10397,2442,2515,78,10398,8483,2194,2878],"class_list":["post-448093","post","type-post","status-publish","format-standard","has-post-thumbnail","hentry","category-mundo","tag-cruces","tag-crucis","tag-de","tag-el","tag-en","tag-forcejeos","tag-madera","tag-via","tag-y"],"_links":{"self":[{"href":"https:\/\/diarioelpopular.com\/index.php\/wp-json\/wp\/v2\/posts\/448093","targetHints":{"allow":["GET"]}}],"collection":[{"href":"https:\/\/diarioelpopular.com\/index.php\/wp-json\/wp\/v2\/posts"}],"about":[{"href":"https:\/\/diarioelpopular.com\/index.php\/wp-json\/wp\/v2\/types\/post"}],"author":[{"embeddable":true,"href":"https:\/\/diarioelpopular.com\/index.php\/wp-json\/wp\/v2\/users\/1"}],"replies":[{"embeddable":true,"href":"https:\/\/diarioelpopular.com\/index.php\/wp-json\/wp\/v2\/comments?post=448093"}],"version-history":[{"count":0,"href":"https:\/\/diarioelpopular.com\/index.php\/wp-json\/wp\/v2\/posts\/448093\/revisions"}],"wp:featuredmedia":[{"embeddable":true,"href":"https:\/\/diarioelpopular.com\/index.php\/wp-json\/"}],"wp:attachment":[{"href":"https:\/\/diarioelpopular.com\/index.php\/wp-json\/wp\/v2\/media?parent=448093"}],"wp:term":[{"taxonomy":"category","embeddable":true,"href":"https:\/\/diarioelpopular.com\/index.php\/wp-json\/wp\/v2\/categories?post=448093"},{"taxonomy":"post_tag","embeddable":true,"href":"https:\/\/diarioelpopular.com\/index.php\/wp-json\/wp\/v2\/tags?post=448093"}],"curies":[{"name":"wp","href":"https:\/\/api.w.org\/{rel}","templated":true}]}}