{"id":448218,"date":"2013-04-05T22:11:23","date_gmt":"2013-04-06T02:11:23","guid":{"rendered":"http:\/\/diarioelpopular.com\/?p=448218"},"modified":"2013-04-05T22:11:23","modified_gmt":"2013-04-06T02:11:23","slug":"hablemos-de-cine-49","status":"publish","type":"post","link":"https:\/\/diarioelpopular.com\/index.php\/2013\/04\/05\/hablemos-de-cine-49\/","title":{"rendered":"HABLEMOS DE CINE"},"content":{"rendered":"<div id=\"attachment_448219\" style=\"width: 710px\" class=\"wp-caption aligncenter\"><a href=\"https:\/\/diarioelpopular.com\/wp-content\/uploads\/2013\/04\/WEB.PESCADOR.jpg\"><img loading=\"lazy\" decoding=\"async\" aria-describedby=\"caption-attachment-448219\" class=\"size-full wp-image-448219\" title=\"WEB.PESCADOR\" src=\"https:\/\/diarioelpopular.com\/wp-content\/uploads\/2013\/04\/WEB.PESCADOR.jpg\" alt=\"\" width=\"700\" height=\"420\" \/><\/a><p id=\"caption-attachment-448219\" class=\"wp-caption-text\">Andr\u00e9s Crespo en PESCADOR<\/p><\/div>\n<p align=\"center\"><strong>Por Jorge Gutman<\/strong><\/p>\n<p>Este viernes ha comenzado la cuarta edici\u00f3n del <strong>FCLM<\/strong>, una muestra destinada a destacar los filmes m\u00e1s importantes de\u00a0 Am\u00e9rica Latina, Espa\u00f1a y Portugal producidos durante el \u00faltimo a\u00f1o. Como en ediciones anteriores, la programaci\u00f3n de este a\u00f1o incluye t\u00edtulos de cineastas consagrados as\u00ed como trabajos realizados por nuevos y prometedores realizadores.<\/p>\n<p>El festival se inaugura con la presentaci\u00f3n de <strong>D\u00edas de Pesca<\/strong> (Argentina), \u00faltima pel\u00edcula del veterano realizador Carlos Sor\u00edn quien ha sido especialmente invitado para la ocasi\u00f3n y que adem\u00e1s estar\u00e1 presente en la retrospectiva que incluye algunos t\u00edtulos de su filmograf\u00eda.<\/p>\n<p><strong>D\u00edas de Pesca<\/strong> cautiva por su gran humanidad a\u00a0 trav\u00e9s de un personaje atrayente y c\u00e1lido. La sencilla pero eficaz historia presenta a Marco (Alejandro Awada), un alcoh\u00f3lico recuperado de mediana edad que viaja a una zona costera de la Patagonia argentina con la intenci\u00f3n de dedicarse a la pesca de tiburones. Tanto a trav\u00e9s del camino transitado\u00a0 como a su llegada a destino se topa con agradables personajes como es el caso del gerente del hotel en que se aloja y de un pescador local. Sin embargo, la pesca es una excusa para que Marco pueda restablecer el contacto con su hija Ana (Victoria Almeida) a quien hace a\u00f1os que no ha visto,\u00a0 conocer a su yerno y al peque\u00f1o nieto que habitan a cierta distancia de su hotel. Gradualmente los resentimientos ocultos de la hija hacia su\u00a0 padre saldr\u00e1n a relucir y aunque el gui\u00f3n escrito por Sor\u00edn no explicite la causa del rencor que experimenta Ana, el realizador ofrece un film afectivo y convincente acerca de un hombre que trata de redimirse buscando una segunda oportunidad en la vida a trav\u00e9s del n\u00facleo familiar.<\/p>\n<p>Otro t\u00edtulo destacado es <strong>7 Cajas<\/strong> (Paraguay) de los directores Juan Carlos Maneglia y Tana Sch\u00e9mbori. A pesar de que la cinematograf\u00eda de Paraguay es incipiente comparada con otras de Am\u00e9rica Latina, este film demuestra que cuando hay imaginaci\u00f3n y talento es posible lograr un relato de entretenimiento superior. Todo transcurre en un gran y ca\u00f3tico mercado municipal de Asunci\u00f3n donde un adolescente (Celso Franco), deseoso de tener el dinero para comprar un tel\u00e9fono celular con c\u00e1mara blue que lo ayudar\u00eda a lanzar su carrera de actor, decide aceptar el transporte de 7 cajas, cuyo contenido desconoce, a un lugar ubicado a 8 cuadras del mercado. Tanto la narraci\u00f3n vital y entusiasta, la extraordinaria ambientaci\u00f3n como el constante suspenso y tensi\u00f3n hasta llegar a un sorprendente desenlace, permiten destacar\u00a0 la madurez de sus realizadores quienes con m\u00ednimos recursos lograron un film original e inteligente capaz de satisfacer al\u00a0 espectador selectivo como al gran p\u00fablico.<\/p>\n<p>Una muy agradable sorpresa es <strong>Pescador <\/strong>(Ecuador-Colombia) del realizador Sebasti\u00e1n Cordero. Tomando como base un gui\u00f3n por \u00e9l escrito junto a Juan Fernando Andrade, narra una interesante historia con un personaje muy bien delineando que permite crear una inmediata empat\u00eda con el p\u00fablico. Blanquito (Andr\u00e9s Crespo), un hombre sencillo \u00a0de poco m\u00e1s de 30 a\u00f1os vive con su madre en un humilde pueblo pesquero ubicado en la costa norte ecuatoriana. Deseoso de dejar su actividad de pescador, la oportunidad se le presenta cuando circunstancialmente \u00a0encuentra diseminados en la playa paquetes de coca\u00edna que fueron arrastrados por la marea. Con la ayuda de \u00a0Lorna (Mar\u00eda Cecilia S\u00e1nchez), una chica de quien est\u00e1 enamorado, parten para Guayaquil con la intenci\u00f3n de vender la droga y obtener un suculento beneficio que le permita a Blanquito cambiar de vida, como tambi\u00e9n para contactar a su padre, un importante pol\u00edtico de la ciudad que abandon\u00f3 a su madre cuando ella qued\u00f3 embarazada de \u00e9l. Adem\u00e1s de una buena descripci\u00f3n de los escenarios en que transcurre la acci\u00f3n, Cordero narra con fluidez su relato y logra de Crespo una \u00a0expresiva interpretaci\u00f3n como el muchacho so\u00f1ador deseoso de encaminar su existencia hacia otros rumbos.<\/p>\n<div id=\"attachment_448220\" style=\"width: 710px\" class=\"wp-caption aligncenter\"><a href=\"https:\/\/diarioelpopular.com\/wp-content\/uploads\/2013\/04\/WEB.TABU_.jpg\"><img loading=\"lazy\" decoding=\"async\" aria-describedby=\"caption-attachment-448220\" class=\"size-full wp-image-448220\" title=\"WEB.TABU\" src=\"https:\/\/diarioelpopular.com\/wp-content\/uploads\/2013\/04\/WEB.TABU_.jpg\" alt=\"\" width=\"700\" height=\"420\" \/><\/a><p id=\"caption-attachment-448220\" class=\"wp-caption-text\">Ana Moreira y Carloto Cotta en TABU<\/p><\/div>\n<p>El director <strong>Miguel Gomes<\/strong> presenta en <strong>Tab\u00fa<\/strong> (Portugal) una de las pel\u00edculas m\u00e1s innovadoras del festival; a\u00fan cuando se aparta de una convencional narrativa, su visi\u00f3n intriga manteniendo un constante inter\u00e9s. Dividido en dos partes, la primera mitad del relato filmada en 35 mm que transcurre en Cabo Verde en la \u00e9poca actual\u00a0 se centra en una anciana (Laura Soveral), su criada negra (Isabel Cardoso) y una vecina devota (Teresa Madruga); la segunda mitad, que carece de di\u00e1logos y est\u00e1 rodada en 16mm, retrocede en el tiempo para ubicarse en los a\u00f1os 60 del siglo pasado, presentando a la anciana en sus a\u00f1os de juventud (Ana Moreira) quien es due\u00f1a de una plantaci\u00f3n africana y est\u00e1 casada con un hombre millonario (Ivo M\u00fcller) de la zona; eso no le impide mantener una relaci\u00f3n ad\u00faltera con un aventurero seductor (Carloto Cota) que arriba al lugar y que es\u00a0el que se encarga de efectuar la narraci\u00f3n ya como anciano (Henrique Espirito Santo). Ambas secciones, muy bien filmadas en blanco y negro, quedan bien entrelazadas en un relato nada predecible donde \u00a0<strong>Gomes<\/strong> intenta mostrar una sociedad en extinci\u00f3n que refleja la decadencia del colonialismo portugu\u00e9s en \u00c1frica.<\/p>\n<p>Otra pel\u00edcula atractiva es <strong>Fecha de Caducidad<\/strong> (M\u00e9xico), una comedia dram\u00e1tica de tinte negro dirigida por\u00a0 Kenia M\u00e1rquez. Estructurada a trav\u00e9s de tres historias que convergen en su desenlace, el relato narra las tribulaciones de Ramona \u00a0(Ana Ofelia Murgu\u00eda), una anciana mujer \u00a0que cuando desaparece su hijo \u00fanico (Eduardo Espa\u00f1a) trata desesperadamente de ubicarlo; esa b\u00fasqueda hace que se vincule con una joven vecina (Marisol Centeno) que habita en el mismo edificio y que pareciera estar huyendo de algo; simult\u00e1neamente, la trama se centra en Genaro (Dami\u00e1n Alc\u00e1zar), un pat\u00e9tico personaje que se dedica a cosechar las sobras de la sociedad de consumo, quien parece conocer algo sobre el destino del hijo de Ramona. A trav\u00e9s de estos tres personajes, la directora demuestra conocer muy bien su oficio logrando un film eficientemente articulado, con algunos matices de humor negro, cuya principal originalidad descansa en presentar la visi\u00f3n de los hechos a trav\u00e9s de tres perspectivas diferentes que por incompletas logran mantener hasta el final un sostenido suspenso para saber c\u00f3mo quedar\u00e1 resuelta la historia central propuesta. Adem\u00e1s de un buen elenco, se distingue la excelente fotograf\u00eda (Javier Mor\u00f3n) captando con total autenticidad la ciudad de Guadalajara donde transcurre la acci\u00f3n, as\u00ed como un magn\u00edfico trabajo de montaje (Juan Manuel Figueroa, Felipe G\u00f3mez) permitiendo la inobjetable cohesi\u00f3n de \u00a0la pel\u00edcula.<\/p>\n<p>No menos importante es <strong>O Som au redor <\/strong>(Brasil), primer film de Kleber Mendoca Filho, donde el realizador, adoptando la forma de un thriller, relata el modo en que \u00a0la violencia latente puede repercutir en el seno de una sociedad. Tomando como referencia la ciudad costera de Recife, el espectador vive las vicisitudes de lo que acontece en un distrito de clase media alta que se encuentra rodeado de otros barrios de gran pobreza. As\u00ed, se observa a los sectores econ\u00f3micamente privilegiados viviendo en torres de cristal y estando siempre al acecho de aquellos otros humildes servidores\u00a0 a quienes explotan. \u00a0El conflicto dram\u00e1tico se produce cuando sus moradores deciden contratar los servicios de una empresa privada de seguridad donde\u00a0 un ex polic\u00eda (Irandhir Santos) tiene a su cargo el servicio de patrullaje nocturno para vigilar la zona. \u00a0Mendoca Filho maneja con gran inteligencia e imaginaci\u00f3n el tema de la violencia haciendo que su vigoroso relato trascienda a trav\u00e9s de la \u00a0buena descripci\u00f3n de los variados personajes donde quedan expuestos relevantes problemas sociales que a\u00fan persisten en Brasil. As\u00ed, a pesar del notable progreso econ\u00f3mico experimentado por el gran gigante de Am\u00e9rica Latina, a\u00fan no se ha eliminado la marcada inequidad en la distribuci\u00f3n del ingreso existente, generando en consecuencia la tensi\u00f3n social aqu\u00ed presentada.<\/p>\n<p>El director <strong>Antonio M\u00e9ndez Esparza<\/strong> aborda en <strong>Aqu\u00ed y All\u00e1<\/strong> (M\u00e9xico-Espa\u00f1a-Estados Unidos) el tema de los mexicanos migrantes que deben desplazarse en forma intermitente a Estados Unidos para poder trabajar y obtener un salario que permita mantener a sus familias. Apart\u00e1ndose de la violencia de la que el cine mexicano ha venido enfatizando en los \u00faltimos tiempos, el realizador ilustra el efecto emocional que sufren los trabajadores que deben dejar a sus familias y las consecuencias que se producen cuando retornan a su tierra natal y tratan de reubicarse en la sociedad a la cual pertenecen. \u00a0\u00c9se es el caso de Pedro (Pedro De los Santos Ju\u00e1rez) que regresa de &#8220;<em>all\u00e1<\/em>&#8221; (Estados Unidos) para volver &#8220;<em>aqu\u00ed<\/em>&#8221; (una peque\u00f1a aldea monta\u00f1osa de M\u00e9xico) con el prop\u00f3sito de no partir nuevamente y poder disfrutar de la vida en familia. Sin embargo el retorno resulta dif\u00edcil donde adem\u00e1s de tener que considerar a una tercera hijita que se incorpora al n\u00facleo familiar, se encuentra empantanado con serios problemas financieros frente a la falta de trabajo; al cabo de un tiempo, eso le obliga a\u00a0tener que regresar\u00a0a los Estados Unidos en forma ilegal y nuevamente ejercer como trabajador migrante ilegal, a fin de mantener a los suyos. Con actores no profesionales que act\u00faan con absoluta naturalidad M\u00e9ndez Esparza obtiene una honesta pel\u00edcula que aunque de ficci\u00f3n adquiere el car\u00e1cter de buen documental.<\/p>\n<div id=\"attachment_448221\" style=\"width: 710px\" class=\"wp-caption aligncenter\"><a href=\"https:\/\/diarioelpopular.com\/wp-content\/uploads\/2013\/04\/WEB.ELVIS_.jpg\"><img loading=\"lazy\" decoding=\"async\" aria-describedby=\"caption-attachment-448221\" class=\"size-full wp-image-448221\" title=\"WEB.ELVIS\" src=\"https:\/\/diarioelpopular.com\/wp-content\/uploads\/2013\/04\/WEB.ELVIS_.jpg\" alt=\"\" width=\"700\" height=\"420\" \/><\/a><p id=\"caption-attachment-448221\" class=\"wp-caption-text\">John Mc Inemy en EL ULTIMO ELVIS<\/p><\/div>\n<p>En <strong>El \u00daltimo Elvis <\/strong>(Argentina), el novel director Armando Bo aborda exitosamente el tema de la doble identidad utilizando como caso de estudio el de Carlos, un individuo corriente y proletario que como medio de obtener un ingreso extra se dedica a imitar a su \u00eddolo Elvis Presley en acontecimientos sociales de diferente naturaleza; gradual y pat\u00e9ticamente deja por completo de ser quien es para asumir su otro yo en la figura del desaparecido rockero. Ciertamente, m\u00e1s all\u00e1 del humor leg\u00edtimo a que ciertas situaciones pueden conducir, el director ilustra en forma fascinante la alienaci\u00f3n de un individuo frustrado que se aleja de su realidad como una v\u00eda de escape y que debido a su incontrolada obsesi\u00f3n va en camino de convertirse en esquizofr\u00e9nico. Adem\u00e1s del cautivante tema, esta comedia dram\u00e1tica cuenta con la notable interpretaci\u00f3n de John McInerny quien realmente es un excelente imitador de Presley consiguiendo atraer al espectador con algunos de los temas pertenecientes al repertorio del imitado mito.<\/p>\n<div id=\"attachment_448222\" style=\"width: 710px\" class=\"wp-caption aligncenter\"><a href=\"https:\/\/diarioelpopular.com\/wp-content\/uploads\/2013\/04\/WEB.BLANCA.jpg\"><img loading=\"lazy\" decoding=\"async\" aria-describedby=\"caption-attachment-448222\" class=\"size-full wp-image-448222\" title=\"WEB.BLANCA\" src=\"https:\/\/diarioelpopular.com\/wp-content\/uploads\/2013\/04\/WEB.BLANCA.jpg\" alt=\"\" width=\"700\" height=\"420\" \/><\/a><p id=\"caption-attachment-448222\" class=\"wp-caption-text\">Maribel Verd\u00fa en BLANCANIEVES<\/p><\/div>\n<p><strong>Blancanieves<\/strong> (Espa\u00f1a), reciente ganadora del Goya al mejor film de 2012, es una recreaci\u00f3n moderna del cl\u00e1sico cuento infantil de los hermanos Grimm, ambientada en la Sevilla de 1920 donde la hero\u00edna (Macarena Garc\u00eda), hija de un torero (Daniel Gim\u00e9nez Cacho),\u00a0 sufre las maldades a las que la somete su madrastra (Maribel Verd\u00fa) despu\u00e9s de la muerte de su progenitor. \u00a0Filmada en blanco y negro y adoptando el estilo de las pel\u00edculas mudas de esa \u00e9poca, el di\u00e1logo est\u00e1 reemplazado por t\u00edtulos insertados, en tanto que los actores transmiten expresividad en sus rostros y movimientos. Con una interesante est\u00e9tica, el film trata de alcanzar el impacto que produjo <em>The Artist<\/em>, aunque sin lograrlo; en todo caso, el director Pablo Berger se ha arriesgado en brindar algo audaz y diferente que supera ampliamente en calidad a las dos versiones (<em>Snow White and the Huntsman<\/em>, y <em>Mirror Mirror) <\/em>que sobre el mismo tema Hollywood brind\u00f3 el a\u00f1o pasado.<\/p>\n<p>Otros filmes atractivos incluyen <strong>Violeta se fue a los Cielos <\/strong>(Chile) de Andres Wood sobre la emblem\u00e1tica folclorista Violeta Parra, <strong>El Limpiador <\/strong>(Per\u00fa) de Adri\u00e1n Saba sobre la relaci\u00f3n que se crea entre un limpiador forense y un ni\u00f1o abandonado al cual acoge, <strong>De Jueves a Domingo <\/strong>(Chile)<strong> <\/strong>de Dominga Sotomayor<strong> <\/strong>\u00a0sobre la desintegraci\u00f3n de un n\u00facleo familiar y <strong>3 <\/strong>(Uruguay) de Pablo Stoll Ward que relata la historia de un hombre que no siendo muy considerado por su nueva esposa, decide reintegrarse al hogar que dej\u00f3 hace 10 a\u00f1os integrado por su primera mujer e hija adolescente.<\/p>\n<p>El\u00a0 FCLM concluye el 25 de marzo con la exhibici\u00f3n de <strong>Infancia Clandestina <\/strong>(Argentina), donde el director Benjam\u00edn \u00c1vila recrea algunas memorias de su infancia;\u00a0 en un relato de ficci\u00f3n muy emotivo que transcurre en 1979 durante la ocupaci\u00f3n militar dictatorial imperante en Argentina, la historia gira en torno de un ni\u00f1o que se ve obligado a asumir una falsa identidad en la escuela a la que concurre a fin de proteger a sus padres que est\u00e1n comprometidos en la lucha de resistencia al r\u00e9gimen.<\/p>\n<p>Todas las exhibiciones tienen lugar en el Cin\u00e9ma du Parc de Montreal. Para la completa programaci\u00f3n y horarios de exhibici\u00f3n visitar <a href=\"http:\/\/www.cinemaduparc.com\/\">www.cinemaduparc.com<\/a> o <a href=\"http:\/\/www.fclm.ca\/\">www.fclm.ca<\/a><\/p>\n<p>&nbsp;<\/p>\n","protected":false},"excerpt":{"rendered":"<p>Este viernes ha comenzado la cuarta edici\u00f3n del FCLM, una muestra destinada a destacar los filmes m\u00e1s importantes de  Am\u00e9rica Latina, Espa\u00f1a y Portugal<\/p>\n","protected":false},"author":1,"featured_media":448219,"comment_status":"open","ping_status":"open","sticky":false,"template":"","format":"standard","meta":{"footnotes":""},"categories":[21,81,434],"tags":[1430,2202,2442,2515,10463,10464,10465],"class_list":["post-448218","post","type-post","status-publish","format-standard","has-post-thumbnail","hentry","category-canada","category-columnistas","category-hablemos-de-cine","tag-blancanieves","tag-cine-3","tag-de","tag-el","tag-elvis","tag-halemos","tag-ultimo"],"_links":{"self":[{"href":"https:\/\/diarioelpopular.com\/index.php\/wp-json\/wp\/v2\/posts\/448218","targetHints":{"allow":["GET"]}}],"collection":[{"href":"https:\/\/diarioelpopular.com\/index.php\/wp-json\/wp\/v2\/posts"}],"about":[{"href":"https:\/\/diarioelpopular.com\/index.php\/wp-json\/wp\/v2\/types\/post"}],"author":[{"embeddable":true,"href":"https:\/\/diarioelpopular.com\/index.php\/wp-json\/wp\/v2\/users\/1"}],"replies":[{"embeddable":true,"href":"https:\/\/diarioelpopular.com\/index.php\/wp-json\/wp\/v2\/comments?post=448218"}],"version-history":[{"count":0,"href":"https:\/\/diarioelpopular.com\/index.php\/wp-json\/wp\/v2\/posts\/448218\/revisions"}],"wp:featuredmedia":[{"embeddable":true,"href":"https:\/\/diarioelpopular.com\/index.php\/wp-json\/"}],"wp:attachment":[{"href":"https:\/\/diarioelpopular.com\/index.php\/wp-json\/wp\/v2\/media?parent=448218"}],"wp:term":[{"taxonomy":"category","embeddable":true,"href":"https:\/\/diarioelpopular.com\/index.php\/wp-json\/wp\/v2\/categories?post=448218"},{"taxonomy":"post_tag","embeddable":true,"href":"https:\/\/diarioelpopular.com\/index.php\/wp-json\/wp\/v2\/tags?post=448218"}],"curies":[{"name":"wp","href":"https:\/\/api.w.org\/{rel}","templated":true}]}}