{"id":448244,"date":"2013-04-08T11:52:57","date_gmt":"2013-04-08T15:52:57","guid":{"rendered":"http:\/\/diarioelpopular.com\/?p=448244"},"modified":"2013-06-17T18:30:08","modified_gmt":"2013-06-17T22:30:08","slug":"sara-montiel-sera-enterrada-en-el-madrileno-cementerio-de-san-isidro","status":"publish","type":"post","link":"https:\/\/diarioelpopular.com\/index.php\/2013\/04\/08\/sara-montiel-sera-enterrada-en-el-madrileno-cementerio-de-san-isidro\/","title":{"rendered":"Sara Montiel ser\u00e1 enterrada en el madrile\u00f1o cementerio de San Isidro"},"content":{"rendered":"<div id=\"attachment_448245\" style=\"width: 710px\" class=\"wp-caption aligncenter\"><a href=\"https:\/\/diarioelpopular.com\/wp-content\/uploads\/2013\/04\/web.sara_.mont_.jpg\"><img loading=\"lazy\" decoding=\"async\" aria-describedby=\"caption-attachment-448245\" class=\"size-full wp-image-448245\" title=\"web.sara.mont\" src=\"https:\/\/diarioelpopular.com\/wp-content\/uploads\/2013\/04\/web.sara_.mont_.jpg\" alt=\"\" width=\"700\" height=\"420\" \/><\/a><p id=\"caption-attachment-448245\" class=\"wp-caption-text\">La artista, de 85 a\u00f1os, falleci\u00f3 sobre las diez de esta ma\u00f1ana cuando estaba en su casa en compa\u00f1\u00eda de su hija, Thais, y de su gobernanta, Ana, seg\u00fan las mismas fuentes.<\/p><\/div>\n<p><strong><em>Madrid.-<\/em><\/strong> La actriz y cantante Sara Montiel, fallecida este lunes inesperadamente en su domicilio de Madrid, ser\u00e1 enterrada en el cementerio de San Isidro, en cuyo tanatorio acaba de ser instalada su capilla ardiente, han informado a Efe fuentes familiares.<\/p>\n<div id=\"texto\">\n<div>\n<p>La artista, de 85 a\u00f1os, falleci\u00f3 sobre las diez de esta ma\u00f1ana cuando estaba en su casa en compa\u00f1\u00eda de su hija, Thais, y de su gobernanta, Ana, seg\u00fan las mismas fuentes.<\/p>\n<p>Thais y Zeus, los hijos que Sara Montiel, nacida como Mar\u00eda Antonia Abad Fern\u00e1ndez en Campo de Criptana (Ciudad Real) hace 85 a\u00f1os, adopt\u00f3 con su tercer marido, Pepe Tous, est\u00e1n ya en el tanatorio junto a otros familiares.<\/p>\n<p>El periodista Jos\u00e9 Manuel Parada ha asegurado a la salida del domicilio de la artista, en el madrile\u00f1o barrio de Salamanca, que ha sido &#8220;una muerte que no se esperaba nadie&#8221;, porque &#8220;estaba preparando su maletita para ir a visitar a unos m\u00e9dicos para una revisi\u00f3n de rutina y en ese momento se ha encontrado mal y ha fallecido&#8221;.<\/p>\n<p>Se refer\u00eda Parada a que este lunes 8 ten\u00eda previsto viajar a Oviedo para acudir a la consulta del doctor Fern\u00e1ndez Vega, en la que fue tratada el pasado mes de enero de la lesi\u00f3n en un ojo que se produjo en un accidente dom\u00e9stico.<\/p>\n<p>La representante, &#8220;y por encima de todo, amiga,&#8221;, Carmen Grey, ha explicado que &#8220;anoche estaba perfectamente&#8221; y que, aunque ten\u00eda &#8220;los achaques propios de su mujer de su edad, gozaba de buena salud&#8221;.<\/p>\n<p>&#8220;Me cont\u00f3 lo del viaje y me pregunt\u00f3 qu\u00e9 pel\u00edcula estaba viendo yo por televisi\u00f3n. Y las dos est\u00e1bamos viendo la misma, &#8216;Siete almas'&#8221;, protagonizada por Will Smith, que program\u00f3 La Primera de TVE.<\/p>\n<p>Sara Montiel &#8220;estaba bien, normal -ha insistido Grey-. Me dijo que me fuera a acostar, que ella iba a hacer lo mismo&#8221;, ha a\u00f1adido.<\/p>\n<p><strong><em>Sara Montiel, la actriz &#8220;glocal&#8221;<\/em><\/strong><\/p>\n<div id=\"texto\">\n<div>\n<p>Lourdes A.Esmor\u00eds.<\/p>\n<p>Madrid, 8 abr.- &#8220;Una tabarquina&#8221;. As\u00ed de &#8220;local&#8221; se consideraba la universal Sara Montiel, una de las actrices espa\u00f1olas m\u00e1s famosas de todos los tiempos que, gracias a su brutal belleza, entr\u00f3 en Hollywood en 1954 como una nueva Gilda, donde se convirti\u00f3 en la eterna diva. Ni los a\u00f1os pudieron con su coqueter\u00eda.<\/p>\n<p>Fue de las actrices nacionales pioneras en cruzar el Atl\u00e1ntico y conquistar cinematogr\u00e1ficamente las Am\u00e9ricas tras protagonizar pel\u00edculas como &#8220;El \u00faltimo cupl\u00e9&#8221; o &#8220;La Violetera&#8221;, lo que la convirti\u00f3 en la actriz mejor pagada del mundo, pero su viajado coraz\u00f3n siempre estuvo en Espa\u00f1a, su apego a la tierra, al origen, la llevaba todos los veranos, a la isla de Tabarca (Alicante).<\/p>\n<p>Lleg\u00f3 incluso a actuar en obras de teatro sobre la historia de la isla alicantina y era sorprendente encontrarla, sentada en una simple silla de playa, a pie de casa, contemplando el horizonte, a las cinco de la tarde, ataviada con una de sus t\u00fanicas, enjoyada con precisi\u00f3n mientras compart\u00eda t\u00e9 y palique con una corte de mujeres.<\/p>\n<p>Y all\u00ed, en una isla del Mediterr\u00e1neo le sal\u00eda el alma de manchega, sin rodeos, y ante un cort\u00e9s &#8220;buenas tardes&#8221; contestaba con una invitaci\u00f3n directa: &#8220;\u00bfLes apetece un pastelito?&#8221;. Era marzo de 2009.<\/p>\n<p>La estrella de la pantalla y la canci\u00f3n, &#8220;Sarit\u00edsima&#8221;, no aparc\u00f3 el &#8220;glamour&#8221; ni en la playa, conserv\u00f3 el enigma de leyenda y se ali\u00f3 con el exceso.<\/p>\n<p>Operada de est\u00e9tica hasta la obsesi\u00f3n, era su mayor fan. &#8220;Siempre ha parecido que tengo menos edad, por mi cutis y por unas piernas que valen un potos\u00ed&#8221;, dec\u00eda ya en 1991 Maria Antonia Abad o Sara Montiel, quien logr\u00f3 \u00edndices de popularidad que jam\u00e1s hab\u00eda tenido una artista espa\u00f1ola.<\/p>\n<p>Cuando hace ocho a\u00f1os el Ateneo de Madrid le rindi\u00f3 un homenaje como actriz, comentaba sus pel\u00edculas con ese humor c\u00e1ustico: &#8220;Todav\u00eda no necesitaba ponerme p\u00f3mulos&#8221; o &#8220;entonces los labios no se llevaban como morcillas&#8221;.<\/p>\n<p>Su estilo, inconmensurable, cre\u00f3 icono y trascendi\u00f3 modas hasta el final de sus d\u00edas. Su cabello, versionado en rizos o recogido en un mo\u00f1o iba acompa\u00f1ado, casi siempre, por unos aros por pendientes mientras arropaba sus anta\u00f1o envidiadas curvas con grandes t\u00fanicas.<\/p>\n<p>Precursora de la manicura, Montiel jam\u00e1s descuidaba sus manos, engalanadas con joyas importantes, una de sus m\u00faltiples pasiones, que le robaron en alguna ocasi\u00f3n aunque ella siempre aclaraba: &#8220;Los brillantes los tengo en el banco&#8221;.<\/p>\n<p>Desde que tuvo uso de raz\u00f3n se hizo un juramento: &#8220;No tener ning\u00fan amo, ser p\u00e1jaro libre&#8221; y seg\u00fan ella, lo hab\u00eda cumplido.<\/p>\n<p>Segura de s\u00ed misma, por dentro y por fuera, Sara, Sarita Montiel, termin\u00f3 eclips\u00e1ndose a s\u00ed misma.<\/p>\n<\/div>\n<\/div>\n<\/div>\n<\/div>\n","protected":false},"excerpt":{"rendered":"<p>La actriz y cantante Sara Montiel, fallecida este lunes inesperadamente en su domicilio de Madrid, ser\u00e1 enterrada en el cementerio de San Isidro, en cuyo tanatorio acaba de ser instalada su capilla ardiente.<\/p>\n","protected":false},"author":1,"featured_media":448245,"comment_status":"open","ping_status":"open","sticky":false,"template":"","format":"standard","meta":{"footnotes":""},"categories":[80,24],"tags":[4678,2442,2515,78,10477,10478,10479,10480,2608,10481,10482],"class_list":["post-448244","post","type-post","status-publish","format-standard","has-post-thumbnail","hentry","category-cine-2","category-mundo","tag-cementerio","tag-de","tag-el","tag-en","tag-enterrada","tag-isidro","tag-madrileno","tag-montiel","tag-san","tag-sara","tag-sera"],"_links":{"self":[{"href":"https:\/\/diarioelpopular.com\/index.php\/wp-json\/wp\/v2\/posts\/448244","targetHints":{"allow":["GET"]}}],"collection":[{"href":"https:\/\/diarioelpopular.com\/index.php\/wp-json\/wp\/v2\/posts"}],"about":[{"href":"https:\/\/diarioelpopular.com\/index.php\/wp-json\/wp\/v2\/types\/post"}],"author":[{"embeddable":true,"href":"https:\/\/diarioelpopular.com\/index.php\/wp-json\/wp\/v2\/users\/1"}],"replies":[{"embeddable":true,"href":"https:\/\/diarioelpopular.com\/index.php\/wp-json\/wp\/v2\/comments?post=448244"}],"version-history":[{"count":2,"href":"https:\/\/diarioelpopular.com\/index.php\/wp-json\/wp\/v2\/posts\/448244\/revisions"}],"predecessor-version":[{"id":451442,"href":"https:\/\/diarioelpopular.com\/index.php\/wp-json\/wp\/v2\/posts\/448244\/revisions\/451442"}],"wp:featuredmedia":[{"embeddable":true,"href":"https:\/\/diarioelpopular.com\/index.php\/wp-json\/"}],"wp:attachment":[{"href":"https:\/\/diarioelpopular.com\/index.php\/wp-json\/wp\/v2\/media?parent=448244"}],"wp:term":[{"taxonomy":"category","embeddable":true,"href":"https:\/\/diarioelpopular.com\/index.php\/wp-json\/wp\/v2\/categories?post=448244"},{"taxonomy":"post_tag","embeddable":true,"href":"https:\/\/diarioelpopular.com\/index.php\/wp-json\/wp\/v2\/tags?post=448244"}],"curies":[{"name":"wp","href":"https:\/\/api.w.org\/{rel}","templated":true}]}}