{"id":448360,"date":"2013-04-15T23:33:08","date_gmt":"2013-04-16T03:33:08","guid":{"rendered":"http:\/\/diarioelpopular.com\/?p=448360"},"modified":"2013-04-15T23:33:08","modified_gmt":"2013-04-16T03:33:08","slug":"al-menos-tres-muertos-y-mas-de-130-heridos-por-bombas-en-boston","status":"publish","type":"post","link":"https:\/\/diarioelpopular.com\/index.php\/2013\/04\/15\/al-menos-tres-muertos-y-mas-de-130-heridos-por-bombas-en-boston\/","title":{"rendered":"Al menos tres muertos y m\u00e1s de 130 heridos por bombas en Boston"},"content":{"rendered":"<div id=\"attachment_448361\" style=\"width: 710px\" class=\"wp-caption aligncenter\"><a href=\"https:\/\/diarioelpopular.com\/wp-content\/uploads\/2013\/04\/web1.jpg\"><img loading=\"lazy\" decoding=\"async\" aria-describedby=\"caption-attachment-448361\" class=\"size-full wp-image-448361\" title=\"web,1\" src=\"https:\/\/diarioelpopular.com\/wp-content\/uploads\/2013\/04\/web1.jpg\" alt=\"\" width=\"700\" height=\"420\" \/><\/a><p id=\"caption-attachment-448361\" class=\"wp-caption-text\">Aunque las autoridades todav\u00eda no lo han denominado oficialmente como tal, todo apunta a que se trata del primer acto terrorista, de origen exterior o interior, en suelo estadounidense, en doce a\u00f1os. La gr\u00e1fica registra el momento en el que una de los artefactos explota.<\/p><\/div>\n<p><strong><em>Washington.-<\/em><\/strong> El comisionado de la polic\u00eda de\u00a0Boston\u00a0(Massachusetts), Ed Davis, confirm\u00f3 \u00a0que al menos tres personas murieron a ra\u00edz de las dos explosiones ocurridas durante el marat\u00f3n en esta ciudad portuaria, que dej\u00f3 m\u00e1s de 130 heridos.<\/p>\n<div id=\"texto\">\n<div>\n<p>Aunque las autoridades todav\u00eda no lo han denominado oficialmente como tal, todo apunta a que se trata del primer acto terrorista, de origen exterior o interior, en suelo estadounidense, en doce a\u00f1os.<\/p>\n<p>Las escenas de dolor trajeron a la memoria de los ciudadanos los ataques perpetrados por Al Qaeda el 11 de septiembre de 2001, con aviones secuestrados, contra las Torres Gemelas de Nueva York y el Pent\u00e1gono de Washington.<\/p>\n<p>Durante una conferencia de prensa, Davis confirm\u00f3 la muerte de las tres personas, aunque no ofreci\u00f3 m\u00e1s detalles. Previamente se hab\u00eda informado de que uno de los fallecidos es un ni\u00f1o de ocho a\u00f1os.<\/p>\n<p>Diecisiete heridos se encuentran en estado cr\u00edtico, por lo que la cifra de muertos podr\u00eda aumentar en las pr\u00f3ximas horas.<\/p>\n<p>En un mensaje a la naci\u00f3n, el presidente de EE.UU., Barack Obama, admiti\u00f3 que las autoridades todav\u00eda no saben qui\u00e9nes son los responsables de las explosiones, pero asegur\u00f3: &#8220;los descubriremos y caer\u00e1 sobre ellos el peso de la ley&#8221;.<\/p>\n<p>&#8220;Todav\u00eda no sabemos qui\u00e9n hizo esto ni porqu\u00e9&#8221;, afirm\u00f3 Obama en una breve declaraci\u00f3n desde la Casa Blanca.<\/p>\n<p>&#8220;Pero no se equivoquen, llegaremos al fondo de esto y descubriremos qui\u00e9n lo hizo, sabremos por qu\u00e9 lo hicieron. Cualquier individuo responsable, cualquier grupo responsable sentir\u00e1 todo el peso de la justicia&#8221;, agreg\u00f3 el presidente estadounidense.<\/p>\n<p>Las explosiones se produjeron cerca de la l\u00ednea de llegada de la carrera, con un intervalo de unos doce segundos, cuando todav\u00eda hab\u00eda corredores en la pista y numeroso p\u00fablico presenciando la competici\u00f3n, una de las m\u00e1s prestigiosas de este tipo de acontecimientos deportivos.<\/p>\n<p>Davis a\u00f1adi\u00f3 que la investigaci\u00f3n est\u00e1 liderada por el FBI, la Oficina Federal de Investigaciones (FBI).<\/p>\n<p>El comisionado desminti\u00f3, por otro lado, que las fuerzas de seguridad hayan detenido a ning\u00fan sospechoso, contrariamente a lo que informaron algunos medios.<\/p>\n<p>Por su parte, el gobernador de Massachusetts, Deval Patrick, reiter\u00f3 que las autoridades locales, estatales y federales trabajan estrechamente para esclarecer los hechos de este &#8220;horrendo suceso&#8221; y que miembros de la Guardia Nacional &#8220;han resguardado la escena del crimen&#8221;.<\/p>\n<p>&#8220;La ciudad de\u00a0Boston\u00a0est\u00e1 abierta y estar\u00e1 abierta, pero no ser\u00e1 un d\u00eda normal. Habr\u00e1 un aumento de la presencia policial&#8221; en la ciudad, asegur\u00f3 Patrick.<\/p>\n<p>&#8220;Superaremos esto&#8230; no tenemos respuestas a todas sus preguntas&#8221;, agreg\u00f3 Patrick, quien inst\u00f3 al p\u00fablico a que se mantenga alerta y colabore con las investigaciones.<\/p>\n<p>Ambos recomendaron a la poblaci\u00f3n ser paciente, extremar la vigilancia y comunicar a los agentes cualquier pista que pueda contribuir a esclarecer los hechos.<\/p>\n<p><strong><em>Primer ministro canadiense expresa su &#8220;conmoci\u00f3n&#8221; por explosiones en Boston<\/em><\/strong><\/p>\n<div id=\"texto\">\n<div>\n<p>OTTAWA.- El primer ministro canadiense, Stephen Harper, expres\u00f3 \u00a0su &#8220;conmoci\u00f3n&#8221; por las explosiones ocurridas este lunes durante la marat\u00f3n de Boston, que causaron la muerte de al menos dos personas.<\/p>\n<p>Harper dijo a trav\u00e9s de un comunicado: &#8220;Estoy conmocionado al escuchar sobre las explosiones que ocurrieron hoy durante la marat\u00f3n de Boston&#8221;.<\/p>\n<p>Fuentes del FBI, citadas por los medios estadounidenses, indican que se trat\u00f3 de un atentado terrorista, aunque las autoridades todav\u00eda no se han pronunciado oficialmente.<\/p>\n<p>&#8220;Es realmente triste cuando un evento tan inspirador como la marat\u00f3n de Boston es empa\u00f1ado por tales actos de violencia sin sentido&#8221;, a\u00f1adi\u00f3 el primer ministro canadiense.<\/p>\n<p>Harper termin\u00f3 indicando que &#8220;nuestros pensamientos y oraciones est\u00e1n con aquellos heridos o afectados por este horrible incidente. Apoyamos a nuestros vecinos estadounidenses en este dif\u00edcil momento&#8221;.<\/p>\n<p>Una de las dos explosiones se produjo a pocos metros del consulado canadiense. Alrededor de 2.000 canadienses estaban inscritos para participar en la popular carrera de Boston.<\/p>\n<\/div>\n<\/div>\n<\/div>\n<\/div>\n","protected":false},"excerpt":{"rendered":"<p>El comisionado de la polic\u00eda de Boston (Massachusetts), Ed Davis, confirm\u00f3  que al menos tres personas murieron a ra\u00edz de las dos explosiones .<\/p>\n","protected":false},"author":1,"featured_media":448361,"comment_status":"open","ping_status":"open","sticky":false,"template":"","format":"standard","meta":{"footnotes":""},"categories":[24],"tags":[10553,3001,5334,6180,2442,78,1547,2495,3364,420,2851,3690,2878],"class_list":["post-448360","post","type-post","status-publish","format-standard","has-post-thumbnail","hentry","category-mundo","tag-10553","tag-al","tag-bombas","tag-boston","tag-de","tag-en","tag-heridos","tag-mas","tag-menos","tag-muertos","tag-por","tag-tres","tag-y"],"_links":{"self":[{"href":"https:\/\/diarioelpopular.com\/index.php\/wp-json\/wp\/v2\/posts\/448360","targetHints":{"allow":["GET"]}}],"collection":[{"href":"https:\/\/diarioelpopular.com\/index.php\/wp-json\/wp\/v2\/posts"}],"about":[{"href":"https:\/\/diarioelpopular.com\/index.php\/wp-json\/wp\/v2\/types\/post"}],"author":[{"embeddable":true,"href":"https:\/\/diarioelpopular.com\/index.php\/wp-json\/wp\/v2\/users\/1"}],"replies":[{"embeddable":true,"href":"https:\/\/diarioelpopular.com\/index.php\/wp-json\/wp\/v2\/comments?post=448360"}],"version-history":[{"count":0,"href":"https:\/\/diarioelpopular.com\/index.php\/wp-json\/wp\/v2\/posts\/448360\/revisions"}],"wp:featuredmedia":[{"embeddable":true,"href":"https:\/\/diarioelpopular.com\/index.php\/wp-json\/"}],"wp:attachment":[{"href":"https:\/\/diarioelpopular.com\/index.php\/wp-json\/wp\/v2\/media?parent=448360"}],"wp:term":[{"taxonomy":"category","embeddable":true,"href":"https:\/\/diarioelpopular.com\/index.php\/wp-json\/wp\/v2\/categories?post=448360"},{"taxonomy":"post_tag","embeddable":true,"href":"https:\/\/diarioelpopular.com\/index.php\/wp-json\/wp\/v2\/tags?post=448360"}],"curies":[{"name":"wp","href":"https:\/\/api.w.org\/{rel}","templated":true}]}}