{"id":448427,"date":"2013-04-19T01:10:32","date_gmt":"2013-04-19T05:10:32","guid":{"rendered":"http:\/\/diarioelpopular.com\/?p=448427"},"modified":"2013-06-17T18:30:07","modified_gmt":"2013-06-17T22:30:07","slug":"maripily","status":"publish","type":"post","link":"https:\/\/diarioelpopular.com\/index.php\/2013\/04\/19\/maripily\/","title":{"rendered":"Maripily"},"content":{"rendered":"<p align=\"center\"><a href=\"https:\/\/diarioelpopular.com\/wp-content\/uploads\/2013\/04\/web.119.jpg\"><img loading=\"lazy\" decoding=\"async\" class=\"aligncenter size-full wp-image-448428\" title=\"web.1\" src=\"https:\/\/diarioelpopular.com\/wp-content\/uploads\/2013\/04\/web.119.jpg\" alt=\"\" width=\"700\" height=\"420\" \/><\/a>Se hizo todav\u00eda m\u00e1s popular en la tercera temporada de \u201cMira qui\u00e9n Baila\u201d, aunque su m\u00e1ximo reconocimiento profesional le ha llegado como dise\u00f1adora. La modelo, y empresaria puertorrique\u00f1a Maripily Rivera, experta en seducir a trav\u00e9s del lente fotogr\u00e1fico, \u00a1definitivamente! es su mejor embajadora y luce sus propias creaciones como nadie.<\/p>\n<p>Desde entonces y al margen del apoyo recibido por las celebridades y el p\u00fablico con su l\u00ednea de carteras, zapatos, trajes de ba\u00f1o, ropa deportiva, tenis y sus ya famosos jeans levanta cola\u00a0 \u2018Levanta pompis\u2019, anota muy risue\u00f1a, expres\u00f3:<\/p>\n<p>\u201cEstoy inmensamente feliz y emocionada porque para m\u00ed lo m\u00e1s importante es que una mujer se sienta c\u00f3moda, bella y sexy\u201d.<\/p>\n<p>Y es incre\u00edble el impacto psicol\u00f3gico que los colores tienen en nosotras las mujeres porque nos hacen sentir dulces, bellas, tiernas, delicadas o glamorosas, sensaci\u00f3n que la asociamos a una emoci\u00f3n y Maripily es consciente de ello, de ah\u00ed su exitosa colecci\u00f3n de trajes de ba\u00f1o.<\/p>\n<p>\u201cTengo 12 a\u00f1os dise\u00f1ando, pero esta colecci\u00f3n 2013 es la m\u00e1s importante para m\u00ed ya que tiene los colores llamativos que se est\u00e1n usando en la temporada. Hay una buena variedad en trajes de ba\u00f1o, est\u00e1n los bikinis dejando ver ese lado sexy de la mujer, hasta los trajes enteros con faja incorporada para estilizar todo tipo de figura. Es que las gorditas tambi\u00e9n tienen su parte bonita, tienen derecho a sentirse bellas y no tienen que usar el color negro solamente para verse delgadas, tenemos colores como el turquesa o el anaranjado\u201d.<a href=\"https:\/\/diarioelpopular.com\/wp-content\/uploads\/2013\/04\/web.4.jpg\"><img loading=\"lazy\" decoding=\"async\" class=\"aligncenter size-full wp-image-448429\" title=\"web.4\" src=\"https:\/\/diarioelpopular.com\/wp-content\/uploads\/2013\/04\/web.4.jpg\" alt=\"\" width=\"700\" height=\"420\" \/><\/a><\/p>\n<p>La tambi\u00e9n multifac\u00e9tica presentadora asegura que a la hora de dise\u00f1ar se va por los comentarios que la gente le hace y asi\u00a0 nos lo explica: \u201cGracias a ello puedo vestir a las muchachas de Miss Mundo Puerto Rico con la l\u00ednea de trajes de ba\u00f1o, y con la ropa sport a las chicas de Nuestra Belleza Latina. El catalogo lo hice tipo calendario y lo lanzamos en marzo, es que todo el mundo lo hace en el mes de diciembre, claro, para ese mes era que sal\u00eda la colecci\u00f3n y la primera tirada nos dur\u00f3 tan solo tres d\u00edas. Esto quiere decir que lo que estoy haciendo est\u00e1 gustando y yo soy pro \u2013 mujer, me gusta que siempre estemos bien no importa las situaciones que se pasen en la vida, todas somos bellas y ninguna es menos que otra\u201d.<a href=\"https:\/\/diarioelpopular.com\/wp-content\/uploads\/2013\/04\/web.Maripily-calendario.jpg\"><img loading=\"lazy\" decoding=\"async\" class=\"aligncenter size-full wp-image-448430\" title=\"web.Maripily--calendario\" src=\"https:\/\/diarioelpopular.com\/wp-content\/uploads\/2013\/04\/web.Maripily-calendario.jpg\" alt=\"\" width=\"738\" height=\"539\" \/><\/a><\/p>\n<p>El cielo es el l\u00edmite para Maripily Rivera. La guapa boricua admite que tiene una colecci\u00f3n completa en donde lo \u00fanico que le queda faltando son los accesorios y las zapatillas de tac\u00f3n bien alto, pero est\u00e1 trabajando en los bocetos para completar nuestro look.<a href=\"https:\/\/diarioelpopular.com\/wp-content\/uploads\/2013\/04\/weblinea.jpg\"><img loading=\"lazy\" decoding=\"async\" class=\"aligncenter size-full wp-image-448431\" title=\"weblinea\" src=\"https:\/\/diarioelpopular.com\/wp-content\/uploads\/2013\/04\/weblinea.jpg\" alt=\"\" width=\"700\" height=\"420\" \/><\/a><\/p>\n<p>Si te animas a seguir toda la tendencia de Maripily visita su p\u00e1gina <a href=\"http:\/\/www.pompisstores.com\">www.pompisstores.com<\/a> hay para todos los gustos, y lo mejor, \u00a1para todos los bolsillos!<\/p>\n","protected":false},"excerpt":{"rendered":"<p>Se hizo todav\u00eda m\u00e1s popular en la tercera temporada de \u201cMira qui\u00e9n Baila\u201d.<\/p>\n","protected":false},"author":1,"featured_media":448428,"comment_status":"open","ping_status":"open","sticky":false,"template":"","format":"standard","meta":{"footnotes":""},"categories":[80,81],"tags":[10580],"class_list":["post-448427","post","type-post","status-publish","format-standard","has-post-thumbnail","hentry","category-cine-2","category-columnistas","tag-maripily"],"_links":{"self":[{"href":"https:\/\/diarioelpopular.com\/index.php\/wp-json\/wp\/v2\/posts\/448427","targetHints":{"allow":["GET"]}}],"collection":[{"href":"https:\/\/diarioelpopular.com\/index.php\/wp-json\/wp\/v2\/posts"}],"about":[{"href":"https:\/\/diarioelpopular.com\/index.php\/wp-json\/wp\/v2\/types\/post"}],"author":[{"embeddable":true,"href":"https:\/\/diarioelpopular.com\/index.php\/wp-json\/wp\/v2\/users\/1"}],"replies":[{"embeddable":true,"href":"https:\/\/diarioelpopular.com\/index.php\/wp-json\/wp\/v2\/comments?post=448427"}],"version-history":[{"count":2,"href":"https:\/\/diarioelpopular.com\/index.php\/wp-json\/wp\/v2\/posts\/448427\/revisions"}],"predecessor-version":[{"id":451439,"href":"https:\/\/diarioelpopular.com\/index.php\/wp-json\/wp\/v2\/posts\/448427\/revisions\/451439"}],"wp:featuredmedia":[{"embeddable":true,"href":"https:\/\/diarioelpopular.com\/index.php\/wp-json\/"}],"wp:attachment":[{"href":"https:\/\/diarioelpopular.com\/index.php\/wp-json\/wp\/v2\/media?parent=448427"}],"wp:term":[{"taxonomy":"category","embeddable":true,"href":"https:\/\/diarioelpopular.com\/index.php\/wp-json\/wp\/v2\/categories?post=448427"},{"taxonomy":"post_tag","embeddable":true,"href":"https:\/\/diarioelpopular.com\/index.php\/wp-json\/wp\/v2\/tags?post=448427"}],"curies":[{"name":"wp","href":"https:\/\/api.w.org\/{rel}","templated":true}]}}