{"id":448433,"date":"2013-04-18T21:21:58","date_gmt":"2013-04-19T01:21:58","guid":{"rendered":"http:\/\/diarioelpopular.com\/?p=448433"},"modified":"2013-06-17T18:30:07","modified_gmt":"2013-06-17T22:30:07","slug":"cannes-develo-el-programa-de-la-seleccion-oficial-de-este-ano","status":"publish","type":"post","link":"https:\/\/diarioelpopular.com\/index.php\/2013\/04\/18\/cannes-develo-el-programa-de-la-seleccion-oficial-de-este-ano\/","title":{"rendered":"CANNES DEVEL\u00d3 EL PROGRAMA DE LA SELECCI\u00d3N OFICIAL DE ESTE A\u00d1O"},"content":{"rendered":"<div id=\"attachment_448434\" style=\"width: 584px\" class=\"wp-caption aligncenter\"><a href=\"https:\/\/diarioelpopular.com\/wp-content\/uploads\/2013\/04\/web.BEHIND-THE-CANDELABRA.jpg\"><img loading=\"lazy\" decoding=\"async\" aria-describedby=\"caption-attachment-448434\" class=\"size-full wp-image-448434\" title=\"web.BEHIND-THE-CANDELABRA\" src=\"https:\/\/diarioelpopular.com\/wp-content\/uploads\/2013\/04\/web.BEHIND-THE-CANDELABRA.jpg\" alt=\"\" width=\"574\" height=\"850\" \/><\/a><p id=\"caption-attachment-448434\" class=\"wp-caption-text\">Michael Douglas y Matt Damon en BEHIND THE CANDELABRA<\/p><\/div>\n<p><strong>Cr\u00f3nica de Jorge Gutman<\/strong><\/p>\n<p>En conferencia de prensa realizada en Par\u00eds en el d\u00eda de ayer, el Presidente del Festival Gilles Jacob y el Delegado General y Programador Thierry Fremaux dieron a conocer la lista de filmes que participar\u00e1n en la selecci\u00f3n oficial.<\/p>\n<p>Cabe se\u00f1alar que de las 19 pel\u00edculas anunciadas que participar\u00e1n en la Competencia Oficial aspirando la codiciada Palma de Oro, hay solamente una pel\u00edcula de Am\u00e9rica Latina escogida. Se trata de <strong>Heli<\/strong>, pel\u00edcula mexicana del director Amat Escalante de origen barcelon\u00e9s; de acuerdo a lo que se anticipa, el film tiene como escenario de fondo la violencia, corrupci\u00f3n y el tr\u00e1fico de drogas que azota al pa\u00eds y la forma c\u00f3mo llega a afectar la vida de una familia en una peque\u00f1a ciudad de M\u00e9xico.\u00a0 Este es el tercer trabajo de Escalante y cabe mencionar que su primer film <em>Sangre<\/em> estrenado en Cannes en 2005 obtuvo el premio de la cr\u00edtica (FIPRESCI) y su pel\u00edcula siguiente <em>Los Bastardos<\/em> tambi\u00e9n fue presentada en este certamen.<\/p>\n<p>M\u00e9xico es igualmente el \u00fanico pa\u00eds de la regi\u00f3n que participar\u00e1 en la muestra paralela \u201cUn Certain Regard\u201d con la presentaci\u00f3n de <strong>La Jaula de Oro<\/strong>; se trata de \u00a0la \u00f3pera prima del realizador Diego Quemada-Diez que gira en torno de dos emigrantes latinoamericanos en viaje a los Estados Unidos para concretar el ansiado sue\u00f1o americano.<\/p>\n<p>Contrastando con la escasa representaci\u00f3n iberoamericana, Estados Unidos nuevamente se encuentra representado en la competici\u00f3n oficial\u00a0 con cuatro t\u00edtulos prometedores. Uno de los mismos es <strong>Inside Llewyn Davis<\/strong> de los c\u00e9lebres hermanos Coen, que echa una mirada a la m\u00fasica folcl\u00f3rica de la d\u00e9cada del 60 en Nueva York, con la actuaci\u00f3n de Carey Mulligan y Justin Timberlake. Tambi\u00e9n genera expectativas el film <strong>Immigrant<\/strong> de James Gray con la actuaci\u00f3n de Marion Cotillard, Jeremy Renner y Joaquin Phoenix. Steven Soderbergh retorna a Cannes con <strong>Behind the Candelabra<\/strong> narrando la tempestuosa relaci\u00f3n de Liberace y su joven amante, animados respectivamente por Michael Douglas y Matt Damon. El cuarto film americano es <strong>Nebraska<\/strong> una comedia animada por Bruce Dern y Will Forte bajo la direcci\u00f3n de Alexander Payne.<\/p>\n<p>Representando a Polonia se ver\u00e1 del gran cineasta Roman Polanski <strong>La V\u00e9nus A la Fourroure <\/strong>con <strong>Emmanuelle Seigner y Mathieu Amalric.\u00a0 De Francia se conocer\u00e1 el \u00faltimo trabajo de Fran\u00e7ois Ozon Jeune et Jolie<\/strong><strong>, Le Pass\u00e9 <\/strong><strong>del consagrado director iran\u00ed Asghar Farhadi (<em>A Separation<\/em>) con Berenice Bejo (<em>The Artist<\/em>), la coproducci\u00f3n franco-danesa hablada en ingl\u00e9s Only God Forgives <\/strong><strong>de Nicolas Winding Refn con Ryan Gosling y Kristin Scott Thomas, y\u00a0 \u00a0Un Ch\u00e4teau en Italie <\/strong><strong>de la actriz y realizadora italiana Valeria Bruni-Tedeschi, que dicho sea de paso este a\u00f1o es el \u00fanico film en competici\u00f3n dirigido por una mujer.<\/strong><\/p>\n<div id=\"attachment_448435\" style=\"width: 710px\" class=\"wp-caption aligncenter\"><a href=\"https:\/\/diarioelpopular.com\/wp-content\/uploads\/2013\/04\/web.mujer_.jpg\"><img loading=\"lazy\" decoding=\"async\" aria-describedby=\"caption-attachment-448435\" class=\"size-full wp-image-448435\" title=\"web.mujer\" src=\"https:\/\/diarioelpopular.com\/wp-content\/uploads\/2013\/04\/web.mujer_.jpg\" alt=\"\" width=\"700\" height=\"420\" \/><\/a><p id=\"caption-attachment-448435\" class=\"wp-caption-text\">Tony Servillo en el film de Paolo Sorrentino LA GRANDE BELLEZZA<\/p><\/div>\n<p><strong>Italia participar\u00e1 en el film de Paulo Sorrentino <\/strong><strong>La Grande Bellezza <\/strong><strong>con Tony Servillo, en tanto que el cine asi\u00e1tico participar\u00e1 con <\/strong><strong>A Touch of Sin <\/strong><strong>del director chino Jia Zhangke,\u00a0 la pel\u00edcula japonesa <\/strong><strong>Like Father, Like Son\u00a0 <\/strong><strong>de\u00a0 Hirokazu Koreeda y <\/strong><strong>Shield of Straw <\/strong><strong>que es otro film de Jap\u00f3n dirigido por Takashi Miike.<\/strong><\/p>\n<p><strong>\u00a0<\/strong><strong>El film de inauguraci\u00f3n de la secci\u00f3n \u201cUn Certain Regard\u201d es <\/strong><strong>Bling Ring <\/strong><strong>de Sofia Coppola con Emma Watson.<\/strong><\/p>\n<p><strong>\u00a0<\/strong><strong>Como ya se anunci\u00f3 el Festival se inaugura el 15 de mayo con la proyecci\u00f3n del film de Baz Luhrmann <\/strong><strong>The Great Gatsby <\/strong><strong>y concluir\u00e1 el 26 de mayo con <\/strong><strong>Zulu <\/strong><strong>de Julien Rappenea.<\/strong><\/p>\n<div id=\"attachment_448436\" style=\"width: 527px\" class=\"wp-caption aligncenter\"><a href=\"https:\/\/diarioelpopular.com\/wp-content\/uploads\/2013\/04\/web.ONLY-GOD-FORGIVES.jpg\"><img loading=\"lazy\" decoding=\"async\" aria-describedby=\"caption-attachment-448436\" class=\"size-full wp-image-448436\" title=\"web.ONLY-GOD-FORGIVES\" src=\"https:\/\/diarioelpopular.com\/wp-content\/uploads\/2013\/04\/web.ONLY-GOD-FORGIVES.jpg\" alt=\"\" width=\"517\" height=\"287\" \/><\/a><p id=\"caption-attachment-448436\" class=\"wp-caption-text\">Ryan Gosling en ONLY GOD FORGIVES<\/p><\/div>\n","protected":false},"excerpt":{"rendered":"<p>En conferencia de prensa realizada en Par\u00eds en el d\u00eda de ayer, el Presidente del Festival Gilles Jacob y el Delegado General y Programador Thierry Fremaux dieron a conocer la lista de filmes que participar\u00e1n en la selecci\u00f3n oficial.<\/p>\n","protected":false},"author":1,"featured_media":448434,"comment_status":"open","ping_status":"open","sticky":false,"template":"","format":"standard","meta":{"footnotes":""},"categories":[21,80],"tags":[3154,3030,2442,10581,2515,4037,2611,4216,5830,2341],"class_list":["post-448433","post","type-post","status-publish","format-standard","has-post-thumbnail","hentry","category-canada","category-cine-2","tag-ano","tag-cannes","tag-de","tag-develo","tag-el","tag-este","tag-la","tag-oficial","tag-programa","tag-seleccion"],"_links":{"self":[{"href":"https:\/\/diarioelpopular.com\/index.php\/wp-json\/wp\/v2\/posts\/448433","targetHints":{"allow":["GET"]}}],"collection":[{"href":"https:\/\/diarioelpopular.com\/index.php\/wp-json\/wp\/v2\/posts"}],"about":[{"href":"https:\/\/diarioelpopular.com\/index.php\/wp-json\/wp\/v2\/types\/post"}],"author":[{"embeddable":true,"href":"https:\/\/diarioelpopular.com\/index.php\/wp-json\/wp\/v2\/users\/1"}],"replies":[{"embeddable":true,"href":"https:\/\/diarioelpopular.com\/index.php\/wp-json\/wp\/v2\/comments?post=448433"}],"version-history":[{"count":2,"href":"https:\/\/diarioelpopular.com\/index.php\/wp-json\/wp\/v2\/posts\/448433\/revisions"}],"predecessor-version":[{"id":451440,"href":"https:\/\/diarioelpopular.com\/index.php\/wp-json\/wp\/v2\/posts\/448433\/revisions\/451440"}],"wp:featuredmedia":[{"embeddable":true,"href":"https:\/\/diarioelpopular.com\/index.php\/wp-json\/"}],"wp:attachment":[{"href":"https:\/\/diarioelpopular.com\/index.php\/wp-json\/wp\/v2\/media?parent=448433"}],"wp:term":[{"taxonomy":"category","embeddable":true,"href":"https:\/\/diarioelpopular.com\/index.php\/wp-json\/wp\/v2\/categories?post=448433"},{"taxonomy":"post_tag","embeddable":true,"href":"https:\/\/diarioelpopular.com\/index.php\/wp-json\/wp\/v2\/tags?post=448433"}],"curies":[{"name":"wp","href":"https:\/\/api.w.org\/{rel}","templated":true}]}}