{"id":449552,"date":"2013-05-03T01:15:59","date_gmt":"2013-05-03T05:15:59","guid":{"rendered":"http:\/\/diarioelpopular.com\/?p=449552"},"modified":"2013-06-17T18:30:06","modified_gmt":"2013-06-17T22:30:06","slug":"festival-internacional-de-jazz-de-montreal-2013","status":"publish","type":"post","link":"https:\/\/diarioelpopular.com\/index.php\/2013\/05\/03\/festival-internacional-de-jazz-de-montreal-2013\/","title":{"rendered":"FESTIVAL INTERNACIONAL DE JAZZ DE MONTREAL 2013"},"content":{"rendered":"<div id=\"attachment_449553\" style=\"width: 710px\" class=\"wp-caption aligncenter\"><a href=\"https:\/\/diarioelpopular.com\/wp-content\/uploads\/2013\/05\/WEB.1CHUCHO.jpg\"><img loading=\"lazy\" decoding=\"async\" aria-describedby=\"caption-attachment-449553\" class=\"size-full wp-image-449553\" title=\"WEB.1CHUCHO\" src=\"https:\/\/diarioelpopular.com\/wp-content\/uploads\/2013\/05\/WEB.1CHUCHO.jpg\" alt=\"\" width=\"700\" height=\"420\" \/><\/a><p id=\"caption-attachment-449553\" class=\"wp-caption-text\">Chucho Vald\u00e9s (foto de URL)<\/p><\/div>\n<p><strong>Cr\u00f3nica de Jorge Gutman<\/strong><\/p>\n<p>Considerado como el evento de jazz m\u00e1s importante del continente, el <strong>Festival Internacional de Jazz de Montreal<\/strong> (<strong>FIJM<\/strong>) promete nuevamente constituir una gran fiesta popular en la trig\u00e9sima cuarta edici\u00f3n que habr\u00e1 de comenzar el 28 de junio y concluir\u00e1 el\u00a0 7 de julio. En conferencia de prensa anunciada el mi\u00e9rcoles de esta semana los organizadores del FIJM dieron a conocer la lista de los artistas invitados que participar\u00e1n este a\u00f1o.<\/p>\n<p>Cabe destacar que esta edici\u00f3n ser\u00e1 dedicada al \u00a0eximio pianista y compositor estadounidense <strong>Dave Brubeck<\/strong>, desaparecido en diciembre \u00faltimo un d\u00eda antes de cumplir 92 a\u00f1os y 6 meses despu\u00e9s de haber ofrecido su \u00faltimo concierto en el FIJM de 2012. \u00a0Un tributo especial le ser\u00e1 ofrecido en el concierto que tendr\u00e1 lugar el 7 de julio en el teatro Jean Duceppe por parte del\u00a0 <strong>Brubeck Brothers Quartet<\/strong> que est\u00e1 presidido por sus hijos <strong>Chris y Dan Brubeck <\/strong>y que contar\u00e1 con la participaci\u00f3n de\u00a0 <strong>Lorraine Desmarais<\/strong>, <strong>Adrian Vedady<\/strong> y <strong>Chet Doxas<\/strong> como artistas invitados.<\/p>\n<p>El concierto de apertura estar\u00e1 a cargo del grupo <strong>Pink Martini<\/strong>, una orquesta multicultural y pol\u00edglota que mezcla diversos g\u00e9neros (jazz, cl\u00e1sico, pop, swing); <strong>\u00a0<\/strong>fundado en 1994 por el pianista <strong>Thomas Lauderdale<\/strong>, el\u00a0 conjunto retorna a Montreal despu\u00e9s de haber obtenido un clamoroso \u00e9xito hace dos a\u00f1os.<\/p>\n<p>Entre algunos de los espect\u00e1culos m\u00e1s destacados se encuentra el <strong>Jazz at Lincoln<\/strong> <strong>Center Orchestra<\/strong>, una de las agrupaciones m\u00e1s importantes\u00a0 de la m\u00fasica de jazz fusionando lo tradicional con lo moderno y que cuenta con la participaci\u00f3n del gran trompetista y compositor americano <strong>Wynton Marsalis<\/strong>.<\/p>\n<p>Las hermanas pianistas <strong>Katia y Marielle Lab\u00e8que <\/strong>ofrecer\u00e1n dos programas diferentes; uno de ellos en la ejecuci\u00f3n de la magn\u00edfica suite de <em>West Side Story <\/em>basada en la obra musical de Leonard Bernstein,\u00a0 en un arreglo especial para dos pianos y percusi\u00f3n, adem\u00e1s de 3 preludios para dos pianos de\u00a0 Gerswhin y una obra compuesta expresamente para ellas por el compositor Philip Glass; el otro programa es el concierto intitulado <em>Minimalista Dream House, <\/em>una revisi\u00f3n hist\u00f3rica de la m\u00fasica minimalista a trav\u00e9s de las obras de numerosos compositores.<em>\u00a0<\/em><\/p>\n<p>Despu\u00e9s de 5 a\u00f1os de ausencia <strong>Aretha Franklin <\/strong>retorna al festival en un concierto especial donde interpretar\u00e1 algunos de sus t\u00edtulos m\u00e1s importantes como <em>Respect<\/em>, <em>Chain of Fools<\/em> y <em>A Natural Woman. <\/em>Otro espect\u00e1culo prometedor es el que brindar\u00e1 el Cuarteto del excelente saxofonista <strong>Ravi Coltrane<\/strong> con la participaci\u00f3n de <strong>Adam Rogers<\/strong> (guitarra), <strong>Dezron Douglas<\/strong> (contrabajo) y <strong>Jonathan Blake<\/strong> (bater\u00eda), con su nuevo \u00e1lbum <em>Spirit Fiction. <\/em>\u00a0Tambi\u00e9n estar\u00e1 presente el Cuarteto de <strong>Wayne Shorter<\/strong>, otro celebrado saxofonista quien vendr\u00e1 a celebrar con su conjunto su octog\u00e9simo cumplea\u00f1os junto . De similar importancia es la visita del m\u00edtico conjunto <strong>Preservation Hall Jazz Band <\/strong>que despu\u00e9s de su \u00fanico pasaje por Montreal 25 a\u00f1os atr\u00e1s viene ahora para un ofrecer un concierto que constituir\u00e1 un viaje al coraz\u00f3n de los or\u00edgenes profundos del jazz.<\/p>\n<p>El esp\u00edritu de Am\u00e9rica Latina se encuentra en el espect\u00e1culo <strong>Chucho Vald\u00e9s and the Afro<\/strong><em>&#8211;<\/em><strong>Cuban Messengers, <\/strong>donde el gran pianista cubano y su quinteto afrocubano presentar\u00e1 el nuevo \u00e1lbum <em>Border Free, <\/em>inspirado en la tradici\u00f3n musical de la poblaci\u00f3n aut\u00f3ctona de Am\u00e9rica del Norte y la cultura \u00e1rabe-andaluza.<\/p>\n<p>El festival culminar\u00e1\u00a0 con una nota de j\u00fabilo donde el p\u00fablico tendr\u00e1 oportunidad de juzgar al <strong>Soweto Gospel Choir<\/strong>. Este aclamado conjunto vocal<strong> <\/strong>fundado en Sud\u00e1frica hace 11 a\u00f1os re\u00fane a una treintena de miembros que interpreta un repertorio integrado por\u00a0 m\u00fasica gospel, reggae, soul, pop e himnos religiosos.<\/p>\n<p>Para m\u00e1s informaci\u00f3n, incluyendo la lista completa de artistas y programaci\u00f3n horaria el sitio a visitar es <a href=\"http:\/\/www.montrealjazzfest.com\/\">www.montrealjazzfest.com<\/a><\/p>\n","protected":false},"excerpt":{"rendered":"<p>Considerado como el evento de jazz m\u00e1s importante del continente, el Festival Internacional de Jazz de Montreal (FIJM) promete nuevamente constituir una gran fiesta popular en la trig\u00e9sima cuarta edici\u00f3n.<\/p>\n","protected":false},"author":1,"featured_media":449553,"comment_status":"open","ping_status":"open","sticky":false,"template":"","format":"standard","meta":{"footnotes":""},"categories":[21,80],"tags":[5891,2442,2633,4331,3947,400],"class_list":["post-449552","post","type-post","status-publish","format-standard","has-post-thumbnail","hentry","category-canada","category-cine-2","tag-5891","tag-de","tag-festival","tag-internacional","tag-jazz","tag-montreal"],"_links":{"self":[{"href":"https:\/\/diarioelpopular.com\/index.php\/wp-json\/wp\/v2\/posts\/449552","targetHints":{"allow":["GET"]}}],"collection":[{"href":"https:\/\/diarioelpopular.com\/index.php\/wp-json\/wp\/v2\/posts"}],"about":[{"href":"https:\/\/diarioelpopular.com\/index.php\/wp-json\/wp\/v2\/types\/post"}],"author":[{"embeddable":true,"href":"https:\/\/diarioelpopular.com\/index.php\/wp-json\/wp\/v2\/users\/1"}],"replies":[{"embeddable":true,"href":"https:\/\/diarioelpopular.com\/index.php\/wp-json\/wp\/v2\/comments?post=449552"}],"version-history":[{"count":2,"href":"https:\/\/diarioelpopular.com\/index.php\/wp-json\/wp\/v2\/posts\/449552\/revisions"}],"predecessor-version":[{"id":451436,"href":"https:\/\/diarioelpopular.com\/index.php\/wp-json\/wp\/v2\/posts\/449552\/revisions\/451436"}],"wp:featuredmedia":[{"embeddable":true,"href":"https:\/\/diarioelpopular.com\/index.php\/wp-json\/"}],"wp:attachment":[{"href":"https:\/\/diarioelpopular.com\/index.php\/wp-json\/wp\/v2\/media?parent=449552"}],"wp:term":[{"taxonomy":"category","embeddable":true,"href":"https:\/\/diarioelpopular.com\/index.php\/wp-json\/wp\/v2\/categories?post=449552"},{"taxonomy":"post_tag","embeddable":true,"href":"https:\/\/diarioelpopular.com\/index.php\/wp-json\/wp\/v2\/tags?post=449552"}],"curies":[{"name":"wp","href":"https:\/\/api.w.org\/{rel}","templated":true}]}}