{"id":449736,"date":"2013-05-10T18:23:58","date_gmt":"2013-05-10T22:23:58","guid":{"rendered":"http:\/\/diarioelpopular.com\/?p=449736"},"modified":"2013-05-10T18:23:58","modified_gmt":"2013-05-10T22:23:58","slug":"hablemos-de-cine-54","status":"publish","type":"post","link":"https:\/\/diarioelpopular.com\/index.php\/2013\/05\/10\/hablemos-de-cine-54\/","title":{"rendered":"HABLEMOS DE CINE"},"content":{"rendered":"<div id=\"attachment_449737\" style=\"width: 710px\" class=\"wp-caption aligncenter\"><a href=\"https:\/\/diarioelpopular.com\/wp-content\/uploads\/2013\/05\/WEB.AT-ANY.jpg\"><img loading=\"lazy\" decoding=\"async\" aria-describedby=\"caption-attachment-449737\" class=\"size-full wp-image-449737\" title=\"WEB.AT-ANY\" src=\"https:\/\/diarioelpopular.com\/wp-content\/uploads\/2013\/05\/WEB.AT-ANY.jpg\" alt=\"\" width=\"700\" height=\"420\" \/><\/a><p id=\"caption-attachment-449737\" class=\"wp-caption-text\">Zac Efron y Dennis Quaid en AT ANY PRICE<\/p><\/div>\n<h4 align=\"center\"><strong>Por Jorge Gutman<\/strong><\/h4>\n<h4><span style=\"color: #000000;font-size: 1.2em;line-height: 1.5em\">Ramin Bahrani, un director que ha demostrado \u00a0gran sensibilidad en sus anteriores trabajos, retorna con un drama que aborda las relaciones conflictivas entre padres e hijos dentro del contexto de una familia de agricultores del medio oeste de los Estados Unidos.<\/span><\/h4>\n<h4>El protagonista del relato escrito por el realizador con Hallie Elizabeth Newton es Whipple (Dennis Quaid), un hombre de familia de mediana edad que sigue la tradici\u00f3n de sus ancestros desempe\u00f1\u00e1ndose como agricultor de un campo de ma\u00edz que le pertenece. Como tal desear\u00eda que su tarea pudiera ser continuada por sus hijos. Mientras que el mayor est\u00e1 ausente en Argentina tratando de escalar el Aconcagua, el hijo menor Dean (Zac Efron) prefiere escapar de la vida rural que le aprisiona para dedicarse a las carreras de autom\u00f3viles. Pero adem\u00e1s de no sentirse inclinado por la empresa familiar, su naturaleza de muchacho noble y humilde no le permite\u00a0 aceptar con benepl\u00e1cito ciertas pr\u00e1cticas discutibles empleadas por su progenitor como, por ejemplo, \u00a0cuando se vale de un funeral para comprar a sus deudos el\u00a0 terreno que heredan a un precio bajo a fin de ampliar de este modo su control de la tierra.<\/h4>\n<h4>Si bien la tensi\u00f3n generada entre Henry y su hijo constituye uno de los aspectos centrales del relato, no menos importante es la ilustraci\u00f3n de situaciones vinculadas con la competencia feroz entablada entre los agricultores en la \u00e9poca de la tecnolog\u00eda moderna con el uso de semillas gen\u00e9ticamente modificadas. En tal sentido queda claro que el credo \u201c<em>expandirse o morir<\/em>\u201d utilizado en las reuniones gremiales est\u00e1 muy bien grabado en la mentalidad de Henry quien no tiene reparo alguno para acudir a procedimientos inescrupulosos con tal de competir con Jim Johnson (Clancy Brown), un poderoso rival, \u00a0para lograr el liderazgo en la venta de semillas.<\/h4>\n<h4>El film no mantiene un ritmo parejo, sobre todo en su primera mitad donde el relato discurre en forma desigual; sin embargo,\u00a0 la \u00a0excelente composici\u00f3n que Quaid y Efron logran de sus personajes compensa en gran parte\u00a0 ese inconveniente. Quaid deslumbra en naturalidad\u00a0 dando vida a un personaje complejo de moralidad cuestionable en tanto que Efron -dejando atr\u00e1s su faceta de adolescente carilindo de anta\u00f1o- ofrece un s\u00f3lido y muy convincente trabajo, sobre todo cuando interact\u00faa con Quaid.<\/h4>\n<h4>Es en su \u00faltima parte es donde el film adquiere un verdadero clima dram\u00e1tico al obligar a sus personajes centrales a tener que convivir\u00a0 con un turbio secreto que les unir\u00e1 de por vida\u00a0 cargando en sus conciencias el remordimiento de haber cometido una acci\u00f3n irreparable.<\/h4>\n<h4><strong><em>Conclusi\u00f3n: Aunque desigual, este drama rural arroja un saldo positivo por sus buenas actuaciones y por una buena descripci\u00f3n de la ambig\u00fcedad moral de su principal personaje.<\/em><\/strong><\/h4>\n<div id=\"attachment_449738\" style=\"width: 710px\" class=\"wp-caption aligncenter\"><a href=\"https:\/\/diarioelpopular.com\/wp-content\/uploads\/2013\/05\/WEB.KON_.jpg\"><img loading=\"lazy\" decoding=\"async\" aria-describedby=\"caption-attachment-449738\" class=\"size-full wp-image-449738\" title=\"WEB.KON\" src=\"https:\/\/diarioelpopular.com\/wp-content\/uploads\/2013\/05\/WEB.KON_.jpg\" alt=\"\" width=\"700\" height=\"420\" \/><\/a><p id=\"caption-attachment-449738\" class=\"wp-caption-text\">. Una escena de KON-TIKI<\/p><\/div>\n<h4><strong><em><\/em><\/strong><span style=\"font-size: 16px\">\u00a0<\/span><\/h4>\n<h4>KON-TIKI. Noruega, 2012. Un film de Joachim Roenning y Espen Sandberg<\/h4>\n<h4>La haza\u00f1a del etn\u00f3grafo noruego Thor Heyerdahl (1914-2002) quien realiz\u00f3 \u00a0uno de los viajes m\u00e1s audaces del siglo pasado al atravesar el Oc\u00e9ano Pac\u00edfico en balsa desde Am\u00e9rica del Sur hasta la Polinesia, es el tema de Kon-Tiki. Los directores Joachim Roenning y Espen Sandberg tratan de dramatizar algunos de los incidentes de esa traves\u00eda que ya fue tratado por el cine en el \u00a0excelente documental de 1951, ganador del premio Oscar.<\/h4>\n<h4>En esta versi\u00f3n, el p\u00fablico tiene oportunidad de contemplar un relato muy bien filmado y visualmente interesante aunque lo que se extra\u00f1a es la ausencia de emoci\u00f3n; hay aqu\u00ed una descripci\u00f3n de los hechos, sin que exista una marcada caracterizaci\u00f3n de la figura protag\u00f3nica y de la breve tripulaci\u00f3n que acompa\u00f1\u00f3 al intr\u00e9pido aventurero a emprender el inusitado viaje.<\/h4>\n<h4>Desde su infancia Heyerdahl se sinti\u00f3 inclinado a asumir riesgos y as\u00ed el film en su pr\u00f3logo ilustra un incidente donde cuando ni\u00f1o Thor estuvo a punto de perder la vida. A\u00f1os despu\u00e9s ya adulto (Pal Sverre Hagen) y encontr\u00e1ndose\u00a0 con su novia\u00a0 en la Polinesia Thor obtiene algunos indicios que le hacen sospechar que la poblaci\u00f3n nativa no proven\u00eda de Asia como se cre\u00eda sino que hab\u00eda sido colonizada por exploradores sudamericanos que llegaron desde el este hac\u00eda m\u00e1s de 1500 a\u00f1os en la \u00e9poca precolombina. De ah\u00ed en m\u00e1s \u00e9l comienza una intensa investigaci\u00f3n que con el correr de los a\u00f1os lo lleva a completar un estudio\u00a0 de gran rigurosidad \u00a0confirmando su teor\u00eda; sin embargo, encontr\u00e1ndose en Nueva York\u00a0 ning\u00fan editor acepta su punto de vista como tampoco publicar su trabajo; menos a\u00fan logra que los cient\u00edficos de la National Geographic Society est\u00e9n convencidos de su argumentaci\u00f3n.<\/h4>\n<h4>Obstinado y con la firme decisi\u00f3n de demostrar que su teor\u00eda es v\u00e1lida, el antrop\u00f3logo decide efectuar un viaje desde Per\u00fa hasta la Polinesia, siguiendo la direcci\u00f3n este-oeste y\u00a0 utilizando una balsa id\u00e9ntica a la que supuestamente emplearon los expedicionarios de esa \u00e9poca. Luego de llegar a Lima se dedica a construir la embarcaci\u00f3n vali\u00e9ndose de las ilustraciones dejadas por los colonizadores espa\u00f1oles. Junto con un grupo de 5 personas que deciden acompa\u00f1arlo, la gran haza\u00f1a comienza el 28 de abril de 1947 cuando Kon-Tiki \u2013el nombre de la balsa- deja el puerto de El Callao para internarse mar adentro en el Pac\u00edfico; despu\u00e9s de 101 d\u00edas de traves\u00eda y habiendo recorrido\u00a0 4300 millas n\u00e1uticas, la expedici\u00f3n logra exitosamente llegar a Raroia, en las islas del archipi\u00e9lago Tuamotu, el 7 de agosto de 1947. La haza\u00f1a del popular h\u00e9roe caus\u00f3 admiraci\u00f3n y su libro <em>Kon-Tiki<\/em>,<em> <\/em>relatando los pormenores de esta extraordinaria aventura, fue traducido a 70 idiomas con una venta que super\u00f3 los 50 millones de ejemplares<\/h4>\n<h4>Aunque lo que se describe es apasionante, \u00a0en t\u00e9rminos cinematogr\u00e1ficos, los realizadores no logran que \u00a0el relato trascienda dram\u00e1ticamente. Por ejemplo, en una secuencia en que Thor telef\u00f3nicamente\u00a0 le comunica desde Lima a su se\u00f1ora Liv (Agnes Kittelsen) que por el momento no regresar\u00e1 a \u00a0Noruega a fin de \u00a0emprender su viaje oce\u00e1nico, no hay ninguna emoci\u00f3n que transmita el desagrado que causa en la mujer la actitud adoptada por su marido. Por otra parte, teniendo en cuenta que la mayor parte del relato transcurre en alta mar, no hay mayores incidentes que creen situaciones de real peligro durante el trayecto dado que las ocasionales tormentas marinas o la presencia de tiburones, no alcanzan a insuflar verdadero miedo o espanto. \u00a0Solamente hay un momento de tensi\u00f3n cuando Herman (Anders Baasmo Christiansen), uno de los miembros del grupo, plantea a Heyerdahl su aprehensi\u00f3n con respecto al estado de deterioro de la balsa, obteniendo de \u00e9ste una respuesta poco amistosa. Sin situaciones anecd\u00f3ticas ni notas de humor que maticen el relato, <strong>Kon Tiki<\/strong> adquiere un car\u00e1cter descriptivo pero sin la emoci\u00f3n necesaria para que pudiera alcanzar mayor relevancia.<\/h4>\n<h4><strong><em>Conclusi\u00f3n: Con una excelente fotograf\u00eda, el film es visualmente apreciado, pero\u00a0 su insuficiencia dram\u00e1tica conspira para satisfacer como debiera<\/em><\/strong>.<\/h4>\n<h4><strong>\u00a0<\/strong><\/h4>\n<h4><strong>ROOM 237<\/strong>. Estados Unidos, 2012. Un film de Rodney Ascher<\/h4>\n<h4>El gran director Stanley Kubrick film\u00f3 en 1980 <em>The Shining<\/em> (El Resplandor), una pel\u00edcula de horror psicol\u00f3gico que es una de las mejores del g\u00e9nero que el cine haya brindado, llegando a convertirse con el transcurso de los a\u00f1os en un \u201cfilm de culto\u201d. \u00a0De un gui\u00f3n que Kubrick co-adapt\u00f3 en base a la novela hom\u00f3nima de Stephen King, el tema gira en torno a Jack Torrance (extraordinaria caracterizaci\u00f3n de Jack Nicholson) quien llega con su mujer (Shelley Duvall) y peque\u00f1o hijo (Danny Lloyd)\u00a0 a un elegante y solitario hotel ubicado en una regi\u00f3n monta\u00f1osa para hacerse cargo del mismo, durante la \u00e9poca invernal en que el establecimiento se encuentra cerrado y aislado por la nieve.\u00a0 Lentamente y a medida que progresan los d\u00edas, debido a la incomunicaci\u00f3n y agravado por el insomnio que sufre, este hombre debe luchar con sus fantasmas interiores lo que lo lleva a trastornarse mentalmente, convirti\u00e9ndose \u00a0en un ser violento que termina atentando contra su esposa e hijo.<\/h4>\n<h4>El film que se \u00a0presta a m\u00e1s de una lectura, ha generado interesantes debates sobre su contenido. En base a lo que antecede, el realizador Rodney Ascher, influido por el h\u00e1lito de misterio del film, \u00a0decidi\u00f3 realizar <strong>Room 237<\/strong>, un documental \u00a0donde cede la palabra a cinco entrevistados que exploran y elaboran diferentes teor\u00edas \u00a0sobre las referencias simb\u00f3licas subyacentes en el film de Kubrick.<\/h4>\n<h4>Observar el documental y seguir el razonamiento de estas personas constituye una experiencia sumamente divertida porque muchas de las opiniones emitidas, por m\u00e1s respetables que sean, carecen \u00a0de real fundamento para convertirse en especulaciones verdaderamente rebuscadas. Vale mencionar algunos ejemplos; est\u00e1 quien afirma que el uso de una m\u00e1quina de escribir alemana o repetidas secuencias aludiendo al n\u00famero \u201c42\u201d (a\u00f1o en que comenz\u00f3 el holocausto) implicar\u00eda que Kubrick deseaba ofrecer una par\u00e1bola sobre el genocidio nazi; tambi\u00e9n est\u00e1 el entrevistado \u00a0que cree que Kubrick quiso aludir a la matanza \u00a0de la poblaci\u00f3n nativa americana enterrada en el predio donde el \u00a0suntuoso hotel del film ha sido construido, hecho que quedar\u00eda ratificado por\u00a0 varias escenas en que se aprecian decoraciones indias; m\u00e1s extravagante resulta la teor\u00eda que vincula al film con la\u00a0 NASA donde\u00a0 Kubrick habr\u00eda contribuido a poner en escena el descenso del hombre en la luna; finalmente resulta graciosa la opini\u00f3n de quien sostiene que para comprender el film es necesario ir recorri\u00e9ndolo hacia atr\u00e1s y hacia adelante en forma simult\u00e1nea.<\/h4>\n<h4>Teniendo en cuenta la rigurosidad y el considerable tiempo que Kubrick dedicaba a sus filmes es muy posible que gran parte de lo que se observa en <em>The Shining<\/em> responda a intenciones bien guardadas\u00a0 por el realizador, \u00a0estimulando\u00a0 de este modo al espectador cin\u00e9filo para que se apreste a dilucidarlas; pero en todo caso, la mayor parte de las teor\u00edas propuestas aqu\u00ed caen dentro del terreno de meras suposiciones\u00a0 dif\u00edciles de admitir.<\/h4>\n<h4><strong><em>Conclusi\u00f3n: Este subjetivo documental est\u00e1 adecuadamente realizado y si bien las elucubraciones de los entrevistados distan de convencer, al menos divierten y\u00a0 demuestran el apasionamiento y la obsesi\u00f3n de esta gente por el film de Kubrick. Es posible que el desaparecido realizador tambi\u00e9n se habr\u00eda regocijado con las conjeturas planteadas.<\/em><\/strong><\/h4>\n<h4><strong><em>\u00a0<\/em><\/strong><\/h4>\n<h4 align=\"center\"><strong>VIDEO<\/strong><\/h4>\n<h4>LA CHISPA DE LA VIDA. Espa\u00f1a-Francia, 2011. Direcci\u00f3n: Alex de la Iglesia. Distribuci\u00f3n: Mongrel\/M\u00e9tropole (2013)<\/h4>\n<h4>Sin haberse estrenado en sala, acaba de salir en video La Chispa de la Vida, un drama expuesto como s\u00e1tira del realizador espa\u00f1ol Alex de la Iglesia. Sin alcanzar el nivel de su trabajo precedente <em>Balada Triste de Trompeta <\/em>(2010), este film ejerce un relativo impacto por su contenido social.<\/h4>\n<h4>El gui\u00f3n de Randy Feldman presenta la trayectoria vivida durante una \u00fanica jornada por un individuo desempleado que trata afanosamente de revertir su situaci\u00f3n. Roberto (Jos\u00e9 Mota) ha sido un publicista cuyo mayor \u00e9xito profesional fue haber concebido un slogan denominado \u201c<em>Coca-Cola: La Chispa de la Vida<\/em>\u201d; pero desde hace 2 a\u00f1os se esfuerza en conseguir un empleo. Estimulado por su abnegada esposa (Salma Hayek) resuelve recurrir a viejos amigos y colegas para ayudarlo a conseguir un puesto; despu\u00e9s de sufrir un rechazo por uno de ellos que ahora ocupa un cargo\u00a0 importante en una gran empresa se siente profundamente humillado.<\/h4>\n<h4>Para recordar mejores tiempos vividos, Roberto intenta ubicar el hotel donde junto a su se\u00f1ora pasaron la luna de miel, pero se encuentra frustrado cuando comprueba que ahora qued\u00f3 convertido en un museo alrededor de un anfiteatro romano; ah\u00ed, accidentalmente\u00a0\u00a0 cae al vac\u00edo pero milagrosamente salva su vida al quedar su cabeza clavada en una barra de hierro. A partir de all\u00ed los diferentes medios de comunicaci\u00f3n se hacen eco de lo acontecido junto con la aparici\u00f3n de pol\u00edticos, bomberos y param\u00e9dicos; frente a los hechos, Roberto decide aprovechar su inesperada situaci\u00f3n de figura c\u00e9lebre, tratando de\u00a0 conseguir el dinero necesario para mantener a su familia, aunque su se\u00f1ora se oponga al comportamiento por \u00e9l asumido; en otras palabras y a pesar de su condici\u00f3n, este antih\u00e9roe no tiene reparo alguno para contratar a un agente (Fernando Tejero) que se ocupe de vender los derechos a los medios de difusi\u00f3n que deseen explotar su actual situaci\u00f3n. De ah\u00ed en m\u00e1s se genera un incre\u00edble espect\u00e1culo circense en donde Roberto es la estrella absoluta.<\/h4>\n<h4>Aunque de la Iglesia no ha infundido en este film la suficiente mordacidad a la que la historia se prestaba, esta comedia negra que se transforma en un drama contenido y mesurado logra reflejar el sentimiento de un hombre al que no le importa ser engullido por \u201clos leones del circo\u201d con tal de salvar su dignidad mediante una fuente de trabajo inesperada que le procura un leg\u00edtimo ingreso.\u00a0 El film cuenta con buenas actuaciones de Mota y sobretodo de Hayek en los \u00faltimos tramos del relato.<\/h4>\n<h4>El DVD se presenta en su versi\u00f3n original espa\u00f1ola con subt\u00edtulos optativos en ingles, como tambi\u00e9n \u00a0doblada al franc\u00e9s.<\/h4>\n<h4>LECTURA DE FOTOS<\/h4>\n<h4>1.\u00a0 Zac Efron y Dennis Quaid en AT ANY PRICE<\/h4>\n<h4>2.\u00a0 Una escena de KON-TIKI<\/h4>\n<h4>3.\u00a0 Salma Hayek en LA CHISPA DE LA VIDA<\/h4>\n","protected":false},"excerpt":{"rendered":"<p>Ramin Bahrani, un director que ha demostrado  gran sensibilidad en sus anteriores trabajos, retorna con un drama que aborda las relaciones conflictivas entre padres e hijos dentro del contexto de una familia de agricultores del medio oeste de los Estados Unidos.<\/p>\n","protected":false},"author":1,"featured_media":449738,"comment_status":"open","ping_status":"open","sticky":false,"template":"","format":"standard","meta":{"footnotes":""},"categories":[21,81,434],"tags":[10841,10842,2202,2442,2499,6604],"class_list":["post-449736","post","type-post","status-publish","format-standard","has-post-thumbnail","hentry","category-canada","category-columnistas","category-hablemos-de-cine","tag-any","tag-at","tag-cine-3","tag-de","tag-hablemos","tag-price"],"_links":{"self":[{"href":"https:\/\/diarioelpopular.com\/index.php\/wp-json\/wp\/v2\/posts\/449736","targetHints":{"allow":["GET"]}}],"collection":[{"href":"https:\/\/diarioelpopular.com\/index.php\/wp-json\/wp\/v2\/posts"}],"about":[{"href":"https:\/\/diarioelpopular.com\/index.php\/wp-json\/wp\/v2\/types\/post"}],"author":[{"embeddable":true,"href":"https:\/\/diarioelpopular.com\/index.php\/wp-json\/wp\/v2\/users\/1"}],"replies":[{"embeddable":true,"href":"https:\/\/diarioelpopular.com\/index.php\/wp-json\/wp\/v2\/comments?post=449736"}],"version-history":[{"count":0,"href":"https:\/\/diarioelpopular.com\/index.php\/wp-json\/wp\/v2\/posts\/449736\/revisions"}],"wp:featuredmedia":[{"embeddable":true,"href":"https:\/\/diarioelpopular.com\/index.php\/wp-json\/"}],"wp:attachment":[{"href":"https:\/\/diarioelpopular.com\/index.php\/wp-json\/wp\/v2\/media?parent=449736"}],"wp:term":[{"taxonomy":"category","embeddable":true,"href":"https:\/\/diarioelpopular.com\/index.php\/wp-json\/wp\/v2\/categories?post=449736"},{"taxonomy":"post_tag","embeddable":true,"href":"https:\/\/diarioelpopular.com\/index.php\/wp-json\/wp\/v2\/tags?post=449736"}],"curies":[{"name":"wp","href":"https:\/\/api.w.org\/{rel}","templated":true}]}}