{"id":449814,"date":"2013-05-17T01:05:48","date_gmt":"2013-05-17T05:05:48","guid":{"rendered":"http:\/\/diarioelpopular.com\/?p=449814"},"modified":"2013-06-17T18:30:06","modified_gmt":"2013-06-17T22:30:06","slug":"paloma-san-basilio","status":"publish","type":"post","link":"https:\/\/diarioelpopular.com\/index.php\/2013\/05\/17\/paloma-san-basilio\/","title":{"rendered":"Paloma San Basilio"},"content":{"rendered":"<p align=\"center\"><a href=\"https:\/\/diarioelpopular.com\/wp-content\/uploads\/2013\/05\/web.1.PALOMA-SAN-BASILIO-1.jpg\"><img loading=\"lazy\" decoding=\"async\" class=\"aligncenter size-full wp-image-449816\" title=\"web.1.PALOMA-SAN-BASILIO-1\" src=\"https:\/\/diarioelpopular.com\/wp-content\/uploads\/2013\/05\/web.1.PALOMA-SAN-BASILIO-1.jpg\" alt=\"\" width=\"720\" height=\"997\" \/><\/a>Con toda la magia que la caracteriza, la cantante madrile\u00f1a ofrecer\u00e1 el 1 de junio en el James L. Knight Center uno de los mejores espect\u00e1culos que se hayan presentado en este teatro de Miami. Paloma trae lo mejor de su repertorio para despedirse del mundo de la m\u00fasica, siendo este la culminaci\u00f3n de esa ida y vuelta que lleva haciendo por tantos a\u00f1os, en su larga carrera iniciada en 1975.<\/p>\n<p>\u201cLa m\u00fasica me ha dado muchas cosas y lo m\u00ednimo que puedo hacer es devolverlas en ese escenario que tantas veces pis\u00e9 y en el que me sent\u00ed muy arropada por ese aplauso de todos vosotros, asi que prefiero decir, hasta siempre, que adi\u00f3s, es m\u00e1s suave y sutil. Lo que si os advierto es que no tengo nostalgia y lo que si me hace mucha ilusi\u00f3n es reencontrarme con tantos amigos para agradecer lo recibido\u201d, dice con una sonrisa Paloma v\u00eda telef\u00f3nica desde Argentina.<\/p>\n<p>\u201cHasta siempre\u201d, como es llamada su gira de conciertos que est\u00e1 recorriendo toda Am\u00e9rica Latina, es el adi\u00f3s a una carrera que le ha reportado numerosos \u00e9xitos.<\/p>\n<p>\u201cEstoy disfrutando de esta gira con todas las ganas. Esto es algo asi como una obra musical en donde los di\u00e1logos, las im\u00e1genes y la m\u00fasica, hacen de este todo un espect\u00e1culo recorriendo estos casi cuarenta a\u00f1os. Voy a interpretar temas que tanto hab\u00e9is cantado conmigo, Beso a beso, Dulcemente, Luna de miel, Juntos, y claro no podr\u00e1 faltar el toque rom\u00e1ntico a la noche con esos grandes autores como Manzanero o \u00c1lvaro Carrillo, con canciones que son una joya porque a trav\u00e9s de ellas entend\u00ed el lenguaje de otra \u00e9poca. Yo crec\u00ed con esa m\u00fasica, es de la generaci\u00f3n de mis padres, adem\u00e1s estar\u00e1n los temas de Bebu Silvetti al cual siempre recuerdo con mucho cari\u00f1o\u201d.<\/p>\n<p>La San Basilio, quien grab\u00f3 con su guitarra una cinta con dos composiciones originales de Roberta Flack y envi\u00e1ndolas a la discogr\u00e1fica Hispavox, logr\u00f3 ser contratada grabando dos sencillos y en ese mismo a\u00f1o su primer LP \u201cSombras\u201d.<\/p>\n<p>Su respuesta meditada y la sonrisa que delata su paz interior, todo fantasma que en alg\u00fan momento quiso alterar la tranquilidad y estabilidad emocional de &#8211; la dulcinea de Placido Domingo-, perdieron su oportunidad.<\/p>\n<p>\u201cNo todo fueron rosas\u201d, pero quedaron solamente en la memoria, siempre hay obst\u00e1culos, pero esos obst\u00e1culos se lograron vencer\u201d, y a la vez detalla: \u201cMe di el lujo de realizar un concierto junto a ese gran tenor, Pl\u00e1cido Domingo, en la Arena de Miami quedando un CD y un video. Cant\u00e9 con otro de los grandes, Jos\u00e9 Carreras. Los musicales, una carrera muy ligada a m\u00ed, est\u00e1n en mis venas, por eso lo que he vivido nunca va a desaparecer\u201d.<a href=\"https:\/\/diarioelpopular.com\/wp-content\/uploads\/2013\/05\/web.2.PALOMA-SAN-BASILIO-2.jpg\"><img loading=\"lazy\" decoding=\"async\" class=\"aligncenter size-full wp-image-449817\" title=\"web.2.PALOMA-SAN-BASILIO-2\" src=\"https:\/\/diarioelpopular.com\/wp-content\/uploads\/2013\/05\/web.2.PALOMA-SAN-BASILIO-2.jpg\" alt=\"\" width=\"720\" height=\"1084\" \/><\/a><\/p>\n<p>\u2018La int\u00e9rprete de Cari\u00f1o m\u00edo\u2019 o \u2018No llores por m\u00ed Argentina\u2019, nos confes\u00f3 que despu\u00e9s de ello se dedicar\u00e1 a su familia y a su otra gran pasi\u00f3n, la pintura.<\/p>\n<p>\u201cMe gusta pintar, me da mucha paz, creo obras abstractas y los atardeceres est\u00e1n ah\u00ed con mucho color. Si me hace mucha ilusi\u00f3n poder regresar nuevamente a Miami para exponer esta vez mis pinturas, y todos vosotros, que siempre me acompa\u00f1aron en mis viajes musicales, espero est\u00e9n tambi\u00e9n en esta otra etapa de mi vida\u201d.<\/p>\n<p>La diva espa\u00f1ola, \u2018La Paloma que m\u00e1s alto vuela\u2019 puntualizo diciendo sobre lo que pasar\u00e1 en ese \u00fanico y maravilloso concierto, una gira muy exitosa donde ya se ha presentado: \u201cSer\u00e1 una noche para guardar en la memoria. Un adi\u00f3s a uno de los escenarios que m\u00e1s he querido y en el que todos ustedes me han dado la felicidad de poder contar con su presencia, asi que los estar\u00e9 esperando para que juntos cantemos todos esos temas que convirtieron en hits\u201d.<\/p>\n<p>&nbsp;<\/p>\n","protected":false},"excerpt":{"rendered":"<p>Con toda la magia que la caracteriza, la cantante madrile\u00f1a ofrecer\u00e1 el 1 de junio en el James L. Knight Center uno de los mejores espect\u00e1culos que se hayan presentado en este teatro de Miami.<\/p>\n","protected":false},"author":1,"featured_media":449816,"comment_status":"open","ping_status":"open","sticky":false,"template":"","format":"standard","meta":{"footnotes":""},"categories":[80,81],"tags":[10884,10885,2608],"class_list":["post-449814","post","type-post","status-publish","format-standard","has-post-thumbnail","hentry","category-cine-2","category-columnistas","tag-basilio","tag-paloma","tag-san"],"_links":{"self":[{"href":"https:\/\/diarioelpopular.com\/index.php\/wp-json\/wp\/v2\/posts\/449814","targetHints":{"allow":["GET"]}}],"collection":[{"href":"https:\/\/diarioelpopular.com\/index.php\/wp-json\/wp\/v2\/posts"}],"about":[{"href":"https:\/\/diarioelpopular.com\/index.php\/wp-json\/wp\/v2\/types\/post"}],"author":[{"embeddable":true,"href":"https:\/\/diarioelpopular.com\/index.php\/wp-json\/wp\/v2\/users\/1"}],"replies":[{"embeddable":true,"href":"https:\/\/diarioelpopular.com\/index.php\/wp-json\/wp\/v2\/comments?post=449814"}],"version-history":[{"count":2,"href":"https:\/\/diarioelpopular.com\/index.php\/wp-json\/wp\/v2\/posts\/449814\/revisions"}],"predecessor-version":[{"id":451435,"href":"https:\/\/diarioelpopular.com\/index.php\/wp-json\/wp\/v2\/posts\/449814\/revisions\/451435"}],"wp:featuredmedia":[{"embeddable":true,"href":"https:\/\/diarioelpopular.com\/index.php\/wp-json\/"}],"wp:attachment":[{"href":"https:\/\/diarioelpopular.com\/index.php\/wp-json\/wp\/v2\/media?parent=449814"}],"wp:term":[{"taxonomy":"category","embeddable":true,"href":"https:\/\/diarioelpopular.com\/index.php\/wp-json\/wp\/v2\/categories?post=449814"},{"taxonomy":"post_tag","embeddable":true,"href":"https:\/\/diarioelpopular.com\/index.php\/wp-json\/wp\/v2\/tags?post=449814"}],"curies":[{"name":"wp","href":"https:\/\/api.w.org\/{rel}","templated":true}]}}