{"id":451569,"date":"2013-06-21T01:27:57","date_gmt":"2013-06-21T05:27:57","guid":{"rendered":"http:\/\/diarioelpopular.com\/?p=451569"},"modified":"2013-07-04T15:35:49","modified_gmt":"2013-07-04T19:35:49","slug":"rafael-amaya","status":"publish","type":"post","link":"https:\/\/diarioelpopular.com\/index.php\/2013\/06\/21\/rafael-amaya\/","title":{"rendered":"Rafael Amaya"},"content":{"rendered":"<p align=\"center\"><a href=\"https:\/\/diarioelpopular.com\/wp-content\/uploads\/2013\/06\/WEB.3.jpg\"><img loading=\"lazy\" decoding=\"async\" class=\"aligncenter size-full wp-image-451570\" title=\"WEB.3\" alt=\"\" src=\"https:\/\/diarioelpopular.com\/wp-content\/uploads\/2013\/06\/WEB.3.jpg\" width=\"700\" height=\"420\" \/><\/a>Conversar con Rafael Amaya es darse cuenta de los logros que ha alcanzado. Est\u00e1 en un momento en que ha acumulado una serie de experiencias tan importantes, que le permiten interpretar personajes con convicci\u00f3n y realismo como \u201cEl Se\u00f1or de los Cielos\u201d, con su acento norte\u00f1o lidera el rating de la televisi\u00f3n, por eso en su experiencia de encarnarlo esto nos coment\u00f3 el actor.<\/p>\n<p>\u201cPara darle vida a Aurelio Casillas me documente leyendo libros de historias relacionadas con el narcotr\u00e1fico, me toco enterarme de c\u00f3mo viven, act\u00faan y se comportan en sus negocios y de la misma forma ver como lo adaptaba a mi personalidad. Ahora estamos contando historias dentro de una realidad, no podemos ocultarla y esto sucede en todos los pa\u00edses latinoamericanos, \u2018El se\u00f1or de los cielos&#8217; es parte de la evoluci\u00f3n de la telenovela por eso los personajes se parecen a las personas reales que viven de esta manera\u201d.<\/p>\n<p>\u201cEn este caso Aurelio, aunque siempre est\u00e1 pensando en sus negocios, si te das cuenta, lo m\u00e1s importante para \u00e9l es poder proteger a su familia ante todo, esto mismo les pasa a todas esas personas, es que el poder y el dinero no lo es todo\u201d, nos asegura el artista.<a href=\"https:\/\/diarioelpopular.com\/wp-content\/uploads\/2013\/06\/WEB.RAFA_.Y-MUJER.jpg\"><img loading=\"lazy\" decoding=\"async\" class=\"aligncenter size-full wp-image-451571\" title=\"WEB.RAFA.Y-MUJER\" alt=\"\" src=\"https:\/\/diarioelpopular.com\/wp-content\/uploads\/2013\/06\/WEB.RAFA_.Y-MUJER.jpg\" width=\"700\" height=\"420\" \/><\/a><\/p>\n<p align=\"center\"><strong>Aurelio Casillas \u2013 Ximena Casillas<\/strong><\/p>\n<p>Amaya que es originario de Sonora, M\u00e9xico y ha fungido como presentador en importantes eventos, ha participado en obras teatro, en series televisivas y en el s\u00e9ptimo arte no solo en espa\u00f1ol sino en ingl\u00e9s, anota.<\/p>\n<p>\u201cTe digo que realmente a m\u00ed me gusta mi trabajo y me gusta hacerlo bien. Todos mis personajes han significado mucho en mi carrera y me encanta cuando me recuerdan como el psic\u00f3pata de Alguien te mira, o el mism\u00edsimo G\u00fcero D\u00e1vila en La Reina del Sur. Esos fueron unos papeles diferentes, fuera de lo com\u00fan, y con este de Aurelio Casillas me esper\u00e9, hasta que lleg\u00f3. Yo fui a\u00f1adiendo nuevas ideas al personaje y ah\u00ed est\u00e1n los resultados\u201d.<a href=\"https:\/\/diarioelpopular.com\/wp-content\/uploads\/2013\/06\/WEB.2.Rafael-Amaya-2.jpg\"><img loading=\"lazy\" decoding=\"async\" class=\"aligncenter size-full wp-image-451572\" title=\"WEB.2.Rafael-Amaya-2\" alt=\"\" src=\"https:\/\/diarioelpopular.com\/wp-content\/uploads\/2013\/06\/WEB.2.Rafael-Amaya-2.jpg\" width=\"612\" height=\"918\" \/><\/a><\/p>\n<p>Y agrega el mism\u00edsimo Se\u00f1or de los Cielos:<\/p>\n<p>\u201cDe hecho estamos ya en la recta final pero trabajando como si fuera el primer d\u00eda, dando lo mejor para que ese p\u00fablico que nos sigue fielmente siga entreteniendo su noche. Nosotros todos los d\u00edas estamos debatiendo temas con todo el equipo de la novela y ese tiempo es muy valioso\u201d.<\/p>\n<p>Para el horario estelar Telemundo dio en el clavo, y esto gracias a actores como Rafael Amaya que en todos los papeles que ha interpretado lo hemos visto con la misma pasi\u00f3n y disciplina. Amaya siempre est\u00e1 pensando, en toda las partes de la escena, de la actuaci\u00f3n, de las palabras y de las intenciones. El piensa en todo y ese tal vez sea su \u00e9xito, aparte de que est\u00e1 muy guapo.<a href=\"https:\/\/diarioelpopular.com\/wp-content\/uploads\/2013\/06\/WEB.4.jpg\"><img loading=\"lazy\" decoding=\"async\" class=\"aligncenter size-full wp-image-451573\" title=\"WEB.4\" alt=\"\" src=\"https:\/\/diarioelpopular.com\/wp-content\/uploads\/2013\/06\/WEB.4.jpg\" width=\"700\" height=\"420\" \/><\/a><\/p>\n<p>El Se\u00f1or de los Cielos\u2019 por la cadena Telemundo de lunes a viernes a las 10 p.m. \/9c.<\/p>\n<p>&nbsp;<\/p>\n","protected":false},"excerpt":{"rendered":"<p>Conversar con Rafael Amaya es darse cuenta de los logros que ha alcanzado. Est\u00e1 en un momento en que ha acumulado una serie de experiencias&hellip;<\/p>\n","protected":false},"author":5842,"featured_media":0,"comment_status":"open","ping_status":"open","sticky":false,"template":"","format":"standard","meta":{"footnotes":""},"categories":[80,81],"tags":[11227,9848],"class_list":["post-451569","post","type-post","status-publish","format-standard","hentry","category-cine-2","category-columnistas","tag-amaya","tag-rafael"],"_links":{"self":[{"href":"https:\/\/diarioelpopular.com\/index.php\/wp-json\/wp\/v2\/posts\/451569","targetHints":{"allow":["GET"]}}],"collection":[{"href":"https:\/\/diarioelpopular.com\/index.php\/wp-json\/wp\/v2\/posts"}],"about":[{"href":"https:\/\/diarioelpopular.com\/index.php\/wp-json\/wp\/v2\/types\/post"}],"author":[{"embeddable":true,"href":"https:\/\/diarioelpopular.com\/index.php\/wp-json\/wp\/v2\/users\/5842"}],"replies":[{"embeddable":true,"href":"https:\/\/diarioelpopular.com\/index.php\/wp-json\/wp\/v2\/comments?post=451569"}],"version-history":[{"count":2,"href":"https:\/\/diarioelpopular.com\/index.php\/wp-json\/wp\/v2\/posts\/451569\/revisions"}],"predecessor-version":[{"id":451936,"href":"https:\/\/diarioelpopular.com\/index.php\/wp-json\/wp\/v2\/posts\/451569\/revisions\/451936"}],"wp:attachment":[{"href":"https:\/\/diarioelpopular.com\/index.php\/wp-json\/wp\/v2\/media?parent=451569"}],"wp:term":[{"taxonomy":"category","embeddable":true,"href":"https:\/\/diarioelpopular.com\/index.php\/wp-json\/wp\/v2\/categories?post=451569"},{"taxonomy":"post_tag","embeddable":true,"href":"https:\/\/diarioelpopular.com\/index.php\/wp-json\/wp\/v2\/tags?post=451569"}],"curies":[{"name":"wp","href":"https:\/\/api.w.org\/{rel}","templated":true}]}}