{"id":451595,"date":"2013-06-24T11:36:21","date_gmt":"2013-06-24T15:36:21","guid":{"rendered":"http:\/\/diarioelpopular.com\/?p=451595"},"modified":"2013-06-24T11:36:21","modified_gmt":"2013-06-24T15:36:21","slug":"la-fundacion-bbva-convierte-la-ceremonia-de-entrega-de-los-premios-fronteras-del-conocimiento-en-un-homenaje-al-conjunto-de-la-comunidad-cientifica-y-creadora","status":"publish","type":"post","link":"https:\/\/diarioelpopular.com\/index.php\/2013\/06\/24\/la-fundacion-bbva-convierte-la-ceremonia-de-entrega-de-los-premios-fronteras-del-conocimiento-en-un-homenaje-al-conjunto-de-la-comunidad-cientifica-y-creadora\/","title":{"rendered":"La Fundaci\u00f3n BBVA convierte la ceremonia de entrega de los Premios Fronteras del Conocimiento en un homenaje al conjunto de la comunidad cient\u00edfica y creadora"},"content":{"rendered":"<div id=\"attachment_451596\" style=\"width: 802px\" class=\"wp-caption aligncenter\"><a href=\"https:\/\/diarioelpopular.com\/wp-content\/uploads\/2013\/06\/web.-FOTO1CEREMONIA.jpg\"><img loading=\"lazy\" decoding=\"async\" aria-describedby=\"caption-attachment-451596\" class=\"size-full wp-image-451596\" title=\"web.-FOTO1CEREMONIA\" src=\"https:\/\/diarioelpopular.com\/wp-content\/uploads\/2013\/06\/web.-FOTO1CEREMONIA.jpg\" alt=\"\" width=\"792\" height=\"609\" \/><\/a><p id=\"caption-attachment-451596\" class=\"wp-caption-text\">Fila de Abajo: Jane Lubchenco, Ecolog\u00eda y Biolog\u00eda de la Conservaci\u00f3n; Bernard P\u00e9coul, director de DNDi, instituci\u00f3n galardonada en Cooperaci\u00f3n al Desarrollo; Susan Solomon, Cambio Clim\u00e1tico. Fila del Centro: Carmen Vela, secretaria de Estado de Investigaci\u00f3n, Desarrollo e Innovaci\u00f3n; Lotfi A. Zadeh, Ciencias de la Informaci\u00f3n y la Comunicaci\u00f3n; Francisco Gonz\u00e1lez, presidente de la Fundaci\u00f3n BBVA; Francisco Lora Tamayo, director del CSIC; Pierre Boulez,  M\u00fasica Contempor\u00e1nea; Rafael Pardo, director de la Fundaci\u00f3n BBVA. Filla de Arriba: Jeffrey Friedman, Biomedicina; Douglas Coleman, Biomedicina (compartido con Jeffrey Friedman); Ingrid Daubechies; Ciencias B\u00e1sicas; David Mumford, Ciencias B\u00e1sicas (compartido con Ingrid Daubechies) y Paul Milgrom, Econom\u00eda, Finanzas y Gesti\u00f3n de Empresas.<\/p><\/div>\n<p>Francisco Gonz\u00e1lez, presidente de la Fundaci\u00f3n BBVA, ha destacado que estos premios son necesarios para \u201cque las generaciones j\u00f3venes tomen como modelo a personas cuya actividad no solo aporta un enorme disfrute y enriquecimiento interior, sino tambi\u00e9n bienestar y oportunidades colectivas y respeto para el medio ambiente\u201d<\/p>\n<p>\u2022 Los galardonados en la quinta edici\u00f3n han destacado el nivel de la ciencia espa\u00f1ola. Tambi\u00e9n han reivindicado el papel del conocimiento al servicio de la sociedad y de la necesidad de que la innovaci\u00f3n asuma riesgos<\/p>\n<p>\u2022 Tres de los diez galardonados en esta quinta edici\u00f3n son mujeres, que adem\u00e1s tienen en com\u00fan su experiencia en cargos de responsabilidad en la comunidad cient\u00edfica o en lAdministraci<\/p>\n<p><strong><em>Madrid.-<\/em><\/strong> La ciencia como gu\u00eda en decisiones que marcan el futuro, como fuente de ideas y de tecnolog\u00edas que cambian la vida, como generadora de descubrimientos que conforman la cultura y determinan actitudes.<\/p>\n<p>La ceremonia de entrega de la quinta edici\u00f3n de los Premios Fundaci\u00f3n BBVA Fronteras del Conocimiento, celebrada en el Palacio del Marqu\u00e9s de Salamanca, en Madrid, se ha convertido en un homenaje a la comunidad cient\u00edfica y creadora y a su poder transformador a trav\u00e9s de los logros de los diez galardonados. Francisco Gonz\u00e1lez, presidente de la Fundaci\u00f3n BBVA, y Emilio Lora Tamayo, presidente del Consejo Superior de Investigaciones Cient\u00edficas (CSIC), han entregado los premios en un evento que ha congregado a destacados representantes de la comunidad cient\u00edfica internacional, as\u00ed como a personalidades del mundo de la cultura y la empresa en Espa\u00f1a.<\/p>\n<p>El presidente de la Fundaci\u00f3n BBVA ha comenzado su intervenci\u00f3n reafirmando el compromiso de BBVA con el conocimiento. En el marco de la crisis, adem\u00e1s de seguir dando soluciones individualizadas a los clientes, \u201chemos continuado apoyando a la ciencia, la cultura, la educaci\u00f3n y otros programas sociales en Espa\u00f1a, en Am\u00e9rica Latina y en los 32 pa\u00edses en los que BBVA est\u00e1 presente\u201d.<\/p>\n<p>Francisco Gonz\u00e1lez ha destacado, adem\u00e1s, que estos premios nacieron antes de la crisis econ\u00f3mica y que \u201csi entonces en BBVA est\u00e1bamos convencidos de su sentido, hoy, cuando empieza a vislumbrarse la salida a la crisis, esa convicci\u00f3n y compromiso no han hecho sino reforzarse\u201d.<\/p>\n<p><strong><em>NECESIDAD DE INCENTIVAR A INVESTIGADORES Y CREADORES<\/em><\/strong><\/p>\n<p>El presidente de la Fundaci\u00f3n BBVA ha subrayado tambi\u00e9n la necesidad de incentivar y recompensar en mayor medida el trabajo de excelencia de los investigadores y creadores, ya que su labor tiene un reconocimiento social \u201cclaramente por debajo del que reciben profesiones y actividades mucho menos centrales para el bienestar de la sociedad\u201d y, en este sentido, ha destacado que \u201clos Premios Fronteras del Conocimiento son un homenaje a individuos, a grupos y a equipos concretos, pero tambi\u00e9n a la entera comunidad de investigadores y artistas\u201d.<\/p>\n<p>El reconocimiento es necesario, adem\u00e1s, para \u201cque las generaciones j\u00f3venes tomen como modelo a personas cuya actividad no solo aporta un enorme disfrute y enriquecimiento interior, sino tambi\u00e9n bienestar y oportunidades colectivas y respeto para el medio ambiente\u201d.<\/p>\n<p>Susan Solomon descubri\u00f3 la causa de la destrucci\u00f3n de la capa de ozono, y lider\u00f3 a los miles de cient\u00edficos que concluyeron que la acci\u00f3n humana est\u00e1 afectando al clima. Jane Lubchenco sent\u00f3 las bases cient\u00edficas del dise\u00f1o de reservas marinas.<\/p>\n<p>Ingrid Daubechies y David Mumford desarrollaron herramientas matem\u00e1ticas claves para la compresi\u00f3n eficiente de datos y para la tecnolog\u00eda de visi\u00f3n artificial, respectivamente. Douglas Coleman y Jeffrey Friedman descubrieron la hormona del apetito, y demostraron as\u00ed que la obesidad es una enfermedad gen\u00e9tica.<\/p>\n<p>Lotfi Zadeh invent\u00f3 la l\u00f3gica difusa, y con ella introdujo una nueva manera de dar instrucciones a las m\u00e1quinas. Paul Milgrom mejor\u00f3 las subastas globales. La instituci\u00f3n DNDi hace posible que enfermedades que afectan a miles de millones de personas, pero que no son prioritarias para la industria farmac\u00e9utica, puedan ser tratadas.<\/p>\n<p>Y Pierre Boulez representa un perfil \u00fanico que ha compaginado composici\u00f3n, direcci\u00f3n de orquesta e impulso institucional en la b\u00fasqueda constante de la innovaci\u00f3n creativa.<\/p>\n<p>Los galardonados han coincidido con el presidente de la Fundaci\u00f3n BBVA y han aprovechado sus discursos de aceptaci\u00f3n para reivindicar la necesidad de apoyar el conocimiento en todas sus variantes, incluso las que aparentemente resultan m\u00e1s distantes a la sociedad.<\/p>\n<p>\u201cA veces se considera que las matem\u00e1ticas viven en su torre de marfil, pero en realidad ciertas partes de la teor\u00eda matem\u00e1tica hallan continuamente nuevos e inesperados v\u00ednculos que iluminan situaciones del mundo real; y viceversa\u201d, ha manifestado David Mumford, galardonado en la categor\u00eda de Ciencias B\u00e1sicas junto a Ingrid Daubechies.<\/p>\n<p>Jane Lubchenco, premio en Ecolog\u00eda y Biolog\u00eda de la Conservaci\u00f3n, ha subrayado que la informaci\u00f3n cient\u00edfica puede ayudar a orientar los pasos necesarios para conservar los oc\u00e9anos, pero ha a\u00f1adido que \u201cla opini\u00f3n p\u00fablica y la voluntad pol\u00edtica son muy necesarias.<\/p>\n<p>Por eso les pido que se unan a m\u00ed para extender esa conciencia y las acciones a favor de la salud de los oc\u00e9anos\u201d. En cuanto al reto de luchar contra el cambio clim\u00e1tico, Susan Solomon, premiada en la categor\u00eda de Cambio Clim\u00e1tico, ha asegurado que es optimista: \u201cLas personas son la raz\u00f3n de mi optimismo, porque igual que en el caso del ozono, la gran curiosidad e inventiva en torno a este problema, puede canalizarse hacia el conocimiento cient\u00edfico, pero tambi\u00e9n hacia la b\u00fasqueda de soluciones\u201d.<\/p>\n<p><strong><em>PUNTOS DE ENCUENTRO CON ESPA\u00d1A<\/em><\/strong><\/p>\n<p>En una ceremonia protagonizada por galardonados internacionales \u00e9stos han querido aprovechar sus palabras para elogiar a la ciencia espa\u00f1ola. Mumford ha afirmado que \u201cpara las matem\u00e1ticas Espa\u00f1a es hoy un pa\u00eds muy interesante.<\/p>\n<p>Desde Julio Rey Pastor (\u2026) los matem\u00e1ticos espa\u00f1oles reclaman su puesto en el panorama internacional\u201d.<\/p>\n<p>Y \u00e9l mismo ha citado que sus modelos de computaci\u00f3n cerebral se inspiran en la obra del neurobi\u00f3logo Santiago Ram\u00f3n y Cajal. Una referencia que ha repetido Jeffrey Friedman, galardonado en la categor\u00eda de Biomedicina junto a Douglas Coleman, que ha situado al Nobel espa\u00f1ol en el origen de una revolucionaria oleada cient\u00edfica que ha derivado en contribuciones como la suya, sobre el papel de la leptina en el control del apetito.<\/p>\n<p>Tambi\u00e9n Lotfi Zadeh, premio en Tecnolog\u00edas de la Informaci\u00f3n y la Comunicaci\u00f3n, ha agradecido a la comunidad cient\u00edfica espa\u00f1ola que fuera de las primeras en entender y aceptar el controvertido campo de la l\u00f3gica difusa.<\/p>\n<p>El galardonado en la categor\u00eda de Econom\u00eda, Finanzas y Gesti\u00f3n de Empresas, Paul Milgrom, ha explicado que \u201cen econom\u00eda, como en casi todas las ciencias, el trabajo que importa rara vez es obra de un genio solitario (\u2026).<\/p>\n<p>Estoy aqu\u00ed porque tuve la suerte de haber sido un actor en una gran obra de muchos personajes\u201d, y en sus agradecimientos ha incluido a sus colaboradores espa\u00f1oles. Ingrid Daubechies, actual presidenta de la Uni\u00f3n Matem\u00e1tica Internacional, ha puesto en valor la amplitud y variedad de las categor\u00edas incluidas en la familia de los Premios Fundaci\u00f3n BBVA Fronteras del Conocimiento: \u201cEs bueno que una ceremonia re\u00fana y aclame la creatividad plasmada en tantas direcciones distintas del empe\u00f1o humano\u201d.<\/p>\n<p>Una afirmaci\u00f3n en concordancia con la de Pierre Boulez, galardonado en la categor\u00eda de M\u00fasica Contempor\u00e1nea, que ha agradecido su premio \u201ca los que forman esta peque\u00f1a comunidad aventurera que est\u00e1 dispuesta a asumir los riesgos de la radicalidad\u201d.<\/p>\n<p>Douglas Coleman ha repasado la serie de decisiones afortunadas que han construido su carrera, y Bernard P\u00e9coul, director de DNDi \u2013instituci\u00f3n premiada en la categor\u00eda de Cooperaci\u00f3n al Desarrollo\u2013 ha recordado que en sus diez a\u00f1os de trayectoria, la iniciativa ha pasado de ser el sue\u00f1o de sus promotores a la realidad de desarrollar y distribuir tratamientos que salvan millones de vidas.<\/p>\n<p>P\u00e9coul ha cerrado su intervenci\u00f3n con una cita de un autor espa\u00f1ol, Antonio Machado: \u201cSi es bueno vivir, todav\u00eda es mejor so\u00f1ar, y lo mejor de todo, despertar\u201d.<\/p>\n<p>Francisco Gonz\u00e1lez, por su parte, ha propuesto una hoja de ruta para los pr\u00f3ximos a\u00f1os, consistente en \u201cseguir acumulando recursos basados en el conocimiento, lograr un buen aprovechamiento de los mismos y promover las palancas de la competitividad relacionadas con el uso productivo del conocimiento en las empresas, mediante la innovaci\u00f3n continua.<\/p>\n<p>Una ruta que exige fortalecer el entorno cient\u00edfico e innovador, orientado a producir el mejor conocimiento y a proyectar, en interacci\u00f3n con las empresas, una parte significativa de la investigaci\u00f3n a la satisfacci\u00f3n de necesidades y demandas de la poblaci\u00f3n\u201d.<\/p>\n<p><strong><em>UNOS PREMIOS QUE REFLEJAN EL MAPA DEL CONOCIMIENTO DEL SIGLO XXI<\/em><\/strong><\/p>\n<p>Los premios Fronteras del Conocimiento fueron creados en 2008 por la Fundaci\u00f3n BBVA para reconocer a autores de avances radicales y particularmente significativos en un amplio abanico de \u00e1reas cient\u00edficas y tecnol\u00f3gicas caracter\u00edsticas de nuestro tiempo.<\/p>\n<p>La iniciativa cuenta con la colaboraci\u00f3n de la principal entidad p\u00fablica de investigaci\u00f3n multidisciplinar espa\u00f1ola, el CSIC.<\/p>\n<p>Las ocho categor\u00edas de los galardones responden al mapa del conocimiento en el inicio del siglo XXI, incluidos algunos de los retos globales de este periodo: Ecolog\u00eda y Biolog\u00eda de la Conservaci\u00f3n, Cambio Clim\u00e1tico, Tecnolog\u00edas de la Informaci\u00f3n y la Comunicaci\u00f3n y Cooperaci\u00f3n al Desarrollo.<\/p>\n<p>Junto a ellas est\u00e1n las categor\u00edas m\u00e1s cl\u00e1sicas: Ciencias B\u00e1sicas, Biomedicina, Econom\u00eda, Finanzas y Gesti\u00f3n de Empresas.<\/p>\n<p>La familia de galardones se completa con la categor\u00eda de M\u00fasica Contempor\u00e1nea, una se\u00f1a de identidad de la innovaci\u00f3n cultural que cuenta con una excelente comunidad de creadores, directores e int\u00e9rpretes en Espa\u00f1a.<\/p>\n<p><strong><em>S\u00cdMBOLO ART\u00cdSTICO<\/em><\/strong><\/p>\n<p>Todos los premiados han recibido un s\u00edmbolo art\u00edstico obra de la escultora Blanca Mu\u00f1oz (Madrid, 1963), basado en varias espirales que representan la evoluci\u00f3n e interrelaci\u00f3n de las disciplinas cient\u00edficas.<\/p>\n<p>La espiral, explica la autora, \u201ces la mejor soluci\u00f3n para crecer en poco espacio y la mejor forma para representar la continuidad\u201d.<\/p>\n<p>Si desea m\u00e1s informaci\u00f3n, puede ponerse en contacto con el Departamento de Comunicaci\u00f3n de la Fundaci\u00f3n BBVA (91 374 52 10 y 91 537 37 69 o comunicaci\u00f3n@fbbva.es o consultar en la web www.fbbva.es<\/p>\n","protected":false},"excerpt":{"rendered":"<p>Francisco Gonz\u00e1lez, presidente de la Fundaci\u00f3n BBVA, ha destacado que estos premios son necesarios para \u201cque las generaciones j\u00f3venes tomen como modelo a personas cuya&hellip;<\/p>\n","protected":false},"author":5842,"featured_media":451596,"comment_status":"open","ping_status":"open","sticky":false,"template":"","format":"standard","meta":{"footnotes":""},"categories":[24],"tags":[3001,3794,8193,5805,5003,11234,11235,9939,11236,2442,11237,2696,78,3795,2774,3796,2316,2611,3168,3171,2878],"class_list":["post-451595","post","type-post","status-publish","format-standard","has-post-thumbnail","hentry","category-mundo","tag-al","tag-bbva","tag-ceremonia","tag-cientifica","tag-comunidad","tag-conjunto","tag-conocimiento","tag-convierte","tag-creadora","tag-de","tag-de-los","tag-del","tag-en","tag-entrega","tag-fronteras","tag-fundacion","tag-homenaje","tag-la","tag-premios","tag-un","tag-y"],"_links":{"self":[{"href":"https:\/\/diarioelpopular.com\/index.php\/wp-json\/wp\/v2\/posts\/451595","targetHints":{"allow":["GET"]}}],"collection":[{"href":"https:\/\/diarioelpopular.com\/index.php\/wp-json\/wp\/v2\/posts"}],"about":[{"href":"https:\/\/diarioelpopular.com\/index.php\/wp-json\/wp\/v2\/types\/post"}],"author":[{"embeddable":true,"href":"https:\/\/diarioelpopular.com\/index.php\/wp-json\/wp\/v2\/users\/5842"}],"replies":[{"embeddable":true,"href":"https:\/\/diarioelpopular.com\/index.php\/wp-json\/wp\/v2\/comments?post=451595"}],"version-history":[{"count":0,"href":"https:\/\/diarioelpopular.com\/index.php\/wp-json\/wp\/v2\/posts\/451595\/revisions"}],"wp:featuredmedia":[{"embeddable":true,"href":"https:\/\/diarioelpopular.com\/index.php\/wp-json\/"}],"wp:attachment":[{"href":"https:\/\/diarioelpopular.com\/index.php\/wp-json\/wp\/v2\/media?parent=451595"}],"wp:term":[{"taxonomy":"category","embeddable":true,"href":"https:\/\/diarioelpopular.com\/index.php\/wp-json\/wp\/v2\/categories?post=451595"},{"taxonomy":"post_tag","embeddable":true,"href":"https:\/\/diarioelpopular.com\/index.php\/wp-json\/wp\/v2\/tags?post=451595"}],"curies":[{"name":"wp","href":"https:\/\/api.w.org\/{rel}","templated":true}]}}