{"id":451975,"date":"2013-07-05T01:21:02","date_gmt":"2013-07-05T05:21:02","guid":{"rendered":"http:\/\/diarioelpopular.com\/?p=451975"},"modified":"2013-07-05T09:01:28","modified_gmt":"2013-07-05T13:01:28","slug":"christian-bach","status":"publish","type":"post","link":"https:\/\/diarioelpopular.com\/index.php\/2013\/07\/05\/christian-bach\/","title":{"rendered":"Christian Bach"},"content":{"rendered":"<div id=\"attachment_451976\" style=\"width: 206px\" class=\"wp-caption alignnone\"><a href=\"https:\/\/diarioelpopular.com\/wp-content\/uploads\/2013\/07\/Cristian-Bach-1-07-01-13.jpg\"><img loading=\"lazy\" decoding=\"async\" aria-describedby=\"caption-attachment-451976\" class=\"size-medium wp-image-451976\" alt=\"Christian Bach\" src=\"https:\/\/diarioelpopular.com\/wp-content\/uploads\/2013\/07\/Cristian-Bach-1-07-01-13-196x300.jpg\" width=\"196\" height=\"300\" \/><\/a><p id=\"caption-attachment-451976\" class=\"wp-caption-text\">Christian Bach<\/p><\/div>\n<p align=\"center\">Christian Bach se siente muy satisfecha por lo que ha significado su papel en la telenovela que ha batido r\u00e9cord de audiencia, \u201cLa Patrona\u201d.<\/p>\n<p>A la actriz que encarna esa malvada mujer de la ficci\u00f3n, la belleza no le falta, y para representar lo dem\u00e1s, en especial esa maldad en su estado puro, ella tuvo que poner en pr\u00e1ctica la principal habilidad del actor: sentir, vivir y representar de forma cre\u00edble a otro ser humano. En este caso Christian Bach es esa villana, d\u00e9spota, peligrosa y manipuladora que lleva veneno motivada por un incontenible deseo de venganza.<\/p>\n<p>Estamos hablando de Antonia Guerra, la protagonista de \u2018La Patrona\u2019, esa que noche a noche tiene atrapados a los televidentes ya que desde el inicio supo meterle coraz\u00f3n.<\/p>\n<p>\u201cYo he hecho muchas villanas en mi vida, pero este de Antonia ha sido muy interesante y es que de pronto saca una sonrisa y t\u00fa dices \u00a1que desgraciada! Pero tambi\u00e9n la acompa\u00f1a su inteligencia, su sentido del humor, ella no tiene empacho de decir lo que piensa a quien sea y eso la vuelve m\u00e1s atractiva, aunque la detesten. Hemos visto villanas de cart\u00f3n y eso a m\u00ed no me gusta, esta tiene muchos matices que la hacen sumamente divertida y odiada, pero el p\u00fablico es c\u00f3mplice de ello\u201d, destac\u00f3 la artista.<\/p>\n<p>Christian ha sentido mucha alegr\u00eda al ver a Antonia y saber que naci\u00f3 de ella.<\/p>\n<p>\u201cYo les digo que es como un hombre en el cuerpo de una mujer, porque no est\u00e1n acostumbrados a ver a este tipo de personajes que ejercen, que tienen y que utilizan el sexo opuesto, en este caso los hombres y nadie le dice nada. Entonces verlo en una mujer provoca cosa sobre todo a los hombres, y que bueno para que vean que el poder de la mujer se ejerce en cualquier parte del mundo hoy en d\u00eda. No tengo tiempo de ver la novela pues tenemos horas intensas de grabaci\u00f3n, pero un domingo estuve viendo una escenas y cr\u00e9eme que yo misma me ca\u00eda mal, asi que los entiendo a todos\u201d, (risas).<\/p>\n<p>La producci\u00f3n ha sido de una factura impecable, no ha existido ning\u00fan relleno y \u201cLa Patrona\u201d tiene una trama central muy fuerte, Christian Bach nos lo confirma.<\/p>\n<p>\u201cEs una novela muy interesante porque realmente tiene un melodrama cl\u00e1sico en la forma que est\u00e1 escrita, pero es moderna y da la impresi\u00f3n de que estas espiando por el ojo de una cerradura una situaci\u00f3n. Si una escena es chistosa es porque la situaci\u00f3n lo amerita y creo que los tonos que se han manejado en esta novela son como verdaderos, como realistas, eso es muy importante\u201d.<\/p>\n<div id=\"attachment_451977\" style=\"width: 206px\" class=\"wp-caption alignnone\"><a href=\"https:\/\/diarioelpopular.com\/wp-content\/uploads\/2013\/07\/Cristian-Bach-2-07-01-13.jpg\"><img loading=\"lazy\" decoding=\"async\" aria-describedby=\"caption-attachment-451977\" class=\"size-medium wp-image-451977\" alt=\"Christian Bach\" src=\"https:\/\/diarioelpopular.com\/wp-content\/uploads\/2013\/07\/Cristian-Bach-2-07-01-13-196x300.jpg\" width=\"196\" height=\"300\" \/><\/a><p id=\"caption-attachment-451977\" class=\"wp-caption-text\">Christian Bach<\/p><\/div>\n<p>Asimismo, precis\u00f3:<\/p>\n<p>\u201cYo siempre digo que cuando te dan un personaje tienes que trabajarlo de adentro hacia afuera y de afuera hacia adentro. Le haces un alma, un pasado, una situaci\u00f3n psicol\u00f3gica y una imagen f\u00edsica que te ayuda mucho, porque luego lo sueltas y no sabes hasta donde va a llegar. Despu\u00e9s de dos meses de grabaci\u00f3n, cuando conoces al actor y pasaste por un mont\u00f3n de cosas, la misma escena se hace de otra manera porque hay otras cargas emotivas\u201d.<\/p>\n<p>Antonia es un personaje con muchas aristas y de pronto tiene cosas de comedia como por ejemplo la escena con la famosa l\u00e1mpara,\u00a0 pero tambi\u00e9n hay algunas muy dram\u00e1ticas como la muerte del hijo.<\/p>\n<div id=\"attachment_451979\" style=\"width: 206px\" class=\"wp-caption alignnone\"><a href=\"https:\/\/diarioelpopular.com\/wp-content\/uploads\/2013\/07\/Cristian-Bach-4-07-01-13.jpg\"><img loading=\"lazy\" decoding=\"async\" aria-describedby=\"caption-attachment-451979\" class=\"size-medium wp-image-451979\" alt=\"Christian Bach\" src=\"https:\/\/diarioelpopular.com\/wp-content\/uploads\/2013\/07\/Cristian-Bach-4-07-01-13-196x300.jpg\" width=\"196\" height=\"300\" \/><\/a><p id=\"caption-attachment-451979\" class=\"wp-caption-text\">Christian Bach<\/p><\/div>\n<p>\u201cEs muy completa porque ella, aunque no la acepten, tiene su parte humana, ese amor a sus hijos, los quiere mal pero los ama. Van a ver muchas cosas, a una mujer que se enamora como todo el mundo lo hace, es humana en ese aspecto y ese va ser su peor castigo m\u00e1s que cualquier otro. Las escenas que vienen est\u00e1n fuert\u00edsimas y cargad\u00edsimas por todo lo que hemos vivido\u201d.<\/p>\n<p>\u201cNo se pierdan el sorprendente fin de esta superproducci\u00f3n 9pm\/8c por Telemundo para que despu\u00e9s no se lo cuenten\u201d, puntualiz\u00f3 Christian Bach.<\/p>\n<div id=\"attachment_451978\" style=\"width: 206px\" class=\"wp-caption alignnone\"><a href=\"https:\/\/diarioelpopular.com\/wp-content\/uploads\/2013\/07\/Cristian-Bach-3-07-01-13.jpg\"><img loading=\"lazy\" decoding=\"async\" aria-describedby=\"caption-attachment-451978\" class=\"size-medium wp-image-451978\" alt=\"Christian Bach\" src=\"https:\/\/diarioelpopular.com\/wp-content\/uploads\/2013\/07\/Cristian-Bach-3-07-01-13-196x300.jpg\" width=\"196\" height=\"300\" \/><\/a><p id=\"caption-attachment-451978\" class=\"wp-caption-text\">Christian Bach<\/p><\/div>\n","protected":false},"excerpt":{"rendered":"<p>Ahora es una mezcla de alma buena con alma mala<\/p>\n","protected":false},"author":5842,"featured_media":0,"comment_status":"open","ping_status":"open","sticky":false,"template":"","format":"standard","meta":{"footnotes":""},"categories":[80,81,2482],"tags":[11317,11316],"class_list":["post-451975","post","type-post","status-publish","format-standard","hentry","category-cine-2","category-columnistas","category-espectaculo","tag-bach","tag-christian"],"_links":{"self":[{"href":"https:\/\/diarioelpopular.com\/index.php\/wp-json\/wp\/v2\/posts\/451975","targetHints":{"allow":["GET"]}}],"collection":[{"href":"https:\/\/diarioelpopular.com\/index.php\/wp-json\/wp\/v2\/posts"}],"about":[{"href":"https:\/\/diarioelpopular.com\/index.php\/wp-json\/wp\/v2\/types\/post"}],"author":[{"embeddable":true,"href":"https:\/\/diarioelpopular.com\/index.php\/wp-json\/wp\/v2\/users\/5842"}],"replies":[{"embeddable":true,"href":"https:\/\/diarioelpopular.com\/index.php\/wp-json\/wp\/v2\/comments?post=451975"}],"version-history":[{"count":3,"href":"https:\/\/diarioelpopular.com\/index.php\/wp-json\/wp\/v2\/posts\/451975\/revisions"}],"predecessor-version":[{"id":452015,"href":"https:\/\/diarioelpopular.com\/index.php\/wp-json\/wp\/v2\/posts\/451975\/revisions\/452015"}],"wp:attachment":[{"href":"https:\/\/diarioelpopular.com\/index.php\/wp-json\/wp\/v2\/media?parent=451975"}],"wp:term":[{"taxonomy":"category","embeddable":true,"href":"https:\/\/diarioelpopular.com\/index.php\/wp-json\/wp\/v2\/categories?post=451975"},{"taxonomy":"post_tag","embeddable":true,"href":"https:\/\/diarioelpopular.com\/index.php\/wp-json\/wp\/v2\/tags?post=451975"}],"curies":[{"name":"wp","href":"https:\/\/api.w.org\/{rel}","templated":true}]}}