{"id":451990,"date":"2013-07-05T01:30:28","date_gmt":"2013-07-05T05:30:28","guid":{"rendered":"http:\/\/diarioelpopular.com\/?p=451990"},"modified":"2013-07-05T08:59:16","modified_gmt":"2013-07-05T12:59:16","slug":"hablemos-de-cine-61","status":"publish","type":"post","link":"https:\/\/diarioelpopular.com\/index.php\/2013\/07\/05\/hablemos-de-cine-61\/","title":{"rendered":"HABLEMOS DE CINE"},"content":{"rendered":"<div id=\"attachment_451991\" style=\"width: 310px\" class=\"wp-caption alignnone\"><a href=\"https:\/\/diarioelpopular.com\/wp-content\/uploads\/2013\/07\/THE-LONE-RANGER.jpg\"><img loading=\"lazy\" decoding=\"async\" aria-describedby=\"caption-attachment-451991\" class=\"size-medium wp-image-451991\" alt=\"Johnny Depp y Armie Hammer en THE LONE RANGER\" src=\"https:\/\/diarioelpopular.com\/wp-content\/uploads\/2013\/07\/THE-LONE-RANGER-300x199.jpg\" width=\"300\" height=\"199\" \/><\/a><p id=\"caption-attachment-451991\" class=\"wp-caption-text\">Johnny Depp y Armie Hammer en THE LONE RANGER<\/p><\/div>\n<p align=\"center\"><strong>Por Jorge Gutman<\/strong><\/p>\n<p><strong>\u00a0<\/strong><strong>En principio resulta interesante tratar de resucitar el Far West, un g\u00e9nero caro con el que el cine americano\u00a0 ha brindado tantas satisfacciones al p\u00fablico de otras generaciones. Por lo tanto nada mejor que abordarlo con\u00a0 las aventuras de <\/strong><strong>El Llanero Solitario<\/strong><strong>, que tuvo gran repercusi\u00f3n popular desde su nacimiento en 1933 a trav\u00e9s de las ondas radiof\u00f3nicas y posteriormente con la serie televisiva comenzada en 1949 y finalizada en 1957. Si bien ya hubo dos adaptaciones cinematogr\u00e1ficas realizadas en 1956 y 1958 ninguna de las mismas logr\u00f3 destacarse y lamentablemente este nuevo intento del realizador Gore Verbinski\u00a0 tampoco pasar\u00e1 a la historia.<\/strong><\/p>\n<p><strong>En esta versi\u00f3n que comienza en San Francisco en 1933 un indio viejo y en estado decr\u00e9pito llamado Tonto (Johnny Depp) le cuenta a un ni\u00f1o que\u00a0 est\u00e1 visitando un parque de atracciones, sus aventuras vividas en Texas en 1869. A trav\u00e9s de flashbacks se ve como el ind\u00edgena se llega a vincular con John Reid (Armie Hammer), un joven abogado que se habr\u00eda de convertir en el famoso llanero solitario. Con \u00e9l\u00a0 forjar\u00e1 una s\u00f3lida amistad cuando ambos tratan de de perseguir a Butch Cavendish (William Fichtner), un peligroso criminal\u00a0 que asesin\u00f3 a Dan (James Badge Dale), el hermano\u00a0 de John. A pesar de las diferentes culturas a que cada uno de ellos pertenece, tanto el nativo americano como el hombre blanco\u00a0 encuentran un terreno com\u00fan en su cruzada de hacer justicia luchando contra la codicia y la corrupci\u00f3n del medio que les rodea. <\/strong><\/p>\n<p><strong>Si bien lo que antecede es una r\u00e1pida sinopsis de su contenido, el film de dos horas y media de duraci\u00f3n parece eternizarse y el viaje en com\u00fan de un nativo americano y un hombre de ley convertido en un palad\u00edn justiciero no alcanza mayor relieve debido a varias razones. Entre las mismas se encuentra\u00a0 la caracterizaci\u00f3n poco sutil del personaje interpretado por Deep en donde a pesar de asumir un rol at\u00edpico parece que estuviera actuando en otro cap\u00edtulo de los <i>Piratas del Caribe<\/i> con los tics y excesos que aqu\u00ed evidentemente no cuadran y no producen las risas que se cabr\u00eda esperar a pesar de sus caracter\u00edsticas bufonescas.\u00a0 No menos importante es que al ver este film uno cree asistir m\u00e1s a las aventuras de Tonto que a las del h\u00e9roe enmascarado; de all\u00ed que uno se pregunte qui\u00e9n es el verdadero protagonista de esta saga donde pareciera que\u00a0 Verbinski y sus guionistas Justin Haythe, Ted Elliott y Terry Rossio se centraron m\u00e1s en el comanche por la simple y llana raz\u00f3n de la presencia de Deep que prefiri\u00f3 ese rol, en tanto que el personaje del llanero carece de matices y resulta\u00a0 unidimensional.\u00a0 Otro motivo que conspira contra la amenidad del film es que la relaci\u00f3n de esta singular pareja nunca alcanza la gracia, simpat\u00eda y\/o qu\u00edmica que se suele aguardar de dos personalidades opuestas recorriendo o cabalgando a trav\u00e9s de las llanuras y regiones monta\u00f1osas del oeste. Tambi\u00e9n es curioso remarcar la introducci\u00f3n de personajes secundarios poco aprovechados y que poco o nada agregan a la trama, como es el caso de \u00a0<\/strong>Helena Bonham Carter en el rol de madama de un burdel disparando balas con su arma de fuego<strong>.\u00a0 Finalmente, una narraci\u00f3n que se torna fatigosa conspira para que la historia llegue a cautivar.<\/strong><\/p>\n<p><strong>En l\u00edneas generales, s\u00f3lo en sus minutos finales el relato genera genuina excitaci\u00f3n a trav\u00e9s de una persecuci\u00f3n que tiene lugar entre dos trenes en movimiento al comp\u00e1s de la galopante obertura de la \u00f3pera Guillermo Tell de Rossini; l\u00e1stima que sea tan poco y que llegue demasiado tarde. En los renglones t\u00e9cnicos merecen citarse la acertada m\u00fasica de Hans Zimmer y la muy buena fotograf\u00eda de Bojan Bazelli captando impresionantes vistas del oeste americano donde entre las mismas se destaca el majestuoso Monument Valley de Utah, lugar\u00a0 donde tambi\u00e9n han sido filmados varios celebrados westerns de John Ford.<\/strong><\/p>\n<p><strong><i>Conclusi\u00f3n: Un western aburrido y carente de emoci\u00f3n<\/i><\/strong><\/p>\n<p><b>DESPICABLE ME 2<\/b>. Estados Unidos, 2012. Un film de Pierre Coffin y Chris Renaud<\/p>\n<div id=\"attachment_451992\" style=\"width: 310px\" class=\"wp-caption alignnone\"><a href=\"https:\/\/diarioelpopular.com\/wp-content\/uploads\/2013\/07\/DESPICABLE-ME-2.jpg\"><img loading=\"lazy\" decoding=\"async\" aria-describedby=\"caption-attachment-451992\" class=\"size-medium wp-image-451992\" alt=\"Una escena del film animado DESPICABLE ME 2\" src=\"https:\/\/diarioelpopular.com\/wp-content\/uploads\/2013\/07\/DESPICABLE-ME-2-300x161.jpg\" width=\"300\" height=\"161\" \/><\/a><p id=\"caption-attachment-451992\" class=\"wp-caption-text\">Una escena del film animado DESPICABLE ME 2<\/p><\/div>\n<p>El \u00e9xito que el dibujo de animaci\u00f3n \u00a0<b>Despicable Me<\/b> depar\u00f3 hace 3 a\u00f1os garantizaba una secuela y eso qued\u00f3 confirmado con el estreno de su segunda parte. Decididamente destinada al p\u00fablico infantil, esta producci\u00f3n al igual que la anterior presenta personajes f\u00e1cilmente identificables donde los chicos logran divertirse sanamente.<\/p>\n<p>La historia original est\u00e1 basada en Gru (Steve Carell), un narig\u00f3n y calvo supervillano que en su deseo de convertirse en el m\u00e1s importante del mundo se propone robar nada menos que la Luna vali\u00e9ndose de tres\u00a0 peque\u00f1as hu\u00e9rfanas \u2013Margo (Miranda Cosgrove),\u00a0 Edith (Dana Gaier) y la irresistible Agnes (Elsie Fisher)- a quien las adopta y \u00e9stas terminan enterneciendo su coraz\u00f3n. Adem\u00e1s Gru est\u00e1 asistido por unos\u00a0 deliciosos secuaces que son los\u00a0 \u201cminions\u201d, peque\u00f1os robots de color amarillo vestidos con mamelucos azules.<\/p>\n<p>Esta continuaci\u00f3n, seg\u00fan el gui\u00f3n de Cinco Paul y Ken Daurio, nos presenta a un Gru totalmente transformado. As\u00ed lo observamos\u00a0 ya\u00a0 retirado como gran villano y convertido en un\u00a0 devoto padre de familia de las tres huerfanitas; al propio tiempo, donde vive dispone de un laboratorio supervisado por un cient\u00edfico brit\u00e1nico (Russell Brand) y manejado por los\u00a0 minions (voces de Pierre Coffin y Chris Renaud, mezclando palabras de diferentes idiomas), quienes tambi\u00e9n se dedican a cuidar a las ni\u00f1as cuando Gru se ausenta del hogar.<\/p>\n<p>La rutina de Gru se altera cuando Lucy Wilde (Kristen Wiig), una agente secreta que participa de una Liga Anti-Villana, sale a su encuentro con la misi\u00f3n de\u00a0 reclutarlo por encargo de \u00a0Silas Rambsbottom (Steve Coogan), el l\u00edder de la organizaci\u00f3n. El prop\u00f3sito es que Gru, con su\u00a0 gran experiencia en la materia, ayude a desenmascarar a alguien que ha robado de un centro de investigaci\u00f3n un cargamento conteniendo una secreta sustancia t\u00f3xica, capaz de mutar a la gente en horripilantes monstruos.\u00a0 Para tratar de desenmascarar al ladr\u00f3n\u00a0 Gru y Lucy comienzan su tarea detectivesca en un centro comercial donde la Liga cree que se all\u00ed se encuentra el l\u00edquido sustra\u00eddo. La situaci\u00f3n se complica cuando los adorables minions de Gru llegan a ser secuestrados y son\u00a0 transformados en horripilantes criaturas.<\/p>\n<p>Este film no tiene la originalidad del que lo precede pero de todos modos sus realizadores le han impreso buen ritmo y han incorporado nuevos personajes que agregan inter\u00e9s al relato; uno de ellos es El Macho (Benjamin Bratt), el sospechoso due\u00f1o de un restaurante mexicano (Benjamin Bratt) con un gran parecido a un ex villano llamado El Macho, que es casi cierto que muri\u00f3 hace algunos a\u00f1os, y que podr\u00eda ser el que se apoder\u00f3 de la peligrosa sustancia.<\/p>\n<p>En l\u00edneas generales,\u00a0 la poblaci\u00f3n menuda est\u00e1 de parabienes con una historia que, aunque ciertamente endeble, resulta colorida, entretenida y muy risue\u00f1a. Cabe destacar que en esta segunda parte los minions, con su lenguaje ininteligible pero atrayente,\u00a0 tienen mayor participaci\u00f3n que en la anterior y son quienes proporcionan las situaciones m\u00e1s jocosas con sus n\u00fameros musicales. El uso del formato 3D est\u00e1 bien aprovechado en la medida que\u00a0 contribuye a reforzar el brillo del film permitiendo que los ni\u00f1os se sumerjan de lleno en la acci\u00f3n de esta aventura agradablemente absurda.<\/p>\n<p><b><i>Conclusi\u00f3n: Agradable, amena y tierna, esta segunda parte deja abierta la puerta para que en el futuro una nueva secuela contin\u00fae divirtiendo<\/i><\/b>.<\/p>\n<p>&nbsp;<\/p>\n<p><strong>VIOLETA SE FUE A LOS CIELOS.<\/strong> Chile-Argentina, 2011. Un film de Andr\u00e9s Wood<\/p>\n<div id=\"attachment_451993\" style=\"width: 209px\" class=\"wp-caption alignnone\"><a href=\"https:\/\/diarioelpopular.com\/wp-content\/uploads\/2013\/07\/VIOLETA-SE-FUE-A-LOS-CIELOS.jpg\"><img loading=\"lazy\" decoding=\"async\" aria-describedby=\"caption-attachment-451993\" class=\"size-medium wp-image-451993\" alt=\"Francisca Gavil\u00e1n en VIOLETA SE FUE A LOS CIELOS\" src=\"https:\/\/diarioelpopular.com\/wp-content\/uploads\/2013\/07\/VIOLETA-SE-FUE-A-LOS-CIELOS-199x300.jpg\" width=\"199\" height=\"300\" \/><\/a><p id=\"caption-attachment-451993\" class=\"wp-caption-text\">Francisca Gavil\u00e1n en VIOLETA SE FUE A LOS CIELOS<\/p><\/div>\n<p>Basado en el libro del mismo nombre escrito por \u00c1ngel Parra, uno de los hijos de la cantautora chilena Violeta Parra, el director Andr\u00e9s Wood junto con un equipo de guionistas ha abordado la personalidad de quien fuera y\u00a0 sigue siendo la figura m\u00edtica del folclor de Chile. A diferencia del libro donde su contenido est\u00e1 narrado bajo la \u00f3ptica de su autor, el film est\u00e1 enfocado desde la mira de la artista y en donde el realizador\u00a0 incorpor\u00f3 algunas an\u00e9cdotas que no se encuentran en la obra literaria.<\/p>\n<p>Dado que la intensa vida de Violeta del Carmen Parra Sandoval (1917-1967) resulta dif\u00edcil de expresar en cine utilizando el formato del tradicional relato biogr\u00e1fico, Wood adopt\u00f3 un camino diferente pero que fue productivo. Para tratar de adentrarse en su complejo mundo,\u00a0 el director emple\u00f3 una estructura narrativa fragmentada\u00a0 siguiendo un desarrollo que no es cronol\u00f3gico sino que por el contrario salta en el tiempo pero d\u00e1ndole un estilo documental.<\/p>\n<p>Rescatando\u00a0 an\u00e9cdotas, situaciones claves, gestos y\u00a0 estados an\u00edmicos de la cantante, todos muy bien entrelazados, el relato permite que el espectador se sumerja en su\u00a0 complejo mundo interior. De todos modos hay un hilo narrativo y el mismo est\u00e1 brindado por un periodista argentino quien, a trav\u00e9s de algunas preguntas intencionadas efectuadas a Violeta en un reportaje televisivo, permite que ella se manifieste muchas veces con logrado humor sobre lo que ha sido su vida, facilitando de este modo el desarrollo de\u00a0 una historia dentro del rompecabezas propuesto por el realizador. As\u00ed el p\u00fablico se impone, entre otros aspectos, sobre su origen perteneciendo a una familia pobre, su pasi\u00f3n por la m\u00fasica en su temprana infancia, su evoluci\u00f3n como compositora y en la letra de algunas de sus canciones, expresando su lucha contra la injusticia social, su recorrido al continente europeo difundiendo la riqueza de su m\u00fasica, su incursi\u00f3n\u00a0 por la pintura y la tapicer\u00eda evidenciando otras facetas de su diversidad art\u00edstica, y en el campo sentimental la\u00a0 apasionada y tormentosa relaci\u00f3n con el\u00a0 gran amor de su vida que fue el m\u00fasico\u00a0 suizo Gilbert Favre (Thomas Durand) quien la hizo sufrir en demas\u00eda hasta su ruptura.<\/p>\n<p>Para transmitir en la pantalla la dimensi\u00f3n de esta\u00a0 legendaria artista, Wood tuvo el gran apoyo de Francisca Gavil\u00e1n, una excepcional actriz que de ninguna manera interpreta o act\u00faa sino que se introduce de cuerpo y alma en la inmortal Violeta, pero sin copiarla ni imitarla, sino otorg\u00e1ndole su visi\u00f3n personal. En la sobresaliente caracterizaci\u00f3n lograda, Gavil\u00e1n no solo refleja el car\u00e1cter torturado, combativo, contradictorio, perseverante, obsesivo y creativo de la multidisciplinaria mujer, sino que tambi\u00e9n\u00a0 canta ella misma sus canciones; en tal sentido, lo\u00a0 hace maravillosamente con un tono de voz que revive\u00a0 el esp\u00edritu y la presencia f\u00edsica de quien dej\u00f3 como legado composiciones remarcables como lo fueron, entre otras, el glorioso himno de\u00a0 \u201cGracias a la Vida\u201d o bien \u201cVolver a los 17\u201d.\u00a0 Al escuchar estas canciones, resulta parad\u00f3jicamente lamentable que la gran pasionaria de la identidad cultural chilena\u00a0 concluyera su temprana vida de tr\u00e1gica manera.<\/p>\n<ul>\n<li><b><i>Conclusi\u00f3n: A pesar de las licencias adoptadas por el director, Wood ha brindado un po\u00e9tico film que constituye un justo tributo a la mujer que con su creatividad art\u00edstica no solo estableci\u00f3 los cimientos de la m\u00fasica popular chilena sino que ejerci\u00f3 una marcada influencia en el resto de Am\u00e9rica Latina. \u00a0<\/i><\/b><\/li>\n<\/ul>\n<p><b>UNA RETROSPECTIVA DE JACQUES DEMY EN LA CINEMATECA DEL TIFF<\/b><\/p>\n<p>Hasta este 20 de julio la Cinemateca del TIFF de Toronto presenta una retrospectiva de la obra integral de Jacques Demy. Despu\u00e9s de su reciente presentaci\u00f3n en la Cinemateca Francesa de Par\u00eds, el TIFF consider\u00f3 oportuno realizar esta muestra con t\u00edtulos en copias nuevas y otros que han sido restaurados.<\/p>\n<p>Demy fue uno de los exponentes de la llamada Nueva Ola del cine franc\u00e9s iniciada a finales de los a\u00f1os 50 y que tuvo su gran apogeo en la d\u00e9cada siguiente. Ciertamente muy af\u00edn con el cine de Fran\u00e7ois Truffaut, sus pel\u00edculas se vinculan con un mundo de colorida fantas\u00eda, cuentos de hadas as\u00ed como excelentes t\u00edtulos musicales en parte inspirados en la \u00e9poca de oro de Hollywood pero con un sello indiscutiblemente personal.\u00a0 En este ciclo comenzado la semana pasada ya se han presentado su hermoso y po\u00e9tico primer largometraje <b>Lola<\/b> (1959), <b>Bay of Angels <\/b>(1963), <b>The Umbrellas of Cherbourg<\/b> (1963) que revoluciono el g\u00e9nero musical con la inolvidable m\u00fasica de Michel Legrand, as\u00ed como <b>The Young Girls of Rochefort <\/b>(1967), otro luminoso film musical.<\/p>\n<p>El ciclo prosigue este viernes 5 (18h30) con la exhibici\u00f3n de <b>Model Shop <\/b>(1969), el \u00fanico film que Demy film\u00f3 en los Estados Unidos, relatando la historia de Lola (Anouk Aim\u00e9e), la prostituta francesa de su primer film quien habi\u00e9ndose mudado a Los \u00c1ngeles vive una noche de amor con un desilusionado arquitecto americano (Gary Lockwood).<\/p>\n<p><b>Donkey Skin <\/b>(1970), a verse este s\u00e1bado 6 (19h00),\u00a0 est\u00e1 basado en la f\u00e1bula de\u00a0 Charles Perrault y gira en torno de un hada madrina\u00a0 que ayuda a una princesa a huir vestida con la piel\u00a0 de un asno sacrificado por su padre viudo a fin de no tener que casarse con \u00e9l y evitar una relaci\u00f3n incestuosa; es otra de las comedias musicales bien logradas por Demy\u00a0 con un m\u00e1gico desenlace feliz y cuyo elenco est\u00e1 integrado por\u00a0\u00a0 Catherine Deneuve, Delplhine Seyrig y Jean Marais.\u00a0 De opuesta naturaleza es la sombr\u00eda historia medieval de <b>The Pied Piper of Hamelin <\/b>(1972) que tomando como referencia el cuento de los hermanos Grimm narra la historia de\u00a0 un itinerante flautista que\u00a0 logra salvar a una ciudad de la plaga que la acosa; se exhibe este domingo 7 a las 18h15.<\/p>\n<p>El jueves 11 (18h30) se proyecta <b>A Slightly Pregnant Man <\/b>con Marcello Mastroianni donde Demy lanza\u00a0 una mirada interesante a la ola feminista que tuvo lugar en Francia durante los a\u00f1os 60 y los temores suscitados en la poblaci\u00f3n masculina.\u00a0 Un at\u00edpico film del realizador que cuenta con m\u00fasica de Michel Legrand es <b>Lady Oscar <\/b>(1979) a exhibirse el viernes 12 de julio (18h30). Se trata de una producci\u00f3n japonesa \u00a0\u00a0hablada en ingl\u00e9s y ambientada en el siglo 18 donde se narra la extra\u00f1a historia de Oscar, quien habiendo nacido mujer, su padre insisti\u00f3 que fuese educada como un hombre y ya en su etapa adulta, como oficial franc\u00e9s pasa a ser \u00a0guardaespaldas de Mar\u00eda Antonieta; Oscar muy pronto se impondr\u00e1 de los problemas de la monarqu\u00eda y la condici\u00f3n social de los pobres que finalmente conducir\u00e1 a la Revoluci\u00f3n Francesa.<\/p>\n<div id=\"attachment_451994\" style=\"width: 310px\" class=\"wp-caption alignnone\"><a href=\"https:\/\/diarioelpopular.com\/wp-content\/uploads\/2013\/07\/UNE-CHAMBRE-EN-VILLE.jpg\"><img loading=\"lazy\" decoding=\"async\" aria-describedby=\"caption-attachment-451994\" class=\"size-medium wp-image-451994\" alt=\". Dominique Sanda y Michel Piccoli en UNE CHAMBRE EN VILLE\" src=\"https:\/\/diarioelpopular.com\/wp-content\/uploads\/2013\/07\/UNE-CHAMBRE-EN-VILLE-300x221.jpg\" width=\"300\" height=\"221\" \/><\/a><p id=\"caption-attachment-451994\" class=\"wp-caption-text\">. Dominique Sanda y Michel Piccoli en UNE CHAMBRE EN VILLE<\/p><\/div>\n<p>De especial inter\u00e9s es <b>Une chambre en ville <\/b>(1982) a proyectarse en copia nueva el 15 de julio (18h30). Este film, que por m\u00e1s de dos\u00a0 d\u00e9cadas no ha sido visto en Canad\u00e1, recupera la forma cantada y el esp\u00edritu prevaleciente\u00a0 de <i>Los Paraguas de Cherburgo<\/i>,\u00a0 narrando una historia\u00a0 que transcurre durante\u00a0 la huelga de los astilleros de Nantes en 1955; es una historia de amor interclasista\u00a0 dentro de un contexto pol\u00edtico de lucha social y en su elenco participan Danielle Darrieux, Dominique Sanda, Michel Piccoli y Richard Berry.<b><\/b><\/p>\n<p>El domingo 14 (13h00) es el turno de <b>Break<\/b> <b>of Day<\/b> (1980) con Dani\u00e8le Delorme y basada en la obra parcialmente biogr\u00e1fica de la novela de Colette; el 16 de julio (21h15)\u00a0 se exhibir\u00e1 <b>Parking <\/b>(1985), una interpretaci\u00f3n personal de Demy sobre el mito de Orfeo. El ciclo concluye el s\u00e1bado 20 (13h00) con <b>Three Seats for the 26th <\/b>(1985), el \u00faltimo film de Demy, protagonizado por Yves Montand.<\/p>\n","protected":false},"excerpt":{"rendered":"<p>THE LONE RANGER.  Estados Unidos, 2013. Un film de Gore Verbinski<\/p>\n","protected":false},"author":5842,"featured_media":0,"comment_status":"open","ping_status":"open","sticky":false,"template":"","format":"standard","meta":{"footnotes":""},"categories":[21,80,81,2482],"tags":[2202,2442,2499],"class_list":["post-451990","post","type-post","status-publish","format-standard","hentry","category-canada","category-cine-2","category-columnistas","category-espectaculo","tag-cine-3","tag-de","tag-hablemos"],"_links":{"self":[{"href":"https:\/\/diarioelpopular.com\/index.php\/wp-json\/wp\/v2\/posts\/451990","targetHints":{"allow":["GET"]}}],"collection":[{"href":"https:\/\/diarioelpopular.com\/index.php\/wp-json\/wp\/v2\/posts"}],"about":[{"href":"https:\/\/diarioelpopular.com\/index.php\/wp-json\/wp\/v2\/types\/post"}],"author":[{"embeddable":true,"href":"https:\/\/diarioelpopular.com\/index.php\/wp-json\/wp\/v2\/users\/5842"}],"replies":[{"embeddable":true,"href":"https:\/\/diarioelpopular.com\/index.php\/wp-json\/wp\/v2\/comments?post=451990"}],"version-history":[{"count":4,"href":"https:\/\/diarioelpopular.com\/index.php\/wp-json\/wp\/v2\/posts\/451990\/revisions"}],"predecessor-version":[{"id":452012,"href":"https:\/\/diarioelpopular.com\/index.php\/wp-json\/wp\/v2\/posts\/451990\/revisions\/452012"}],"wp:attachment":[{"href":"https:\/\/diarioelpopular.com\/index.php\/wp-json\/wp\/v2\/media?parent=451990"}],"wp:term":[{"taxonomy":"category","embeddable":true,"href":"https:\/\/diarioelpopular.com\/index.php\/wp-json\/wp\/v2\/categories?post=451990"},{"taxonomy":"post_tag","embeddable":true,"href":"https:\/\/diarioelpopular.com\/index.php\/wp-json\/wp\/v2\/tags?post=451990"}],"curies":[{"name":"wp","href":"https:\/\/api.w.org\/{rel}","templated":true}]}}