{"id":452118,"date":"2013-07-10T01:33:12","date_gmt":"2013-07-10T05:33:12","guid":{"rendered":"http:\/\/diarioelpopular.com\/?p=452118"},"modified":"2013-07-09T20:38:11","modified_gmt":"2013-07-10T00:38:11","slug":"un-estudio-revela-que-los-partos-prematuros-se-relacionan-con-los-bebes-concebidos-en-el-mes-de-mayo","status":"publish","type":"post","link":"https:\/\/diarioelpopular.com\/index.php\/2013\/07\/10\/un-estudio-revela-que-los-partos-prematuros-se-relacionan-con-los-bebes-concebidos-en-el-mes-de-mayo\/","title":{"rendered":"Un estudio revela que los partos prematuros se relacionan con los beb\u00e9s concebidos en el mes de mayo"},"content":{"rendered":"<div id=\"attachment_452119\" style=\"width: 310px\" class=\"wp-caption alignnone\"><img loading=\"lazy\" decoding=\"async\" aria-describedby=\"caption-attachment-452119\" class=\"size-medium wp-image-452119\" alt=\"El estudio ha sido llevado a cabo por profesores de la Universidad de Princeton. (Foto cortes\u00eda Universia)\" src=\"https:\/\/diarioelpopular.com\/wp-content\/uploads\/2013\/07\/foto-nota-42-300x172.jpg\" width=\"300\" height=\"172\" \/><p id=\"caption-attachment-452119\" class=\"wp-caption-text\">El estudio ha sido llevado a cabo por profesores de la Universidad de Princeton. (Foto cortes\u00eda Universia)<\/p><\/div>\n<p><strong><em>PRINCETON<\/em><\/strong> (ESTADOS UNIDOS).- Un estudio publicado el lunes por profesores de la Universidad de Princeton descubri\u00f3 que los beb\u00e9s concebidos en mayo son m\u00e1s propensos a partos prematuros y al bajo peso al nacer que los beb\u00e9s concebidos en cualquier otro mes.<\/p>\n<p>Despu\u00e9s de controlar por factores como el estatus socioecon\u00f3mico y los embarazos no planificados, los autores del estudio, publicado hoy en la revista Proceedings de la Academia Nacional de Ciencias de los Estados Unidos de Am\u00e9rica, fueron capaces de identificar el principal factor que contribuye a la preponderancia de los nacimientos prematuros en pleno invierno, de acuerdo con la versi\u00f3n del diario Toronto Star.<\/p>\n<p>La autora principal de tal estudio, Janet Currie, se\u00f1ala que la temporada de gripe, en enero y febrero, los meses que corresponden con las fases finales de los embarazos de las mujeres se alinean con mayo como mes de concepci\u00f3n.<\/p>\n<p>Ella afirma que los estudios anteriores han examinado en detalle la relaci\u00f3n entre el tiempo de gestaci\u00f3n, el peso al nacer y la proximidad a la contaminaci\u00f3n del medio ambiente, pero que los investigadores no hab\u00edan examinado a fondo c\u00f3mo el tiempo afecta a la salud en la concepci\u00f3n de un beb\u00e9.<\/p>\n<p>&#8220;Podemos explicar la variaci\u00f3n a\u00f1o a a\u00f1o en la prematuridad con la variaci\u00f3n a\u00f1o a a\u00f1o en lo mal que era la temporada de gripe&#8221;, dice Currie, una profesora de Econom\u00eda y Asuntos P\u00fablicos en Princeton. &#8220;Para entrar en ello pronto tienes que estar en el momento adecuado del embarazo. Son esos los beb\u00e9s que est\u00e1n en riesgo de ser prematuros a la altura de la temporada de gripe&#8221;.<\/p>\n<p>Utilizando las estad\u00edsticas del gobierno de Estados Unidos, el estudio dio seguimiento a m\u00e1s de 1.4 millones de nacimientos, con registros de tiempo de gestaci\u00f3n, el peso al nacer y las tasas de prematuridad.<\/p>\n<p>Los investigadores encontraron que en comparaci\u00f3n con los beb\u00e9s concebidos en los primeros cinco meses del a\u00f1o, el tiempo de gestaci\u00f3n disminu\u00eda en los beb\u00e9s concebidos en mayo, cuyo tiempo de gestaci\u00f3n es de un promedio de 0,8 semanas m\u00e1s cortas de lo normal.<\/p>\n<p>El estudio cita una tasa de prematuridad del 7,6 por ciento, y estima que la cifra salta por el 13,2 por ciento de los beb\u00e9s concebidos en mayo.<\/p>\n<p>El n\u00famero de madres que tienen la gripe cuando nacen sus hijos tambi\u00e9n sube cada mes entre las mujeres que dan a luz a principios de a\u00f1o, aumentando fuertemente entre las madres que concibieron en mayo y fueron programados para dar a luz en febrero.<\/p>\n<p>Las cifras de seguimiento de peso siguieron una trayectoria similar, con los beb\u00e9s concebidos en los primeros meses de la zaga los nacidos despu\u00e9s. El estudio encontr\u00f3 que los ni\u00f1os concebidos en mayo fueron un promedio de 10 gramos m\u00e1s ligero que los concebidos en enero y 20 gramos m\u00e1s ligero que los concebidos en junio.<\/p>\n<p>Currie dice que el aumento de peso al nacer tambi\u00e9n est\u00e1 vinculado a la cantidad de peso que las madres ganan durante el embarazo, pero los investigadores todav\u00eda est\u00e1n tratando de determinar si una mayor ganancia de peso entre algunas madres se debe a una la dieta o a otros factores.<\/p>\n<p>Mientras tanto, ella dice que los datos sobre la correlaci\u00f3n entre la temporada de gripe y los per\u00edodos de gestaci\u00f3n m\u00e1s cortos tienen implicaciones de salud inmediatas. &#8220;La implicaci\u00f3n m\u00e1s importante, porque es la que requiere acciones m\u00e1s concretas, es que las mujeres embarazadas deben vacunarse contra la gripe&#8221;, dijo Currie.<\/p>\n","protected":false},"excerpt":{"rendered":"<p>Se ha llevado a cabo por la Universidad de Princeton<\/p>\n","protected":false},"author":2,"featured_media":0,"comment_status":"open","ping_status":"open","sticky":false,"template":"","format":"standard","meta":{"footnotes":""},"categories":[21,24],"tags":[11334],"class_list":["post-452118","post","type-post","status-publish","format-standard","hentry","category-canada","category-mundo","tag-princeton"],"_links":{"self":[{"href":"https:\/\/diarioelpopular.com\/index.php\/wp-json\/wp\/v2\/posts\/452118","targetHints":{"allow":["GET"]}}],"collection":[{"href":"https:\/\/diarioelpopular.com\/index.php\/wp-json\/wp\/v2\/posts"}],"about":[{"href":"https:\/\/diarioelpopular.com\/index.php\/wp-json\/wp\/v2\/types\/post"}],"author":[{"embeddable":true,"href":"https:\/\/diarioelpopular.com\/index.php\/wp-json\/wp\/v2\/users\/2"}],"replies":[{"embeddable":true,"href":"https:\/\/diarioelpopular.com\/index.php\/wp-json\/wp\/v2\/comments?post=452118"}],"version-history":[{"count":2,"href":"https:\/\/diarioelpopular.com\/index.php\/wp-json\/wp\/v2\/posts\/452118\/revisions"}],"predecessor-version":[{"id":452121,"href":"https:\/\/diarioelpopular.com\/index.php\/wp-json\/wp\/v2\/posts\/452118\/revisions\/452121"}],"wp:attachment":[{"href":"https:\/\/diarioelpopular.com\/index.php\/wp-json\/wp\/v2\/media?parent=452118"}],"wp:term":[{"taxonomy":"category","embeddable":true,"href":"https:\/\/diarioelpopular.com\/index.php\/wp-json\/wp\/v2\/categories?post=452118"},{"taxonomy":"post_tag","embeddable":true,"href":"https:\/\/diarioelpopular.com\/index.php\/wp-json\/wp\/v2\/tags?post=452118"}],"curies":[{"name":"wp","href":"https:\/\/api.w.org\/{rel}","templated":true}]}}